{"id":509199,"date":"2025-11-03T16:20:13","date_gmt":"2025-11-03T16:20:13","guid":{"rendered":"https:\/\/www.europesays.com\/fr\/509199\/"},"modified":"2025-11-03T16:20:13","modified_gmt":"2025-11-03T16:20:13","slug":"je-me-suis-toujours-senti-compris-par-le-public-lyonnais","status":"publish","type":"post","link":"https:\/\/www.europesays.com\/fr\/509199\/","title":{"rendered":"\u00ab\u00a0Je me suis toujours senti compris par le public lyonnais\u00a0\u00bb"},"content":{"rendered":"<p>Vincent Delerm est de retour avec un nouvel album (6 ans apr\u00e8s le pr\u00e9c\u00e9dent), son 8e, La Fresque. Et une tourn\u00e9e d\u2019une dizaine de dates en province, apr\u00e8s autant \u00e0 La Cigale, \u00e0 Paris.<\/p>\n<p>On y retrouve sa patte, beaucoup de noms, d\u2019histoires, mais pas seulement\u00a0: l\u2019auteur-compositeur-interpr\u00e8te, qui est aussi photographe et cin\u00e9aste, a construit un univers (et un spectacle) dont il a le secret, et o\u00f9 l\u2019on retrouve toutes les facettes de son (ses) art(s). C\u2019est avec joie qu\u2019il retrouve le public lyonnais et la ville, qu\u2019il aime photographier et o\u00f9, lors de son dernier passage, il avait perdu son appareil photo\u2026 En octobre\u00a02022, expos\u00e9 \u00e0 l\u2019Institut Lumi\u00e8re, il avait perdu son Leica ador\u00e9 et <a href=\"https:\/\/www.leprogres.fr\/culture-loisirs\/2022\/10\/09\/qui-a-vole-l-appareil-photo-de-vincent-delerm\" target=\"_blank\" rel=\"nofollow noopener\">lanc\u00e9 un appel sur les r\u00e9seaux sociaux<\/a>\u00a0; en vain, il ne l\u2019a jamais retrouv\u00e9.<\/p>\n<blockquote class=\"question\"><p>Vous \u00eates de&#8230;<\/p><\/blockquote>\n","protected":false},"excerpt":{"rendered":"Vincent Delerm est de retour avec un nouvel album (6 ans apr\u00e8s le pr\u00e9c\u00e9dent), son 8e, La Fresque.&hellip;\n","protected":false},"author":2,"featured_media":509200,"comment_status":"","ping_status":"","sticky":false,"template":"","format":"standard","meta":{"footnotes":""},"categories":[1889],"tags":[1111,11,2430,1687,2757,1777,674,1011,27,2428,2756,873,12,25,2429],"class_list":{"0":"post-509199","1":"post","2":"type-post","3":"status-publish","4":"format-standard","5":"has-post-thumbnail","7":"category-lyon","8":"tag-actu","9":"tag-actualites","10":"tag-auvergne-rhone-alpes","11":"tag-culture-loisirs","12":"tag-edition-lyon-villeurbanne","13":"tag-eu","14":"tag-europe","15":"tag-fr","16":"tag-france","17":"tag-lyon","18":"tag-lyon-bassin","19":"tag-musique","20":"tag-news","21":"tag-republique-francaise","22":"tag-rhone"},"share_on_mastodon":{"url":"https:\/\/pubeurope.com\/@fr\/115486682265573574","error":""},"_links":{"self":[{"href":"https:\/\/www.europesays.com\/fr\/wp-json\/wp\/v2\/posts\/509199","targetHints":{"allow":["GET"]}}],"collection":[{"href":"https:\/\/www.europesays.com\/fr\/wp-json\/wp\/v2\/posts"}],"about":[{"href":"https:\/\/www.europesays.com\/fr\/wp-json\/wp\/v2\/types\/post"}],"author":[{"embeddable":true,"href":"https:\/\/www.europesays.com\/fr\/wp-json\/wp\/v2\/users\/2"}],"replies":[{"embeddable":true,"href":"https:\/\/www.europesays.com\/fr\/wp-json\/wp\/v2\/comments?post=509199"}],"version-history":[{"count":0,"href":"https:\/\/www.europesays.com\/fr\/wp-json\/wp\/v2\/posts\/509199\/revisions"}],"wp:featuredmedia":[{"embeddable":true,"href":"https:\/\/www.europesays.com\/fr\/wp-json\/wp\/v2\/media\/509200"}],"wp:attachment":[{"href":"https:\/\/www.europesays.com\/fr\/wp-json\/wp\/v2\/media?parent=509199"}],"wp:term":[{"taxonomy":"category","embeddable":true,"href":"https:\/\/www.europesays.com\/fr\/wp-json\/wp\/v2\/categories?post=509199"},{"taxonomy":"post_tag","embeddable":true,"href":"https:\/\/www.europesays.com\/fr\/wp-json\/wp\/v2\/tags?post=509199"}],"curies":[{"name":"wp","href":"https:\/\/api.w.org\/{rel}","templated":true}]}}