{"id":5092,"date":"2025-04-06T11:01:15","date_gmt":"2025-04-06T11:01:15","guid":{"rendered":"https:\/\/www.europesays.com\/fr\/5092\/"},"modified":"2025-04-06T11:01:15","modified_gmt":"2025-04-06T11:01:15","slug":"je-dis-a-la-jeunesse-quelle-a-le-droit-de-rever-installe-pres-de-rennes-ce-membre-du-groupe-tryo-sort-un-album-solo","status":"publish","type":"post","link":"https:\/\/www.europesays.com\/fr\/5092\/","title":{"rendered":"\u00ab\u00a0Je dis \u00e0 la jeunesse qu\u2019elle a le droit de r\u00eaver\u00a0\u00bb\u00a0: install\u00e9 pr\u00e8s de Rennes, ce membre du groupe Tryo sort un album solo"},"content":{"rendered":"<p>Le Mensuel\u00a0: vous sortez votre premier disque solo le 11 avril. Ce projet est-il \u00e0 l\u2019origine de la pause de votre groupe Tryo\u00a0?<\/p>\n<p>Guiz\u00a0: \u00ab\u00a0On avait un besoin r\u00e9el de breaker, apr\u00e8s 30 ans. Tryo n\u2019est pas fini, il est en pause et reviendra s\u00fbrement un jour. On n\u2018est pas f\u00e2ch\u00e9. On avait envie de faire des musiques diff\u00e9rentes. Christophe (Mali) a jet\u00e9 un pav\u00e9 en nous annon\u00e7ant qu\u2019il voulait faire un album solo. Il y a aussi eu le d\u00e9part de Manu (Eveno) en 2019. Il voulait changer de mode de vie, tourner moins\u2026 On n\u2019a pas fait \u00e9norm\u00e9ment d\u2019albums parce qu\u2019on tournait beaucoup. C\u2019\u00e9tait intense\u00a0! Aujourd\u2019hui, quand j\u2019enregistre un morceau en studio, je ne peux pas m\u2019emp\u00eacher de visualiser tout de suite \u00e0 quoi il ressemblera sur sc\u00e8ne.\u00a0\u00bb<\/p>\n<p><a class=\"tlg-kiosque tlg-kiosque-rennes gtm-kiosque-rennes\" href=\"https:\/\/www.lemensuel.com\/rennes\" target=\"_blank\" rel=\"nofollow noopener\"><img decoding=\"async\" src=\"https:\/\/www.europesays.com\/fr\/wp-content\/uploads\/2025\/04\/MDR_une_complete.png\" alt=\"Couverture Mensuel Rennes\"\/><\/p>\n<p>Le Mensuel de Rennes<\/p>\n<p>Magazine curieux et (im)pertinent !<\/p>\n<p>D\u00e9couvrez<\/a>Vous vouliez parler de choses plus intimes, comme dans votre chanson \u00ab\u00a0Mon petit monde\u00a0\u00bb qui aborde la paternit\u00e9\u00a0?<\/p>\n<p>\u00ab\u00a0Oui, elle est adress\u00e9e \u00e0 mon dernier petit gar\u00e7on. Avec Tryo, les chansons devaient parler \u00e0 tout le monde, ne pas \u00eatre trop personnelles. Trente ans de groupe, c\u2019est \u00e9norm\u00e9ment de concessions, de r\u00e9\u00e9critures\u2026 Mon disque contient le morceau \u00ab\u00a0Lover\u00a0\u00bb, qu\u2019on n\u2019a pas pu jouer en quinze ans. Trop personnel. J\u2019ai aussi voulu parler des valeurs que j\u2019ai toujours d\u00e9fendues, comme l\u2019\u00e9cologie et le vivre ensemble. Cette peur croissante de la mont\u00e9e des extr\u00eames qu\u2019on vit en ce moment, entre le trumpisme et l\u2019Europe qui se droitise \u00e0 l\u2019extr\u00eame.<\/p>\n<p>Et puis je dis \u00e0 la jeunesse qu\u2019elle a le droit de r\u00eaver. L\u2019album s\u2019appelle \u00ab\u00a0Utopia\u00a0\u00bb, il est optimiste et joyeux. \u00c7a s\u2018adresse aussi \u00e0 des gens comme moi qui, apr\u00e8s des d\u00e9cennies \u00e0 chanter l\u2019\u00e9cologie, se demandent comment il est possible que ce sujet recule encore. En fait, ce n\u2019est pas vrai. \u00c7a nous a port\u00e9s, \u00e7a nous a amen\u00e9s \u00e0 maintenir nos valeurs, notre envie de vivre comme \u00e7a et pas autrement.\u00a0\u00bb<\/p>\n<blockquote><p>On sort de notre zone de confort, on ne fait pas du Tryo, on ne reprend pas la facilit\u00e9 du \u00ab\u00a0poum-tchak, poum-tchak\u00a0\u00bb<\/p><\/blockquote>\n<p>Pourquoi passer de Guizmo \u00e0 Guiz\u00a0?<\/p>\n<p>\u00ab\u00a0Il y a un rappeur qui s\u2018appelle Guizmo. \u00c7a pr\u00eate \u00e0 confusion pour les plateformes de streaming. Et puis, imagine le festivalier qui croit aller voir son rappeur pr\u00e9f\u00e9r\u00e9 et qui tombe sur moi\u2026 De toute fa\u00e7on, tout le monde m\u2019appelle Guiz.\u00a0\u00bb<\/p>\n<p>Vous changez de style pour glisser vers l\u2018\u00e9lectro rock\u2026<\/p>\n<p>\u00ab\u00a0J\u2018ai toujours aim\u00e9 \u00e7a. J\u2019ai eu la chance d\u2019\u00eatre invit\u00e9 sur des albums par les Tagada Jones. Manu, quand je l\u2019ai rencontr\u00e9, il jouait dans Nicotine, un groupe de hardcore. La musique \u00e9lectro aussi m\u2019a toujours attir\u00e9. On sort de notre zone de confort, on ne fait pas du Tryo, on ne reprend pas la facilit\u00e9 du \u00ab\u00a0poum-tchak, poum-tchak\u00a0\u00bb. Et en m\u00eame temps, ce sont des musiques dans lesquelles je me sens clairement \u00e0 l\u2019aise. Quand je fais une belle balade avec un violoncelle, je me sens \u00e0 ma place. Tout \u00e7a me rend plut\u00f4t enthousiaste.\u00a0\u00bb<\/p>\n<\/p>\n<p>La pr\u00e9sence de Martin Laumond et de Manu Eveno fait qu\u2019il y a quand m\u00eame encore un peu de Tryo dans votre disque\u00a0?<\/p>\n<p>\u00ab\u00a0L\u2019d\u00e9e, c\u2019\u00e9tait de ne pas faire du Tryo. Du moins, qu\u2019on retrouve autre chose de moi\u2026 Mais de toute fa\u00e7on, je fais la moiti\u00e9 des compositions de Tryo et ma voix sera toujours la m\u00eame. Pour cet album, je me suis entour\u00e9 de gens avec qui j\u2018avais envie de travailler. Comme Manu avec qui j\u2019ai commenc\u00e9 la musique, mon bin\u00f4me de toujours. La plupart des morceaux sont du reggae au d\u00e9part. Je les ai confi\u00e9s aux artistes associ\u00e9s sur ce disque. Mais ce sont mes textes et j\u2019ai le final cut. J\u2019ai fait appel \u00e0 DJ Ordoeuvre car on avait travaill\u00e9 ensemble sur deux albums et deux tourn\u00e9es. Martin Laumond, qui rempla\u00e7ait Manu dans Tryo, a une exp\u00e9rience de quatre ans avec \u00c9ric Serra. Quand il a su que Tryo s\u2019arr\u00eatait, c\u2019est lui qui m\u2019a dit \u00ab\u00a0Vas-y, fais ton truc\u00a0\u00bb. Il a fait beaucoup de prod, c\u2019\u00e9tait la bonne personne pour allier l\u2019organique et les machines dans ce projet. Je ne con\u00e7ois pas de faire de la musique seul. Je veux rencontrer des gens et partager.\u00a0\u00bb<\/p>\n<p>Il y a aussi des influences africaines chez Guiz, par exemple avec la chanteuse s\u00e9n\u00e9galaise Mariaa Siga\u2026<\/p>\n<p>\u00ab\u00a0J\u2018ai eu la chance de partir jouer au Niger dans le cadre du projet Desert Rebel il y a plusieurs ann\u00e9es avec Abdallah ag Oumbadougou, Amazigh Kateb, Daniel Jamet de la Mano Negra\u2026 Cette rencontre avec l\u2019Afrique a \u00e9t\u00e9 une aventure folle qui est rest\u00e9e en moi. Quand j\u2019ai eu la proposition de TeKeMat, un groupe rennais, pour travailler\u00a0\u00bb Comme il est \u00ab\u00a0sur des bases africaines, \u00e7a m\u2019a tout de suite parl\u00e9.\u00a0\u00bb<\/p>\n<blockquote><p>L\u00e0, je sors un nouvel album, \u00e7a m\u2019oblige \u00e0 me r\u00e9inventer. C\u2019est \u00e0 la fois joyeux et tr\u00e8s stressant.<\/p><\/blockquote>\n<p>Vous demandez-vous si le public va aussi bien vous recevoir qu\u2019avec Tryo\u00a0?<\/p>\n<p>\u00ab\u00a0Je ne me pose pas trop cette question. Je concentre tout sur le plaisir, donc il n\u2018y a aucune raison que les gens ne le ressentent pas. Je pars en mode commando, je veux pouvoir aller jouer partout. M\u00eame une prison, ou un festival de 5\u00a0000 personnes. Arr\u00eatons de nous mettre la pression, je n\u2019ai plus rien \u00e0 prouver\u00a0! Ma carri\u00e8re est faite, l\u00e0 c\u2019est purement r\u00e9cr\u00e9atif. M\u00eame si Tryo disparaissait d\u00e9finitivement aujourd\u2019hui, le public saurait qu\u2019on a bien boss\u00e9 et qu\u2019on a \u00e9t\u00e9 r\u00e9glo avec lui.\u00a0\u00bb<\/p>\n<p>L\u2019\u00e9tat du monde ne vous d\u00e9prime pas\u00a0?<\/p>\n<p>\u00ab\u00a0Parfois. J\u2018ai un psy. J\u2019ai aussi mes probl\u00e8mes de famille, de couple, de musicien\u2026 L\u00e0, je sors un nouvel album, \u00e7a m\u2019oblige \u00e0 me r\u00e9inventer. C\u2019est \u00e0 la fois joyeux et tr\u00e8s stressant.\u00a0\u00bb<\/p>\n<p>Vous avez mont\u00e9 un \u00e9co-g\u00eete \u00e0 Qu\u00e9briac (35)\u2026<\/p>\n<p>\u00abJ\u2019ai gagn\u00e9 de l\u2019argent et je l\u2019ai investi en grande partie dans cet endroit, avec des panneaux solaires et des mat\u00e9riaux du coin. J\u2019y ai cr\u00e9\u00e9 un studio (La Chouette, NDLR) o\u00f9 j\u2019invite les lyc\u00e9ens \u00e0 enregistrer de la musique, une opportunit\u00e9 qu\u2019ils n\u2019ont jamais eue dans leur vie. Sergent Garcia y est venu l\u2019ann\u00e9e derni\u00e8re, on a m\u00eame fait un album entier avec Dan Ar Braz ici\u2026 Ce lieu, c\u2019est du concret, c\u2019est l\u2019incarnation de l\u2018Hymne de nos campagnes.\u00a0\u00bb<\/p>\n<p><img decoding=\"async\" src=\"https:\/\/www.europesays.com\/fr\/wp-content\/uploads\/2025\/04\/67efd8f08cde3b25d0054702.1.jpeg\" width=\"480\" height=\"300\" class=\"web_golden_m\" loading=\"lazy\" alt=\"\u00ab\u00a0Je dis \u00e0 la jeunesse qu\u2019elle a le droit de r\u00eaver\u00a0\u00bb\u00a0: install\u00e9 pr\u00e8s de Rennes, ce membre du groupe Tryo sort un album solo\"\/> (Photo David Brunet)Une chanson que la nouvelle g\u00e9n\u00e9ration s\u2019est d\u2019ailleurs appropri\u00e9e, tant elle r\u00e9sonne avec l\u2019inqui\u00e9tude li\u00e9e au d\u00e9r\u00e8glement climatique.<\/p>\n<p>\u00ab\u00a0Ce morceau r\u00e9sonne encore plus qu\u2018il y a 25 ans. Les parents le font \u00e9couter \u00e0 leurs enfants, qui se rendent compte qu\u2019il est toujours d\u2019actualit\u00e9. Pareil avec \u00ab\u00a0La Main verte\u00a0\u00bb, qui interroge la politique de notre pays compl\u00e8tement aux fraises sur l\u2019usage des drogues et le discours de pr\u00e9vention.<\/p>\n<p>\u00ab\u00a0J\u2018ai rien pr\u00e9vu pour demain\u00a0\u00bb est aussi tr\u00e8s \u00e9cout\u00e9e par les jeunes, parce qu\u2019ils se rendent compte qu\u2019ils vont devoir faire trois boulots dans leur vie et que leur avenir est incertain. Ils ont envie de vivre au jour le jour.\u00a0\u00bb<\/p>\n<p>On disait souvent que chez Tryo, notre grand mot d\u2018ordre, c\u2019\u00e9tait faire la teuf et essayer de r\u00e9fl\u00e9chir en m\u00eame temps.<\/p>\n<p>\u00ab\u00a0Certains pouvaient voir Tryo comme une bande de joyeux hippies fumeurs de joints, alors qu\u2019il y a \u00e9norm\u00e9ment de boulot derri\u00e8re\u2026<\/p>\n<p>La base du d\u2018un bon concert, c\u2019est quand les gens sont vrais, sinc\u00e8res et qu\u2019ils travaillent dur. Et c\u2019est aussi quand tu as l\u2019impression qu\u2019on n\u2019a rien fichu et que \u00e7a file tout seul. \u00c7a n\u2019a pas l\u2019air comme \u00e7a, mais Tryo bosse \u00e9norm\u00e9ment sur les voix, l\u2019\u00e9criture, la mise en sc\u00e8ne\u2026 Un album, c\u2019est un an de travail soign\u00e9.\u00a0\u00bb<\/p>\n<p>Comment concilier vos engagements \u00e9cologiques et votre vie d\u2018artiste\u00a0?<\/p>\n<p>\u00ab\u00a0Ben, je culpabilise. Parce que je prends l\u2018avion, par exemple. J\u2019ai de la famille \u00e0 La R\u00e9union, et je ne m\u2019emp\u00eacherai pas d\u2019aller les voir. J\u2019y ai aussi fait des ateliers d\u2019\u00e9criture et je monte un projet de chorale avec des enfants. Il faut rappeler qu\u2019avec Tryo, on a fait notre bilan carbone et qu\u2019on l\u2019a distribu\u00e9 \u00e0 toutes les salles de spectacles de France. On a fait rentrer les gobelets lavables dans tous les Zenith, on a \u00e9t\u00e9 pionniers sur les Led, on a tous les plans pour faire les sweatshirts les plus \u00e9quitables possible, on a incit\u00e9 au covoiturage\u2026<\/p>\n<p>J\u2019en ai ras le bol de l\u2019\u00e9cologie culpabilisante. J\u2019ai envie que ce soit Musk ou Macron qui culpabilisent de nous laisser au pied du mur, \u00e0 trier nos d\u00e9chets, \u00e0 essayer de manger le plus correctement possible avec le peu d\u2018argent qu\u2019on gagne tous les mois.\u00a0\u00bb<\/p>\n<blockquote><p>Sans \u00eatre maire, faire partie d\u2019une \u00e9quipe qui ram\u00e8ne du vivre ensemble, \u00e7a me plairait.<\/p><\/blockquote>\n<p>Dans le clip de Carnaval, on vous voit habill\u00e9 en pr\u00e9sident de la R\u00e9publique. Bient\u00f4t candidat\u00a0?<\/p>\n<p>\u00ab\u00a0On m\u2018avait propos\u00e9 d\u2019\u00eatre sur une liste \u00e0 Qu\u00e9briac il y a quelques ann\u00e9es. J\u2019ai refus\u00e9 par manque de temps. Mais pourquoi pas quand je serai \u00e0 la retraite\u00a0? Sans \u00eatre maire, faire partie d\u2019une \u00e9quipe qui ram\u00e8ne du vivre ensemble, \u00e7a me plairait. En attendant, je fais de la politique avec mon micro. Je ne serai jamais candidat \u00e0 la pr\u00e9sidentielle, sauf si le syst\u00e8me change radicalement, \u00e0 commencer par une VIe R\u00e9publique.\u00a0\u00bb<\/p>\n<p>Votre morceau GPT parle de l\u2019intelligence artificielle (IA). Vous la craignez\u00a0?<\/p>\n<p>\u00ab\u00a0Je suis hyper curieux et je pense qu\u2018il ne faut pas en avoir peur. Mais il faut la surveiller. J\u2019ai fait g\u00e9n\u00e9rer un reggae \u00e0 une IA, pour jouer avec mon fils. Il a ador\u00e9 et l\u2019a enregistr\u00e9 dans son t\u00e9l\u00e9phone\u00a0! Ce n\u2019\u00e9tait pas si pourri que \u00e7a. Et je pr\u00e9f\u00e8re le voir construire et inventer avec une IA que regarder toute la journ\u00e9e des conneries sur Netflix. En revanche, quand on m\u2019a propos\u00e9 un clip enti\u00e8rement fait par l\u2019IA, j\u2019ai refus\u00e9. Il y a quand m\u00eame encore des bons r\u00e9alisateurs avec qui on peut faire \u00e7a \u00e0 la roots.<\/p>\n<p>Je me souviens que quand j\u2019ai commenc\u00e9 ma carri\u00e8re, on montait tous les sons \u00e0 la main. Ensuite, le sampling est arriv\u00e9, tout le monde a cri\u00e9 au secours et, finalement, on a fait avec. \u00c7a sera pareil avec l\u2019IA, m\u00eame si je suis content d\u2019avoir v\u00e9cu une p\u00e9riode o\u00f9 elle n\u2019existait pas. Apr\u00e8s, je vais tiquer si elle commence \u00e0 pomper ma musique et ma voix\u2026\u00a0\u00bb<\/p>\n<\/p>\n<p>Que repr\u00e9sente la Bretagne pour vous\u00a0?<\/p>\n<p>\u00ab\u00a0Quand j\u2019avais deux ans, mes parents ont divorc\u00e9. Ma m\u00e8re est partie vivre \u00e0 Tint\u00e9niac pour faire de l\u2018artisanat. Je me suis fait des amis, j\u2019ai d\u00e9couvert la vie \u00e0 la campagne\u2026 \u00c0 c\u00f4t\u00e9 de \u00e7a, je vivais toujours chez mon p\u00e8re dans une bonne vieille cit\u00e9 HLM de banlieue parisienne. Je me suis rendu compte que la Bretagne \u00e9tait une terre de musique et d\u2019accueil, avec des caf\u00e9s-concerts partout. Puis j\u2019y ai rencontr\u00e9 ma femme\u2026\u00a0\u00bb<\/p>\n<p>Verra-t-on Guiz aux prochaines Trans Musicales\u00a0?<\/p>\n<p>\u00ab\u00a0J\u2018adorerais. On les a faites en 1998 avec Tryo, et je m\u2019entends bien avec Jean-Louis (Brossard, programmateur du festival, NDLR). Quoiqu\u2019il arrive, on ira jouer \u00e0 Rennes, c\u2019est s\u00fbr\u00a0!\u00a0\u00bb<\/p>\n","protected":false},"excerpt":{"rendered":"Le Mensuel\u00a0: vous sortez votre premier disque solo le 11 avril. Ce projet est-il \u00e0 l\u2019origine de la&hellip;\n","protected":false},"author":2,"featured_media":5093,"comment_status":"","ping_status":"","sticky":false,"template":"","format":"standard","meta":{"footnotes":""},"categories":[2821],"tags":[1111,11,829,3173,872,1777,674,1011,27,873,12,584,25],"class_list":{"0":"post-5092","1":"post","2":"type-post","3":"status-publish","4":"format-standard","5":"has-post-thumbnail","7":"category-rennes","8":"tag-actu","9":"tag-actualites","10":"tag-bretagne","11":"tag-culture-a-rennes","12":"tag-culture-et-loisirs","13":"tag-eu","14":"tag-europe","15":"tag-fr","16":"tag-france","17":"tag-musique","18":"tag-news","19":"tag-rennes","20":"tag-republique-francaise"},"share_on_mastodon":{"url":"https:\/\/pubeurope.com\/@fr\/114290680401101377","error":""},"_links":{"self":[{"href":"https:\/\/www.europesays.com\/fr\/wp-json\/wp\/v2\/posts\/5092","targetHints":{"allow":["GET"]}}],"collection":[{"href":"https:\/\/www.europesays.com\/fr\/wp-json\/wp\/v2\/posts"}],"about":[{"href":"https:\/\/www.europesays.com\/fr\/wp-json\/wp\/v2\/types\/post"}],"author":[{"embeddable":true,"href":"https:\/\/www.europesays.com\/fr\/wp-json\/wp\/v2\/users\/2"}],"replies":[{"embeddable":true,"href":"https:\/\/www.europesays.com\/fr\/wp-json\/wp\/v2\/comments?post=5092"}],"version-history":[{"count":0,"href":"https:\/\/www.europesays.com\/fr\/wp-json\/wp\/v2\/posts\/5092\/revisions"}],"wp:featuredmedia":[{"embeddable":true,"href":"https:\/\/www.europesays.com\/fr\/wp-json\/wp\/v2\/media\/5093"}],"wp:attachment":[{"href":"https:\/\/www.europesays.com\/fr\/wp-json\/wp\/v2\/media?parent=5092"}],"wp:term":[{"taxonomy":"category","embeddable":true,"href":"https:\/\/www.europesays.com\/fr\/wp-json\/wp\/v2\/categories?post=5092"},{"taxonomy":"post_tag","embeddable":true,"href":"https:\/\/www.europesays.com\/fr\/wp-json\/wp\/v2\/tags?post=5092"}],"curies":[{"name":"wp","href":"https:\/\/api.w.org\/{rel}","templated":true}]}}