{"id":509203,"date":"2025-11-03T16:23:18","date_gmt":"2025-11-03T16:23:18","guid":{"rendered":"https:\/\/www.europesays.com\/fr\/509203\/"},"modified":"2025-11-03T16:23:18","modified_gmt":"2025-11-03T16:23:18","slug":"noel-les-franciliens-nhesitent-pas-a-demander-des-idees-de-cadeaux-a-li-a","status":"publish","type":"post","link":"https:\/\/www.europesays.com\/fr\/509203\/","title":{"rendered":"No\u00ebl\u00a0: les Franciliens n&rsquo;h\u00e9sitent pas \u00e0 demander des id\u00e9es de cadeaux \u00e0 l&rsquo;I.A."},"content":{"rendered":"\n<p style=\"margin-bottom: 0cm;\">Ils auraient m\u00eame tendance \u00e0 utiliser ce nouvel outil plus que la moyenne, selon une \u00e9tude YouGov r\u00e9alis\u00e9e fin octobre 2025 pour la marque de coffrets cadeaux artisanaux Ici Pr\u00e9sent. Dans le d\u00e9tail, un Francilien sur deux (50%) compte utiliser une l&rsquo;I.A., alors que les Fran\u00e7ais sont 37 % en moyenne dans ce as. L\u2019\u00e9tude, men\u00e9e aupr\u00e8s d\u2019un panel repr\u00e9sentatif d\u2019adultes, confirme l&rsquo;importance croissante de l\u2019I.A. dans les pratiques d\u2019achat.<\/p>\n<p lang=\"fr-FR\" style=\"margin-bottom: 0cm; font-style: normal;\">\u00a0<\/p>\n<p lang=\"fr-FR\" style=\"margin-bottom: 0cm;\">Nicolas Chacun<\/p>\n<p>!function(f,b,e,v,n,t,s){if(f.fbq)return;n=f.fbq=function(){n.callMethod?<br \/>\nn.callMethod.apply(n,arguments):n.queue.push(arguments)};if(!f._fbq)f._fbq=n;<br \/>\nn.push=n;n.loaded=!0;n.version=&rsquo;2.0&prime;;n.queue=[];t=b.createElement(e);t.async=!0;<br \/>\nt.src=v;s=b.getElementsByTagName(e)[0];s.parentNode.insertBefore(t,s)}(window,<br \/>\ndocument,&rsquo;script&rsquo;,&rsquo;https:\/\/connect.facebook.net\/en_US\/fbevents.js&rsquo;);<br \/>\nfbq(&lsquo;init&rsquo;, &lsquo;278974969201861&rsquo;); \/\/ Insert your pixel ID here.<br \/>\nfbq(&lsquo;track&rsquo;, &lsquo;PageView&rsquo;);<\/p>\n","protected":false},"excerpt":{"rendered":"Ils auraient m\u00eame tendance \u00e0 utiliser ce nouvel outil plus que la moyenne, selon une \u00e9tude YouGov r\u00e9alis\u00e9e&hellip;\n","protected":false},"author":2,"featured_media":509204,"comment_status":"","ping_status":"","sticky":false,"template":"","format":"standard","meta":{"footnotes":""},"categories":[1592],"tags":[1111,11,1933,1936,1777,1939,674,1011,27,662,1934,12,1940,626,1935,25,1937,1941,1938],"class_list":{"0":"post-509203","1":"post","2":"type-post","3":"status-publish","4":"format-standard","5":"has-post-thumbnail","7":"category-ile-de-france","8":"tag-actu","9":"tag-actualites","10":"tag-actualites-locales","11":"tag-essonne","12":"tag-eu","13":"tag-eure-et-loir","14":"tag-europe","15":"tag-fr","16":"tag-france","17":"tag-ile-de-france","18":"tag-infos-locales","19":"tag-news","20":"tag-oise","21":"tag-paris","22":"tag-pres-de-chez-vous","23":"tag-republique-francaise","24":"tag-seine-et-marne","25":"tag-somme","26":"tag-yvelines"},"share_on_mastodon":{"url":"https:\/\/pubeurope.com\/@fr\/115486694050711937","error":""},"_links":{"self":[{"href":"https:\/\/www.europesays.com\/fr\/wp-json\/wp\/v2\/posts\/509203","targetHints":{"allow":["GET"]}}],"collection":[{"href":"https:\/\/www.europesays.com\/fr\/wp-json\/wp\/v2\/posts"}],"about":[{"href":"https:\/\/www.europesays.com\/fr\/wp-json\/wp\/v2\/types\/post"}],"author":[{"embeddable":true,"href":"https:\/\/www.europesays.com\/fr\/wp-json\/wp\/v2\/users\/2"}],"replies":[{"embeddable":true,"href":"https:\/\/www.europesays.com\/fr\/wp-json\/wp\/v2\/comments?post=509203"}],"version-history":[{"count":0,"href":"https:\/\/www.europesays.com\/fr\/wp-json\/wp\/v2\/posts\/509203\/revisions"}],"wp:featuredmedia":[{"embeddable":true,"href":"https:\/\/www.europesays.com\/fr\/wp-json\/wp\/v2\/media\/509204"}],"wp:attachment":[{"href":"https:\/\/www.europesays.com\/fr\/wp-json\/wp\/v2\/media?parent=509203"}],"wp:term":[{"taxonomy":"category","embeddable":true,"href":"https:\/\/www.europesays.com\/fr\/wp-json\/wp\/v2\/categories?post=509203"},{"taxonomy":"post_tag","embeddable":true,"href":"https:\/\/www.europesays.com\/fr\/wp-json\/wp\/v2\/tags?post=509203"}],"curies":[{"name":"wp","href":"https:\/\/api.w.org\/{rel}","templated":true}]}}