{"id":50921,"date":"2025-04-25T04:54:14","date_gmt":"2025-04-25T04:54:14","guid":{"rendered":"https:\/\/www.europesays.com\/fr\/50921\/"},"modified":"2025-04-25T04:54:14","modified_gmt":"2025-04-25T04:54:14","slug":"la-chine-et-leurope-doivent-travailler-ensemble-face-a-la-guerre-commerciale-americaine","status":"publish","type":"post","link":"https:\/\/www.europesays.com\/fr\/50921\/","title":{"rendered":"La Chine et l&rsquo;Europe doivent travailler ensemble face \u00e0 la guerre commerciale am\u00e9ricaine"},"content":{"rendered":"<p><img width=\"640\" height=\"426\" src=\"https:\/\/www.europesays.com\/fr\/wp-content\/uploads\/2025\/04\/chine-europe-2.jpg\" class=\"attachment-large size-large wp-post-image\" alt=\"\" decoding=\"async\" fetchpriority=\"high\"  \/><\/p>\n<p><strong>\u00ab\u00a0La Chine ne c\u00e9dera rien face \u00e0 la politique tarifaire am\u00e9ricaine ni fond\u00e9e ni tenable, et partage avec l\u2019Europe la responsabilit\u00e9 commune de pr\u00e9server le multilat\u00e9ralisme\u00a0\u00bb, selon Deng Li, ambassadeur de Chine en France, dans une tribune parue le 24 avril dans le journal fran\u00e7ais Les Echos.<\/strong><\/p>\n<p>L\u2019application des droits de douane \u00ab\u00a0r\u00e9ciproques\u00a0\u00bb ne r\u00e9duira pas le d\u00e9ficit commercial am\u00e9ricain dont l\u2019origine se trouve dans le \u00ab\u00a0d\u00e9s\u00e9quilibre \u00e9pargne-consommation\u00a0\u00bb int\u00e9rieur du pays.<\/p>\n<p>Ce dernier a indiqu\u00e9 que \u00ab\u00a0la guerre commerciale lanc\u00e9e par les Etats-Unis nuira \u00e0 sa propre \u00e9conomie et \u00e0 celle du reste du monde, et portera des \u2018coups durs\u2019 au syst\u00e8me \u00e9conomique mondial, dont les Etats-Unis sont pourtant le plus grand b\u00e9n\u00e9ficiaire\u00a0\u00bb.<\/p>\n<p>\u00ab\u00a0Les Etats-Unis (\u2026) veulent justement priver d\u2019autres pays de droits au libre-\u00e9change et au d\u00e9veloppement\u00a0\u00bb, et la communaut\u00e9 internationale s\u2019y oppose. Pour d\u00e9fendre ses int\u00e9r\u00eats et ceux du monde, la Chine \u00ab\u00a0est pr\u00eate \u00e0 r\u00e9gler les diff\u00e9rends par consultation et n\u00e9gociation sur un pied d\u2019\u00e9galit\u00e9\u00a0\u00bb, mais <strong>\u00ab\u00a0nous ne reculerons pas devant le chantage et l\u2019intimidation, et nous nous battrons jusqu\u2019au bout\u00a0\u00bb,<\/strong> a rappel\u00e9 l\u2019ambassadeur de Chine.<\/p>\n<p>\u00ab\u00a0Le protectionnisme m\u00e8ne \u00e0 l\u2019impasse, seules l\u2019ouverture et la coop\u00e9ration sont le bon choix\u00a0\u00bb, a assur\u00e9 Deng Li, ambassadeur de Chine en France, qui a ajout\u00e9 que <strong>\u00ab\u00a0la Chine et l\u2019Europe doivent d\u2019autant plus \u00eatre \u00e0 la hauteur de leurs responsabilit\u00e9s internationales, pr\u00e9server le courant de la mondialisation \u00e9conomique et approfondir la coop\u00e9ration et l\u2019ouverture mutuelle pour les b\u00e9n\u00e9fices communs\u00a0\u00bb.<\/strong><\/p>\n<p>Au lieu de \u00ab\u00a0se soucier des probl\u00e8mes qui pourraient \u00eatre caus\u00e9s par des exportations chinoises\u00a0\u00bb, l\u2019Europe doit saisir \u00ab\u00a0les opportunit\u00e9s offertes par le m\u00e9ga-march\u00e9 chinois de 1,4 milliard d\u2019habitants\u00a0\u00bb, a estim\u00e9 Deng Li, ambassadeur de Chine en France. \u00ab\u00a0La Chine s\u2019ouvrira davantage \u00e0 l\u2019ext\u00e9rieur et entend travailler avec la France (\u2026) dans le but de b\u00e2tir un avenir partag\u00e9 pour la France, la Chine et le monde\u00a0\u00bb.<\/p>\n","protected":false},"excerpt":{"rendered":"\u00ab\u00a0La Chine ne c\u00e9dera rien face \u00e0 la politique tarifaire am\u00e9ricaine ni fond\u00e9e ni tenable, et partage avec&hellip;\n","protected":false},"author":2,"featured_media":50922,"comment_status":"","ping_status":"","sticky":false,"template":"","format":"standard","meta":{"footnotes":""},"categories":[1586],"tags":[11,309,14379,14380,1777,674,1011,27,12,25,364],"class_list":{"0":"post-50921","1":"post","2":"type-post","3":"status-publish","4":"format-standard","5":"has-post-thumbnail","7":"category-europe","8":"tag-actualites","9":"tag-chine","10":"tag-chine-magazine","11":"tag-droits-douane","12":"tag-eu","13":"tag-europe","14":"tag-fr","15":"tag-france","16":"tag-news","17":"tag-republique-francaise","18":"tag-union-europeenne"},"share_on_mastodon":{"url":"https:\/\/pubeurope.com\/@fr\/114396821279541020","error":""},"_links":{"self":[{"href":"https:\/\/www.europesays.com\/fr\/wp-json\/wp\/v2\/posts\/50921","targetHints":{"allow":["GET"]}}],"collection":[{"href":"https:\/\/www.europesays.com\/fr\/wp-json\/wp\/v2\/posts"}],"about":[{"href":"https:\/\/www.europesays.com\/fr\/wp-json\/wp\/v2\/types\/post"}],"author":[{"embeddable":true,"href":"https:\/\/www.europesays.com\/fr\/wp-json\/wp\/v2\/users\/2"}],"replies":[{"embeddable":true,"href":"https:\/\/www.europesays.com\/fr\/wp-json\/wp\/v2\/comments?post=50921"}],"version-history":[{"count":0,"href":"https:\/\/www.europesays.com\/fr\/wp-json\/wp\/v2\/posts\/50921\/revisions"}],"wp:featuredmedia":[{"embeddable":true,"href":"https:\/\/www.europesays.com\/fr\/wp-json\/wp\/v2\/media\/50922"}],"wp:attachment":[{"href":"https:\/\/www.europesays.com\/fr\/wp-json\/wp\/v2\/media?parent=50921"}],"wp:term":[{"taxonomy":"category","embeddable":true,"href":"https:\/\/www.europesays.com\/fr\/wp-json\/wp\/v2\/categories?post=50921"},{"taxonomy":"post_tag","embeddable":true,"href":"https:\/\/www.europesays.com\/fr\/wp-json\/wp\/v2\/tags?post=50921"}],"curies":[{"name":"wp","href":"https:\/\/api.w.org\/{rel}","templated":true}]}}