{"id":509217,"date":"2025-11-03T16:31:14","date_gmt":"2025-11-03T16:31:14","guid":{"rendered":"https:\/\/www.europesays.com\/fr\/509217\/"},"modified":"2025-11-03T16:31:14","modified_gmt":"2025-11-03T16:31:14","slug":"le-suspect-serait-implique-dans-trois-autres-evenements","status":"publish","type":"post","link":"https:\/\/www.europesays.com\/fr\/509217\/","title":{"rendered":"le suspect serait impliqu\u00e9 dans trois autres \u00ab\u00a0\u00e9v\u00e9nements\u00a0\u00bb"},"content":{"rendered":"<p>                      <img loading=\"lazy\" decoding=\"async\" src=\"https:\/\/www.europesays.com\/fr\/wp-content\/uploads\/2025\/11\/daf8dd8_ftp-import-images-1-pmzn1bvkrof3-5343273-01-06.jpg\" alt=\"Devant le tribunal de premi\u00e8re instance de Peterborough, en Angleterre, o\u00f9 compara\u00eet le suspect de l\u2019attaque au couteau survenue samedi dans un train pr\u00e8s de Huntingdon, le 3\u00a0novembre\u00a02025.\"   width=\"664\" height=\"443\"\/>    Devant le tribunal de premi\u00e8re instance de Peterborough, en Angleterre, o\u00f9 compara\u00eet le suspect de l\u2019attaque au couteau survenue samedi dans un train pr\u00e8s de Huntingdon, le 3\u00a0novembre\u00a02025.  CHRIS RADBURN\/AFP                          <\/p>\n<p class=\"article__paragraph  \">L\u2019homme inculp\u00e9 apr\u00e8s une attaque au couteau samedi dans un train en Angleterre est soup\u00e7onn\u00e9 d\u2019\u00eatre \u00e9galement impliqu\u00e9 dans trois \u00ab\u00a0\u00e9v\u00e9nements\u00a0\u00bb survenus la veille et le jour m\u00eame \u00e0 Peterborough, notamment contre un adolescent de 14\u00a0ans, a indiqu\u00e9 lundi 3\u00a0novembre la police du Cambridgeshire.<\/p>\n<p class=\"article__paragraph  \">Anthony Williams, un Britannique de 32\u00a0ans n\u00e9 au Royaume-Uni, a \u00e9t\u00e9 inculp\u00e9 de tentatives de meurtre \u00e0 l\u2019arme blanche contre dix personnes, et contre une onzi\u00e8me plus t\u00f4t dans la m\u00eame journ\u00e9e dans l\u2019est de Londres, \u00e0 une station du r\u00e9seau de m\u00e9tro automatique Docklands Light Rail (DLR). Il a comparu lundi devant un tribunal de Peterborough et a \u00e9t\u00e9 plac\u00e9 en d\u00e9tention provisoire.<\/p>\n<p class=\"article__paragraph  \">Il a \u00e9t\u00e9 interpell\u00e9 apr\u00e8s l\u2019attaque dans le train qui a fait dix bless\u00e9s, samedi aux premi\u00e8res heures du jour dans l\u2019est de Londres, \u00e0 une station du r\u00e9seau de m\u00e9tro automatique Docklands Light Rail (DLR). L\u2019attaque a eu lieu dans un train parti de Doncaster vers la gare londonienne de King\u2019s Cross. Le conducteur a chang\u00e9 d\u2019itin\u00e9raire pour permettre \u00e0 la police et aux secours d\u2019intervenir en gare de Huntingdon, pr\u00e8s de Cambridge, peu avant 21\u00a0heures (heure de Paris).<\/p>\n<p class=\"article__paragraph  \">Cinq des dix personnes bless\u00e9es samedi soir sont toujours hospitalis\u00e9es, dont un employ\u00e9 de la compagnie ferroviaire LNER qui a essay\u00e9 d\u2019arr\u00eater l\u2019assaillant et que la ministre des transports, Heidi Alexander, a qualifi\u00e9 de \u00ab\u00a0h\u00e9ros\u00a0\u00bb.<\/p>\n<p>                                       Lire aussi |  Article r\u00e9serv\u00e9 \u00e0 nos abonn\u00e9s  <a href=\"https:\/\/www.lemonde.fr\/international\/article\/2025\/11\/02\/au-royaume-uni-l-attaque-au-couteau-dans-un-train-relance-un-debat-deja-envenime-sur-la-migration_6651161_3210.html\" class=\"js-article-read-also catcher--favoris__link\" data-premium=\"1\" id=\"article-title-3444782\" rel=\"nofollow noopener\" target=\"_blank\">Attaque au couteau au Royaume-Uni\u00a0: un fait divers brutal dans un contexte social tendu<\/a>    <\/p>\n<p>   Lire plus tard  <\/p>\n<p>                          \u00ab\u00a0Pas connu des services de police antiterroriste\u00a0\u00bb                    <\/p>\n<p class=\"article__paragraph  \">Selon la ministre des transports, Anthony Williams n\u2019\u00e9tait \u00ab\u00a0pas connu des services de police antiterroriste, des services de s\u00e9curit\u00e9\u00a0\u00bb ou du programme britannique de pr\u00e9vention de la radicalisation. Interrog\u00e9e sur Times Radio, la ministre n\u2019a pas \u00e9t\u00e9 en mesure de dire s\u2019il \u00e9tait connu des services psychiatriques.<\/p>\n<p class=\"article__paragraph  \">Le responsable de la police des transports, John Loveless, avait indiqu\u00e9 dimanche que les services antiterroristes collaborent \u00e0 l\u2019enqu\u00eate, mais qu\u2019\u00ab\u00a0\u00e0 ce stade, rien ne sugg\u00e8re qu\u2019il s\u2019agit d\u2019un incident terroriste\u00a0\u00bb. Il s\u2019est \u00e9coul\u00e9 huit minutes entre le moment o\u00f9 le signal d\u2019alarme a \u00e9t\u00e9 tir\u00e9 dans le train et l\u2019arrestation du suspect. Outre le suspect, la police locale avait arr\u00eat\u00e9 samedi un autre homme \u00e2g\u00e9 de 35\u00a0ans, qui a finalement \u00e9t\u00e9 rel\u00e2ch\u00e9, n\u2019\u00e9tant \u00ab\u00a0pas impliqu\u00e9\u00a0\u00bb dans l\u2019attaque.<\/p>\n<p class=\"article__paragraph  \">Une forte pr\u00e9sence polici\u00e8re a \u00e9t\u00e9 d\u00e9ploy\u00e9e dans les gares du pays et sera maintenue pendant plusieurs jours. La ministre des transports a \u00e9galement promis de r\u00e9\u00e9valuer les mesures de s\u00e9curit\u00e9 en vigueur. En Angleterre et au Pays de Galles, o\u00f9 la l\u00e9gislation sur les armes \u00e0 feu est tr\u00e8s stricte, les violences \u00e0 l\u2019arme blanche ont fortement augment\u00e9 ces quinze derni\u00e8res ann\u00e9es, selon des chiffres officiels.<\/p>\n<p>                                       Lire aussi |  Article r\u00e9serv\u00e9 \u00e0 nos abonn\u00e9s  <a href=\"https:\/\/www.lemonde.fr\/societe\/article\/2025\/06\/11\/crimes-au-couteau-au-royaume-uni-pas-de-solution-miracle_6612256_3224.html\" class=\"js-article-read-also catcher--favoris__link\" data-premium=\"1\" id=\"article-title-3426473\" rel=\"nofollow noopener\" target=\"_blank\">Crimes au couteau\u00a0: au Royaume-Uni, pas de solution miracle<\/a>    <\/p>\n<p>   Lire plus tard  <\/p>\n<p class=\"author__detail\">  Le Monde avec AFP  <\/p>\n<p>                <a href=\"https:\/\/www.lemonde.fr\/syndication\/\" class=\"reuse__content\" title=\"R\u00e9utiliser ce contenu\" target=\"_blank\" rel=\"nofollow noopener\">R\u00e9utiliser ce contenu<\/a>      <\/p>\n","protected":false},"excerpt":{"rendered":"Devant le tribunal de premi\u00e8re instance de Peterborough, en Angleterre, o\u00f9 compara\u00eet le suspect de l\u2019attaque au couteau&hellip;\n","protected":false},"author":2,"featured_media":509218,"comment_status":"","ping_status":"","sticky":false,"template":"","format":"standard","meta":{"footnotes":""},"categories":[1588],"tags":[11,1777,674,12,473,1853,1851,1850,1852],"class_list":{"0":"post-509217","1":"post","2":"type-post","3":"status-publish","4":"format-standard","5":"has-post-thumbnail","7":"category-royaume-uni","8":"tag-actualites","9":"tag-eu","10":"tag-europe","11":"tag-news","12":"tag-royaume-uni","13":"tag-royaume-uni-de-grande-bretagne-et-dirlande-du-nord","14":"tag-uk","15":"tag-united-kingdom","16":"tag-united-kingdom-of-great-britain-and-northern-ireland"},"share_on_mastodon":{"url":"https:\/\/pubeurope.com\/@fr\/115486725624026288","error":""},"_links":{"self":[{"href":"https:\/\/www.europesays.com\/fr\/wp-json\/wp\/v2\/posts\/509217","targetHints":{"allow":["GET"]}}],"collection":[{"href":"https:\/\/www.europesays.com\/fr\/wp-json\/wp\/v2\/posts"}],"about":[{"href":"https:\/\/www.europesays.com\/fr\/wp-json\/wp\/v2\/types\/post"}],"author":[{"embeddable":true,"href":"https:\/\/www.europesays.com\/fr\/wp-json\/wp\/v2\/users\/2"}],"replies":[{"embeddable":true,"href":"https:\/\/www.europesays.com\/fr\/wp-json\/wp\/v2\/comments?post=509217"}],"version-history":[{"count":0,"href":"https:\/\/www.europesays.com\/fr\/wp-json\/wp\/v2\/posts\/509217\/revisions"}],"wp:featuredmedia":[{"embeddable":true,"href":"https:\/\/www.europesays.com\/fr\/wp-json\/wp\/v2\/media\/509218"}],"wp:attachment":[{"href":"https:\/\/www.europesays.com\/fr\/wp-json\/wp\/v2\/media?parent=509217"}],"wp:term":[{"taxonomy":"category","embeddable":true,"href":"https:\/\/www.europesays.com\/fr\/wp-json\/wp\/v2\/categories?post=509217"},{"taxonomy":"post_tag","embeddable":true,"href":"https:\/\/www.europesays.com\/fr\/wp-json\/wp\/v2\/tags?post=509217"}],"curies":[{"name":"wp","href":"https:\/\/api.w.org\/{rel}","templated":true}]}}