{"id":509223,"date":"2025-11-03T16:34:16","date_gmt":"2025-11-03T16:34:16","guid":{"rendered":"https:\/\/www.europesays.com\/fr\/509223\/"},"modified":"2025-11-03T16:34:16","modified_gmt":"2025-11-03T16:34:16","slug":"municipales-2026-comment-voter-si-on-est-ressortissant-dun-autre-pays-de-lunion-europeenne","status":"publish","type":"post","link":"https:\/\/www.europesays.com\/fr\/509223\/","title":{"rendered":"Municipales 2026\u00a0: comment voter si on est ressortissant d\u2019un autre pays de l\u2019Union europ\u00e9enne"},"content":{"rendered":"<p class=\"paragraph text_align_left lp-f-body-02\">Pour <a href=\"https:\/\/www.leparisien.fr\/elections\/municipales\/\" target=\"_blank\" rel=\"noreferrer nofollow noopener\">les prochaines \u00e9lections municipales<\/a>, les Fran\u00e7ais ne seront sans doute pas les seuls \u00e0 voter\u2026 en France. Tout comme pour <a href=\"https:\/\/www.leparisien.fr\/elections\/europeennes\/\" target=\"_blank\" rel=\"noreferrer nofollow noopener\">les \u00e9lections europ\u00e9ennes<\/a>, certains citoyens de pays membres de l\u2019Union europ\u00e9enne (UE) et n\u2019ayant pas la nationalit\u00e9 fran\u00e7aise peuvent participer au scrutin, comme l\u2019explique <a href=\"https:\/\/www.service-public.gouv.fr\/particuliers\/vosdroits\/F1937\" target=\"_blank\" rel=\"noreferrer nofollow noopener\">service-public<\/a>. Il faut pour cela \u00ab \u00eatre inscrit sur les listes \u00e9lectorales fran\u00e7aises \u00bb.<\/p>\n<p class=\"paragraph text_align_left lp-f-body-02\">Comment cela fonctionne-t-il ? Il y a dans ce cas quatre crit\u00e8res \u00e0 respecter : \u00eatre ressortissant d\u2019un pays de l\u2019UE autre que la France, habiter en France, avoir au moins 18 ans la veille du 1er tour de l\u2019\u00e9lection et \u00ab jouir de [ses] droits civils et politiques en France et dans son pays d\u2019origine \u00bb. En clair, les conditions sont globalement les m\u00eames que pour tout ressortissant fran\u00e7ais. Pour les \u00e9lections europ\u00e9ennes, il est impossible de voter en France et dans son pays d\u2019origine, mais cela ne s\u2019applique pas pour les municipales.<\/p>\n<p>Plusieurs communes de vote possibles<\/p>\n<p class=\"paragraph text_align_left lp-f-body-02\">Pour s\u2019inscrire sur les listes \u00e9lectorales, la proc\u00e9dure est \u00e9galement similaire. Elle peut se faire en ligne, sur place ou par courrier au sein de la \u00ab commune de votre domicile \u00bb, de celle \u00ab o\u00f9 vous r\u00e9sidez depuis au moins six mois \u00bb, de celle \u00ab o\u00f9 vous \u00eates soumis aux imp\u00f4ts locaux depuis au moins deux ans \u00bb ou de celle \u00ab o\u00f9 est install\u00e9e \u00bb votre soci\u00e9t\u00e9.<\/p>\n<p class=\"paragraph text_align_left lp-f-body-02\">Une fois l\u2019inscription valid\u00e9e, le citoyen europ\u00e9en recevra \u00ab une carte \u00e9lectorale d\u2019un mod\u00e8le sp\u00e9cial \u00bb. \u00ab Cette carte est valable uniquement pour voter lors des \u00e9lections municipales et\/ou europ\u00e9ennes \u00bb, insiste service-public. Le jour du vote, la proc\u00e9dure est exactement la m\u00eame que pour un citoyen fran\u00e7ais.<\/p>\n","protected":false},"excerpt":{"rendered":"Pour les prochaines \u00e9lections municipales, les Fran\u00e7ais ne seront sans doute pas les seuls \u00e0 voter\u2026 en France.&hellip;\n","protected":false},"author":2,"featured_media":509224,"comment_status":"","ping_status":"","sticky":false,"template":"","format":"standard","meta":{"footnotes":""},"categories":[1586],"tags":[11,5949,1777,674,1779,1011,27,3554,12,316,25,1778,364],"class_list":{"0":"post-509223","1":"post","2":"type-post","3":"status-publish","4":"format-standard","5":"has-post-thumbnail","7":"category-europe","8":"tag-actualites","9":"tag-elections","10":"tag-eu","11":"tag-europe","12":"tag-european-union","13":"tag-fr","14":"tag-france","15":"tag-municipales","16":"tag-news","17":"tag-politique","18":"tag-republique-francaise","19":"tag-ue","20":"tag-union-europeenne"},"share_on_mastodon":{"url":"https:\/\/pubeurope.com\/@fr\/115486737303543635","error":""},"_links":{"self":[{"href":"https:\/\/www.europesays.com\/fr\/wp-json\/wp\/v2\/posts\/509223","targetHints":{"allow":["GET"]}}],"collection":[{"href":"https:\/\/www.europesays.com\/fr\/wp-json\/wp\/v2\/posts"}],"about":[{"href":"https:\/\/www.europesays.com\/fr\/wp-json\/wp\/v2\/types\/post"}],"author":[{"embeddable":true,"href":"https:\/\/www.europesays.com\/fr\/wp-json\/wp\/v2\/users\/2"}],"replies":[{"embeddable":true,"href":"https:\/\/www.europesays.com\/fr\/wp-json\/wp\/v2\/comments?post=509223"}],"version-history":[{"count":0,"href":"https:\/\/www.europesays.com\/fr\/wp-json\/wp\/v2\/posts\/509223\/revisions"}],"wp:featuredmedia":[{"embeddable":true,"href":"https:\/\/www.europesays.com\/fr\/wp-json\/wp\/v2\/media\/509224"}],"wp:attachment":[{"href":"https:\/\/www.europesays.com\/fr\/wp-json\/wp\/v2\/media?parent=509223"}],"wp:term":[{"taxonomy":"category","embeddable":true,"href":"https:\/\/www.europesays.com\/fr\/wp-json\/wp\/v2\/categories?post=509223"},{"taxonomy":"post_tag","embeddable":true,"href":"https:\/\/www.europesays.com\/fr\/wp-json\/wp\/v2\/tags?post=509223"}],"curies":[{"name":"wp","href":"https:\/\/api.w.org\/{rel}","templated":true}]}}