{"id":509233,"date":"2025-11-03T16:45:16","date_gmt":"2025-11-03T16:45:16","guid":{"rendered":"https:\/\/www.europesays.com\/fr\/509233\/"},"modified":"2025-11-03T16:45:16","modified_gmt":"2025-11-03T16:45:16","slug":"une-conti-pour-un-coureur-du-cc-villeneuve-saint-germain-actualite","status":"publish","type":"post","link":"https:\/\/www.europesays.com\/fr\/509233\/","title":{"rendered":"Une Conti pour un coureur du CC Villeneuve Saint-Germain &#8211; Actualit\u00e9"},"content":{"rendered":"<p style=\"text-align: justify;\">Apr\u00e8s une saison au CC Villeneuve Saint-Germain, Gusts Lapins va revenir au niveau Continental. L\u2019ancien coureur de Voltas-Tartu 2024 by CCN s\u2019est engag\u00e9 pour 2026 avec UN Cycling Team x Py\u00f6r\u00e4varikko.<\/p>\n<p>Gusts Lapins, 20 ans, est le Champion de Lettonie Espoirs. Il a termin\u00e9 3e du Prix de Chaudun, 6e des Boucles entre Beauce-et-Perche, 7e du Grand Prix de Ham, 9e du Grand Prix de Gouy-sous-Bellonne, 10e d\u2019une manche du Circuit des Plages Vend\u00e9ennes, 10e d\u2019une \u00e9tape du Souvenir Patrick-Metz, du Grand Prix Souvenir Ren\u00e9 Huel \u00e0 Saint-Quentin et du Grand Prix de Saint-Quentin ou encore 14e du Grand Prix d&rsquo;Onjon.<\/p>\n<p>Pour rappel, la nouvelle Conti finlandaise a \u00e9galement recrut\u00e9 <strong><a href=\"https:\/\/www.directvelo.com\/actualite\/124936\/riko-tammepuu-passe-en-conti\" target=\"_blank\" rel=\"noopener\">Riko Tammepuu<\/a><\/strong>, qui arrive de l\u2019U19 Academy R\u00e9gion Sud Powered by Giant.<\/p>\n<p>Retrouvez toutes les mutations de l\u2019intersaison 2025-2026<strong>\u00a0<a href=\"https:\/\/www.directvelo.com\/mutations\/2026#amateur-dn2\" target=\"_blank\" rel=\"noopener\">en cliquant ici<\/a>.<\/strong><\/p>\n","protected":false},"excerpt":{"rendered":"Apr\u00e8s une saison au CC Villeneuve Saint-Germain, Gusts Lapins va revenir au niveau Continental. L\u2019ancien coureur de Voltas-Tartu&hellip;\n","protected":false},"author":2,"featured_media":509234,"comment_status":"","ping_status":"","sticky":false,"template":"","format":"standard","meta":{"footnotes":""},"categories":[1411],"tags":[834,828,836,829,837,827,83,826,824,823,1154,207,814,817,815,816,822,821,832,211,839,1011,27,820,818,819,835,831,830,833,838,60,212,208,825],"class_list":{"0":"post-509233","1":"post","2":"type-post","3":"status-publish","4":"format-standard","5":"has-post-thumbnail","7":"category-cyclisme","8":"tag-attaque","9":"tag-belgique","10":"tag-braquet","11":"tag-bretagne","12":"tag-chute","13":"tag-competition","14":"tag-coupe-de-france","15":"tag-coureur","16":"tag-course-cyclisme","17":"tag-course-cycliste","18":"tag-cycling","19":"tag-cyclisme","20":"tag-direct","21":"tag-direct-velo","22":"tag-directvelo","23":"tag-directvelo-com","24":"tag-epreuve","25":"tag-epreuve-cycliste","26":"tag-federation-francaise-de-cyclisme","27":"tag-ffc","28":"tag-flandres","29":"tag-fr","30":"tag-france","31":"tag-live","32":"tag-live-course","33":"tag-live-epreuve","34":"tag-peloton","35":"tag-radio-peloton","36":"tag-radio-tour","37":"tag-ravitaillement","38":"tag-relance","39":"tag-sports","40":"tag-uci","41":"tag-velo","42":"tag-velos"},"share_on_mastodon":{"url":"https:\/\/pubeurope.com\/@fr\/115486780606283648","error":""},"_links":{"self":[{"href":"https:\/\/www.europesays.com\/fr\/wp-json\/wp\/v2\/posts\/509233","targetHints":{"allow":["GET"]}}],"collection":[{"href":"https:\/\/www.europesays.com\/fr\/wp-json\/wp\/v2\/posts"}],"about":[{"href":"https:\/\/www.europesays.com\/fr\/wp-json\/wp\/v2\/types\/post"}],"author":[{"embeddable":true,"href":"https:\/\/www.europesays.com\/fr\/wp-json\/wp\/v2\/users\/2"}],"replies":[{"embeddable":true,"href":"https:\/\/www.europesays.com\/fr\/wp-json\/wp\/v2\/comments?post=509233"}],"version-history":[{"count":0,"href":"https:\/\/www.europesays.com\/fr\/wp-json\/wp\/v2\/posts\/509233\/revisions"}],"wp:featuredmedia":[{"embeddable":true,"href":"https:\/\/www.europesays.com\/fr\/wp-json\/wp\/v2\/media\/509234"}],"wp:attachment":[{"href":"https:\/\/www.europesays.com\/fr\/wp-json\/wp\/v2\/media?parent=509233"}],"wp:term":[{"taxonomy":"category","embeddable":true,"href":"https:\/\/www.europesays.com\/fr\/wp-json\/wp\/v2\/categories?post=509233"},{"taxonomy":"post_tag","embeddable":true,"href":"https:\/\/www.europesays.com\/fr\/wp-json\/wp\/v2\/tags?post=509233"}],"curies":[{"name":"wp","href":"https:\/\/api.w.org\/{rel}","templated":true}]}}