{"id":50924,"date":"2025-04-25T04:56:08","date_gmt":"2025-04-25T04:56:08","guid":{"rendered":"https:\/\/www.europesays.com\/fr\/50924\/"},"modified":"2025-04-25T04:56:08","modified_gmt":"2025-04-25T04:56:08","slug":"trump-veut-ouvrir-lextraction-miniere-sous-marine-y-compris-en-eaux-internationales","status":"publish","type":"post","link":"https:\/\/www.europesays.com\/fr\/50924\/","title":{"rendered":"Trump veut ouvrir l&rsquo;extraction mini\u00e8re sous-marine, y compris en eaux internationales"},"content":{"rendered":"<p>Ce passage en force du pr\u00e9sident am\u00e9ricain h\u00e9risse des associations de protection de l\u2019environnement, qui alertent sur les d\u00e9g\u00e2ts qu\u2019occasionnerait une telle exploitation sur les \u00e9cosyst\u00e8mes marins.<\/p>\n<p class=\"fig-paragraph\"><a href=\"http:\/\/www.lefigaro.fr\/international\/sondages-inquietants-rebellions-internes-ces-premieres-resistances-auxquelles-donald-trump-doit-faire-face-20250424\" target=\"_blank\" data-fig-type=\"NewsFlash\" rel=\"noopener nofollow\" data-gtm-custom-categorie=\"navigation\" data-gtm-custom-action=\"crossclick\" data-gtm-custom-label=\"Contextuel\" data-gtm-event=\"customEventSPE\" data-fig-domain=\"LEFIGARO\">Donald Trump<\/a>\u00a0a sign\u00e9 jeudi 24 avril un d\u00e9cret destin\u00e9 \u00e0 ouvrir l&rsquo;extraction \u00e0 grande \u00e9chelle de minerais\u00a0<a href=\"http:\/\/www.lefigaro.fr\/international\/les-negociations-sur-l-exploitation-des-fonds-marins-ont-commence-a-kingston-les-ong-s-inquietent-20230712\" target=\"_blank\" data-fig-type=\"Article\" rel=\"noopener nofollow\" data-gtm-custom-categorie=\"navigation\" data-gtm-custom-action=\"crossclick\" data-gtm-custom-label=\"Contextuel\" data-gtm-event=\"customEventSPE\" data-fig-domain=\"LEFIGARO\">dans les grands fonds oc\u00e9aniques<\/a>, y compris en eaux internationales, une remise en cause de l&rsquo;Autorit\u00e9 internationale des fonds marin (AIFM), th\u00e9oriquement comp\u00e9tente en haute mer. Ce passage en force du pr\u00e9sident am\u00e9ricain h\u00e9risse des associations de protection de l\u2019environnement, qui alertent sur les d\u00e9g\u00e2ts qu\u2019aurait une telle exploitation sur les \u00e9cosyst\u00e8mes marins. Le texte demande au secr\u00e9taire au Commerce, Howard Lutnick, \u00abd&rsquo;acc\u00e9l\u00e9rer l&rsquo;examen\u00bb de candidatures \u00abet la d\u00e9livrance de permis d&rsquo;exploration et d&rsquo;extraction\u00bb de min\u00e9raux \u00abau-del\u00e0 des juridictions\u00bb am\u00e9ricaines. Il saisit \u00e9galement le ministre de l&rsquo;Int\u00e9rieur, Doug Burgum, pour en faire de m\u00eame pour les eaux territoriales.<\/p>\n<p class=\"fig-paragraph\">L&rsquo;initiative doit permettre de collecter un milliard de tonnes de mat\u00e9riaux en dix ans, a indiqu\u00e9 un haut responsable am\u00e9ricain. L&rsquo;AIFM a juridiction sur les fonds marins des eaux internationales, en vertu d&rsquo;accords que les \u00c9tats-Unis n&rsquo;ont, n\u00e9anmoins, jamais ratifi\u00e9s. Le d\u00e9cret enjoint \u00e9galement le secr\u00e9taire au Commerce de pr\u00e9parer un rapport sur \u00abla faisabilit\u00e9 d&rsquo;un m\u00e9canisme de partage\u00bb du produit des fonds marins. \u00abEn se lan\u00e7ant dans l&rsquo;extraction mini\u00e8re en eaux internationales, \u00e0 contrepied du reste du monde, le gouvernement ouvre la voie \u00e0 d&rsquo;autres pays pour en faire de m\u00eame\u00bb, a r\u00e9agi Jeff Watters, vice-pr\u00e9sident de l&rsquo;ONG Ocean Conservancy, dans un communiqu\u00e9. \u00abEt cela aura des cons\u00e9quences n\u00e9gatives pour nous tous et pour les oc\u00e9ans dont nous d\u00e9pendons\u00bb, a-t-il pr\u00e9venu.<\/p>\n<p>100.000 emplois attendus<\/p>\n<p class=\"fig-paragraph\">Aucune extraction mini\u00e8re commerciale n&rsquo;a encore eu lieu dans les fonds marins, aux \u00c9tats-Unis ou ailleurs. Certains \u00c9tats ont, en revanche, d\u00e9j\u00e0 octroy\u00e9 des permis d&rsquo;exploration dans leurs zones \u00e9conomiques exclusives, notamment le Japon et les \u00eeles Cook. Le gouvernement Trump estime que l&rsquo;extraction mini\u00e8re en eaux profondes pourrait cr\u00e9er 100.000 emplois et augmenter de 300 milliards de dollars le produit int\u00e9rieur brut (PIB) des \u00c9tats-Unis, sur 10 ans toujours, a indiqu\u00e9 un responsable. \u00abNous voulons que les \u00c9tats-Unis devancent la Chine dans ce domaine\u00bb, a expliqu\u00e9 cette source.<\/p>\n<p class=\"fig-paragraph\">L&rsquo;extraction concerne principalement\u00a0<a href=\"https:\/\/www.lefigaro.fr\/sciences\/2016\/08\/18\/01008-20160818ARTFIG00220-au-fond-de-l-ocean-les-nodules-polymetalliques-sont-associes-a-une-forte-biodiversite.php\" target=\"_blank\" data-fig-type=\"Article\" rel=\"noopener nofollow\" data-gtm-custom-categorie=\"navigation\" data-gtm-custom-action=\"crossclick\" data-gtm-custom-label=\"Contextuel\" data-gtm-event=\"customEventSPE\" data-fig-domain=\"LEFIGARO\">les nodules polym\u00e9talliques<\/a>, des sortes de galets pos\u00e9s sur les fonds marins, riches en min\u00e9raux comme le mangan\u00e8se, le nickel, le cobalt, le cuivre ou les terres rares. Ces derni\u00e8res sont des m\u00e9taux aux propri\u00e9t\u00e9s magn\u00e9tiques tr\u00e8s pris\u00e9es pour les v\u00e9hicules \u00e9lectriques, panneaux solaires, mais aussi smartphones et ordinateurs portables. \u00abLes \u00c9tats-Unis font face \u00e0 un d\u00e9fi \u00e9conomique et de s\u00e9curit\u00e9 nationale sans pr\u00e9c\u00e9dent, \u00e0 savoir la s\u00e9curisation de leurs approvisionnements en min\u00e9raux critiques sans en passer par des adversaires \u00e9trangers\u00bb, fait valoir le d\u00e9cret.<\/p>\n<p class=\"fig-paragraph\">L&rsquo;entreprise canadienne The Metals Company (TMC) a annonc\u00e9 en 2025 son intention de contourner l&rsquo;AIFM en demandant prochainement le feu vert des \u00c9tats-Unis pour commencer \u00e0 exploiter des minerais en haute mer. De nombreuses organisations de d\u00e9fense de l&rsquo;environnement s&rsquo;opposent \u00e0 l&rsquo;extraction mini\u00e8re qu&rsquo;elles accusent de menacer gravement l&rsquo;\u00e9cosyst\u00e8me marin.<\/p>\n","protected":false},"excerpt":{"rendered":"Ce passage en force du pr\u00e9sident am\u00e9ricain h\u00e9risse des associations de protection de l\u2019environnement, qui alertent sur les&hellip;\n","protected":false},"author":2,"featured_media":50925,"comment_status":"","ping_status":"","sticky":false,"template":"","format":"standard","meta":{"footnotes":""},"categories":[2],"tags":[259,11,260,75,1011,27,14,261,12,262,25],"class_list":{"0":"post-50924","1":"post","2":"type-post","3":"status-publish","4":"format-standard","5":"has-post-thumbnail","7":"category-actualites","8":"tag-actualite-internationale","9":"tag-actualites","10":"tag-affaires-etrangeres","11":"tag-donald-trump","12":"tag-fr","13":"tag-france","14":"tag-international","15":"tag-ministere-des-affaires-etrangeres","16":"tag-news","17":"tag-politique-etrangere","18":"tag-republique-francaise"},"share_on_mastodon":{"url":"https:\/\/pubeurope.com\/@fr\/114396829024524362","error":""},"_links":{"self":[{"href":"https:\/\/www.europesays.com\/fr\/wp-json\/wp\/v2\/posts\/50924","targetHints":{"allow":["GET"]}}],"collection":[{"href":"https:\/\/www.europesays.com\/fr\/wp-json\/wp\/v2\/posts"}],"about":[{"href":"https:\/\/www.europesays.com\/fr\/wp-json\/wp\/v2\/types\/post"}],"author":[{"embeddable":true,"href":"https:\/\/www.europesays.com\/fr\/wp-json\/wp\/v2\/users\/2"}],"replies":[{"embeddable":true,"href":"https:\/\/www.europesays.com\/fr\/wp-json\/wp\/v2\/comments?post=50924"}],"version-history":[{"count":0,"href":"https:\/\/www.europesays.com\/fr\/wp-json\/wp\/v2\/posts\/50924\/revisions"}],"wp:featuredmedia":[{"embeddable":true,"href":"https:\/\/www.europesays.com\/fr\/wp-json\/wp\/v2\/media\/50925"}],"wp:attachment":[{"href":"https:\/\/www.europesays.com\/fr\/wp-json\/wp\/v2\/media?parent=50924"}],"wp:term":[{"taxonomy":"category","embeddable":true,"href":"https:\/\/www.europesays.com\/fr\/wp-json\/wp\/v2\/categories?post=50924"},{"taxonomy":"post_tag","embeddable":true,"href":"https:\/\/www.europesays.com\/fr\/wp-json\/wp\/v2\/tags?post=50924"}],"curies":[{"name":"wp","href":"https:\/\/api.w.org\/{rel}","templated":true}]}}