{"id":509240,"date":"2025-11-03T16:50:18","date_gmt":"2025-11-03T16:50:18","guid":{"rendered":"https:\/\/www.europesays.com\/fr\/509240\/"},"modified":"2025-11-03T16:50:18","modified_gmt":"2025-11-03T16:50:18","slug":"un-ancien-chroniqueur-de-touche-pas-a-mon-poste-est-decede-a-71-ans","status":"publish","type":"post","link":"https:\/\/www.europesays.com\/fr\/509240\/","title":{"rendered":"Un ancien chroniqueur de \u00ab\u00a0Touche pas \u00e0 mon poste\u00a0\u00bb est d\u00e9c\u00e9d\u00e9 \u00e0 71 ans"},"content":{"rendered":"<p><a href=\"https:\/\/www.lalibre.be\/lifestyle\/people\/2025\/10\/14\/une-chroniqueuse-de-tpmp-prete-a-rejoindre-la-nouvelle-emission-de-cyril-hanouna-CT7GHB4O5VHDLD46GPONEXLEBI\/\" target=\"_self\" class=\"ap-StoryInterstitialLink ap-StoryElement ap-StoryElement--mb\" rel=\"nofollow noopener\">Une chroniqueuse de \u00ab\u00a0TPMP\u00a0\u00bb pr\u00eate \u00e0 rejoindre la nouvelle \u00e9mission de Cyril Hanouna<\/a><img loading=\"lazy\" decoding=\"async\" class=\"w-full lazyload lazyload--opacity object-contain\" style=\"aspect-ratio:166 \/ 100;opacity:1\" alt=\"Un ancien chroniqueur de &quot;Touche pas \u00e0 mon poste&quot; est d\u00e9c\u00e9d\u00e9 \u00e0 71 ans \" width=\"768\" height=\"463\" fetchpriority=\"auto\" src=\"https:\/\/www.europesays.com\/fr\/wp-content\/uploads\/2025\/04\/S5VKD3X55FFF3BW6V4SEHXNP7I.png\"  data- data-optimumx=\"1\"\/><\/p>\n<p class=\"ap-StoryElement ap-StoryElement--mb ap-StoryText\">Fin connaisseur de la politique fran\u00e7aise, Renaud Revel avait co-r\u00e9alis\u00e9 plusieurs documentaires parmi lesquels on retrouve Derniers jours \u00e0 Matignon, consacr\u00e9 \u00e0 l&rsquo;ancien Premier ministre fran\u00e7ais Jean Castex, en 2022. Il \u00e9tait \u00e9galement l&rsquo;auteur de plusieurs bouquins tels que L&rsquo;\u00c9g\u00e9rie : L&rsquo;\u00e9nigme Claude Chirac, en 2007, Les Amazones de la R\u00e9publique, en 2013, Les Cardinaux de la R\u00e9publique, en 2016 ou encore Les Visiteurs du soir. Ce qu&rsquo;ils disent \u00e0 l&rsquo;oreille du Pr\u00e9sident, en 2021.<\/p>\n<p><a href=\"https:\/\/www.lalibre.be\/lifestyle\/people\/2025\/03\/19\/violence-menaces-emploi-fictif-humiliations-une-enquete-de-mediapart-denonce-les-methodes-de-cyril-hanouna-GYUXU6NC2BBHTD6B4UTGW6D4RI\/\" target=\"_self\" class=\"ap-StoryInterstitialLink ap-StoryElement ap-StoryElement--mb\" rel=\"nofollow noopener\">Les d\u00e9rives de Cyril Hanouna<\/a><\/p>\n<p class=\"ap-StoryElement ap-StoryElement--mb ap-StoryText\">Le journaliste a \u00e9galement publi\u00e9 les livres Johnny, les 100 jours o\u00f9 tout a bascul\u00e9, en 2010. et Madame DSK : Un destin bris\u00e9, en 2011.<\/p>\n<p class=\"ap-StoryElement ap-StoryElement--mb ap-StoryText\">En janvier prochain, il devait sortir le livre Homo Politicus, \u00ab\u00a0un tour d&rsquo;horizon de l&rsquo;homosexualit\u00e9 en politique, des ann\u00e9es Charles de Gaulle \u00e0 celles d&rsquo;Emmanuel Macron\u00a0\u00bb, chez First \u00c9ditions.<\/p>\n","protected":false},"excerpt":{"rendered":"Une chroniqueuse de \u00ab\u00a0TPMP\u00a0\u00bb pr\u00eate \u00e0 rejoindre la nouvelle \u00e9mission de Cyril Hanouna Fin connaisseur de la politique&hellip;\n","protected":false},"author":2,"featured_media":509241,"comment_status":"","ping_status":"","sticky":false,"template":"","format":"standard","meta":{"footnotes":""},"categories":[1356],"tags":[7278,1083,58,59,1011,27,252,549,550,1364],"class_list":{"0":"post-509240","1":"post","2":"type-post","3":"status-publish","4":"format-standard","5":"has-post-thumbnail","7":"category-television","8":"tag-c8","9":"tag-cyril-hanouna","10":"tag-divertissement","11":"tag-entertainment","12":"tag-fr","13":"tag-france","14":"tag-television","15":"tag-touche-pas-a-mon-poste","16":"tag-tpmp","17":"tag-tv"},"share_on_mastodon":{"url":"https:\/\/pubeurope.com\/@fr\/115486801289626419","error":""},"_links":{"self":[{"href":"https:\/\/www.europesays.com\/fr\/wp-json\/wp\/v2\/posts\/509240","targetHints":{"allow":["GET"]}}],"collection":[{"href":"https:\/\/www.europesays.com\/fr\/wp-json\/wp\/v2\/posts"}],"about":[{"href":"https:\/\/www.europesays.com\/fr\/wp-json\/wp\/v2\/types\/post"}],"author":[{"embeddable":true,"href":"https:\/\/www.europesays.com\/fr\/wp-json\/wp\/v2\/users\/2"}],"replies":[{"embeddable":true,"href":"https:\/\/www.europesays.com\/fr\/wp-json\/wp\/v2\/comments?post=509240"}],"version-history":[{"count":0,"href":"https:\/\/www.europesays.com\/fr\/wp-json\/wp\/v2\/posts\/509240\/revisions"}],"wp:featuredmedia":[{"embeddable":true,"href":"https:\/\/www.europesays.com\/fr\/wp-json\/wp\/v2\/media\/509241"}],"wp:attachment":[{"href":"https:\/\/www.europesays.com\/fr\/wp-json\/wp\/v2\/media?parent=509240"}],"wp:term":[{"taxonomy":"category","embeddable":true,"href":"https:\/\/www.europesays.com\/fr\/wp-json\/wp\/v2\/categories?post=509240"},{"taxonomy":"post_tag","embeddable":true,"href":"https:\/\/www.europesays.com\/fr\/wp-json\/wp\/v2\/tags?post=509240"}],"curies":[{"name":"wp","href":"https:\/\/api.w.org\/{rel}","templated":true}]}}