{"id":509250,"date":"2025-11-03T16:55:21","date_gmt":"2025-11-03T16:55:21","guid":{"rendered":"https:\/\/www.europesays.com\/fr\/509250\/"},"modified":"2025-11-03T16:55:21","modified_gmt":"2025-11-03T16:55:21","slug":"pierre-jean-chalencon-choque-en-qualifiant-rachida-dati-de-reine-du-couscous-larcom-saisie","status":"publish","type":"post","link":"https:\/\/www.europesays.com\/fr\/509250\/","title":{"rendered":"Pierre-Jean Chalen\u00e7on choque en qualifiant Rachida Dati de \u00ab\u00a0reine du couscous\u00a0\u00bb, l\u2019Arcom saisie"},"content":{"rendered":"<p>Aur\u00e9lien Saintoul, d\u00e9put\u00e9 <a href=\"https:\/\/www.20minutes.fr\/politique\/france-insoumise\/\" class=\"c-link c-link--is-underlined\" target=\"_blank\" rel=\"noopener\">La France insoumise<\/a> des Hauts-de-Seine, a annonc\u00e9 sur <a href=\"https:\/\/x.com\/A_Saintoul\/status\/1984158546456453352\" target=\"_blank\" class=\"c-link c-link--is-underlined\">son compte X<\/a> avoir saisi\u00a0l\u2019<a href=\"https:\/\/www.20minutes.fr\/dossier\/csa\" class=\"c-link c-link--is-underlined\" target=\"_blank\" rel=\"noopener\">Arcom<\/a> apr\u00e8s des propos tenus par Pierre-Jean Chalen\u00e7on mercredi sur le plateau de \u00ab\u00a0Tout beau tout neuf\u00a0\u00bb. L\u2019\u00e9mission pr\u00e9sent\u00e9e par\u00a0<a href=\"https:\/\/www.20minutes.fr\/arts-stars\/television\/cyril_hanouna\/\" class=\"c-link c-link--is-underlined\" target=\"_blank\" rel=\"noopener\">Cyril Hanouna<\/a> sur W9 s\u2019est effectivement de nouveau fait remarquer, et pas pour une bonne raison.<\/p>\n<p>Interrog\u00e9 au sujet du <a href=\"https:\/\/www.20minutes.fr\/justice\/4183049-20251102-cambriolage-louvre-sait-suspects-apres-deux-nouvelles-mises-examen\" class=\"c-link c-link--is-underlined\" target=\"_blank\" rel=\"noopener\">cambriolage du Louvre<\/a>, Pierre-Jean Chalen\u00e7on a critiqu\u00e9 la gestion de la crise par la classe politique fran\u00e7aise et a notamment qualifi\u00e9 Rachida Dati de \u00ab\u00a0reine du couscous\u00a0\u00bb. Des propos discriminatoires qui font r\u00e9f\u00e9rence aux origines de l\u2019actuelle ministre de la Culture, fille d\u2019une m\u00e8re d\u2019origine alg\u00e9rienne et d\u2019un p\u00e8re d\u2019origine marocaine.<\/p>\n<p class=\"mb-xxl@xs color-ultramarine font-weight-semi-bold@xs font-source-serif-pro heading-s@xs\">L\u2019acc\u00e8s \u00e0 ce contenu a \u00e9t\u00e9 bloqu\u00e9 afin de respecter votre choix de consentement<\/p>\n<p class=\"mb-m@xs text-l@xs\">En cliquant sur\u00ab J\u2019accepte \u00bb, vous acceptez le d\u00e9p\u00f4t de cookies par des services externes et aurez ainsi acc\u00e8s aux contenus de nos partenaires.<\/p>\n<p class=\"mb-xl@xs text-s@xs\">Plus d\u2019informations sur la page<a href=\"https:\/\/www.20minutes.fr\/gestion-cookies\" class=\"mx-xxs@xs color-ultramarine\" target=\"_blank\" rel=\"noopener\">Politique de gestion des cookies<\/a><\/p>\n<p>J\u2019accepteUne s\u00e9quence qui aurait pu \u00eatre \u00e9vit\u00e9e<\/p>\n<p>\u00ab\u00a0Tu vois, c\u2019est tout le probl\u00e8me avec toi, et c\u2019est ce qui fait que tu n\u2019es pas cr\u00e9dible. Tu n\u2019as pas \u00e0 sortir \u00e7a\u00a0\u00bb, r\u00e9agit aussit\u00f4t\u00a0Laurent Fontaine, ancien animateur de TF1, dans cette s\u00e9quence largement relay\u00e9e sur les r\u00e9seaux sociaux. On entend aussi\u00a0Val\u00e9rie Bena\u00efm demander \u00e0 Pierre-Jean Chalen\u00e7on de \u00ab\u00a0retirer\u00a0\u00bb ses propos. \u00ab\u00a0Oui, je retire ce que j\u2019ai dit\u00a0\u00bb, r\u00e9pond alors l\u2019ancien\u00a0acheteur de l\u2019\u00e9mission\u00a0Affaire conclue.<\/p>\n<\/p>\n<p>Comme le rappellent nos confr\u00e8res du <a href=\"https:\/\/www.leparisien.fr\/societe\/la-reine-du-couscous-le-gros-derapage-de-pierre-jean-chalencon-a-propos-de-rachida-dati-larcom-saisie-31-10-2025-BFNE3TNPMNHDLIP3RWJZI2MHVA.php\" target=\"_blank\" class=\"c-link c-link--is-underlined\" rel=\"noopener\">Parisien<\/a>, la nouvelle \u00e9mission de Cyril Hanouna\u00a0est diffus\u00e9e en l\u00e9ger diff\u00e9r\u00e9 pour\u00a0\u00e9viter de nouvelles sanctions de l\u2019Arcom. Cette s\u00e9quence probl\u00e9matique aurait donc pu ne pas \u00eatre diffus\u00e9e. Voil\u00e0 pourquoi\u00a0Aur\u00e9lien Saintoul a d\u00e9cid\u00e9 de saisir le gendarme de l\u2019audiovisuel. \u00ab\u00a0Le groupe M6 a fait venir Cyril Hanouna pour ce genre de d\u00e9bordement, il devra en assumer les cons\u00e9quences\u00a0\u00bb, a-t-il \u00e9crit sur X.<\/p>\n","protected":false},"excerpt":{"rendered":"Aur\u00e9lien Saintoul, d\u00e9put\u00e9 La France insoumise des Hauts-de-Seine, a annonc\u00e9 sur son compte X avoir saisi\u00a0l\u2019Arcom apr\u00e8s des&hellip;\n","protected":false},"author":2,"featured_media":509251,"comment_status":"","ping_status":"","sticky":false,"template":"","format":"standard","meta":{"footnotes":""},"categories":[8],"tags":[46891,1083,58,59,1011,27,500,417,252],"class_list":{"0":"post-509250","1":"post","2":"type-post","3":"status-publish","4":"format-standard","5":"has-post-thumbnail","7":"category-divertissement","8":"tag-arcom-ex-csa","9":"tag-cyril-hanouna","10":"tag-divertissement","11":"tag-entertainment","12":"tag-fr","13":"tag-france","14":"tag-medias","15":"tag-rachida-dati","16":"tag-television"},"share_on_mastodon":{"url":"https:\/\/pubeurope.com\/@fr\/115486820494676730","error":""},"_links":{"self":[{"href":"https:\/\/www.europesays.com\/fr\/wp-json\/wp\/v2\/posts\/509250","targetHints":{"allow":["GET"]}}],"collection":[{"href":"https:\/\/www.europesays.com\/fr\/wp-json\/wp\/v2\/posts"}],"about":[{"href":"https:\/\/www.europesays.com\/fr\/wp-json\/wp\/v2\/types\/post"}],"author":[{"embeddable":true,"href":"https:\/\/www.europesays.com\/fr\/wp-json\/wp\/v2\/users\/2"}],"replies":[{"embeddable":true,"href":"https:\/\/www.europesays.com\/fr\/wp-json\/wp\/v2\/comments?post=509250"}],"version-history":[{"count":0,"href":"https:\/\/www.europesays.com\/fr\/wp-json\/wp\/v2\/posts\/509250\/revisions"}],"wp:featuredmedia":[{"embeddable":true,"href":"https:\/\/www.europesays.com\/fr\/wp-json\/wp\/v2\/media\/509251"}],"wp:attachment":[{"href":"https:\/\/www.europesays.com\/fr\/wp-json\/wp\/v2\/media?parent=509250"}],"wp:term":[{"taxonomy":"category","embeddable":true,"href":"https:\/\/www.europesays.com\/fr\/wp-json\/wp\/v2\/categories?post=509250"},{"taxonomy":"post_tag","embeddable":true,"href":"https:\/\/www.europesays.com\/fr\/wp-json\/wp\/v2\/tags?post=509250"}],"curies":[{"name":"wp","href":"https:\/\/api.w.org\/{rel}","templated":true}]}}