{"id":509256,"date":"2025-11-03T16:58:14","date_gmt":"2025-11-03T16:58:14","guid":{"rendered":"https:\/\/www.europesays.com\/fr\/509256\/"},"modified":"2025-11-03T16:58:14","modified_gmt":"2025-11-03T16:58:14","slug":"une-tour-medievale-seffondre-a-rome-trois-blesses-et-un-ouvrier-enseveli-sous-les-decombres","status":"publish","type":"post","link":"https:\/\/www.europesays.com\/fr\/509256\/","title":{"rendered":"Une tour m\u00e9di\u00e9vale s\u2019effondre \u00e0 Rome, trois bless\u00e9s et un ouvrier enseveli sous les d\u00e9combres"},"content":{"rendered":"<p>Une tour m\u00e9di\u00e9vale de <a href=\"https:\/\/www.20minutes.fr\/dossier\/rome\" class=\"c-link c-link--is-underlined\" target=\"_blank\" rel=\"noopener\">Rome<\/a> en cours de r\u00e9novation s\u2019est partiellement effondr\u00e9e lundi, en pi\u00e9geant un ouvrier dans les d\u00e9combres.<\/p>\n<p>Une portion de la fa\u00e7ade de la Torre dei Conti s\u2019est \u00e9croul\u00e9e en fin de matin\u00e9e, projetant des gravats dans la rue et une colonne de poussi\u00e8re dans les airs. Elle se trouve dans un quartier <a href=\"https:\/\/www.20minutes.fr\/dossier\/tourisme\" class=\"c-link c-link--is-underlined\" target=\"_blank\" rel=\"noopener\">touristique<\/a> de la capitale, pr\u00e8s du Forum Romain imp\u00e9rial et du Colis\u00e9e.<\/p>\n<p>Trois ouvriers gri\u00e8vement bless\u00e9s, un autre enseveli<\/p>\n<p>Trois ouvriers ont pu \u00eatre \u00e9vacu\u00e9s, dont un dans un \u00e9tat critique, indique un porte-parole des <a href=\"https:\/\/www.20minutes.fr\/dossier\/pompiers\" class=\"c-link c-link--is-underlined\" target=\"_blank\" rel=\"noopener\">pompiers<\/a>. Un autre ouvrier est rest\u00e9 coinc\u00e9 sous les d\u00e9combres, souligne un responsable de la mairie.<\/p>\n<\/p>\n<p>Les pompiers ont utilis\u00e9 des \u00e9chelles pour atteindre les fen\u00eatres de la tour, et ont utilis\u00e9 un drone pour inspecter l\u2019int\u00e9rieur. La Torre dei Conti, qui date du d\u00e9but du XIIIe\u00a0si\u00e8cle, \u00e9tait en cours de restauration gr\u00e2ce \u00e0 des fonds de l\u2019Union europ\u00e9enne.<\/p>\n","protected":false},"excerpt":{"rendered":"Une tour m\u00e9di\u00e9vale de Rome en cours de r\u00e9novation s\u2019est partiellement effondr\u00e9e lundi, en pi\u00e9geant un ouvrier dans&hellip;\n","protected":false},"author":2,"featured_media":509257,"comment_status":"","ping_status":"","sticky":false,"template":"","format":"standard","meta":{"footnotes":""},"categories":[5],"tags":[47,11,7122,118,1011,27,14,452,12,35674,3499,28],"class_list":{"0":"post-509256","1":"post","2":"type-post","3":"status-publish","4":"format-standard","5":"has-post-thumbnail","7":"category-international","8":"tag-actualite","9":"tag-actualites","10":"tag-effondrement","11":"tag-faits-divers","12":"tag-fr","13":"tag-france","14":"tag-international","15":"tag-italie","16":"tag-news","17":"tag-ouvriers","18":"tag-rome","19":"tag-world"},"share_on_mastodon":{"url":"https:\/\/pubeurope.com\/@fr\/115486831742072715","error":""},"_links":{"self":[{"href":"https:\/\/www.europesays.com\/fr\/wp-json\/wp\/v2\/posts\/509256","targetHints":{"allow":["GET"]}}],"collection":[{"href":"https:\/\/www.europesays.com\/fr\/wp-json\/wp\/v2\/posts"}],"about":[{"href":"https:\/\/www.europesays.com\/fr\/wp-json\/wp\/v2\/types\/post"}],"author":[{"embeddable":true,"href":"https:\/\/www.europesays.com\/fr\/wp-json\/wp\/v2\/users\/2"}],"replies":[{"embeddable":true,"href":"https:\/\/www.europesays.com\/fr\/wp-json\/wp\/v2\/comments?post=509256"}],"version-history":[{"count":0,"href":"https:\/\/www.europesays.com\/fr\/wp-json\/wp\/v2\/posts\/509256\/revisions"}],"wp:featuredmedia":[{"embeddable":true,"href":"https:\/\/www.europesays.com\/fr\/wp-json\/wp\/v2\/media\/509257"}],"wp:attachment":[{"href":"https:\/\/www.europesays.com\/fr\/wp-json\/wp\/v2\/media?parent=509256"}],"wp:term":[{"taxonomy":"category","embeddable":true,"href":"https:\/\/www.europesays.com\/fr\/wp-json\/wp\/v2\/categories?post=509256"},{"taxonomy":"post_tag","embeddable":true,"href":"https:\/\/www.europesays.com\/fr\/wp-json\/wp\/v2\/tags?post=509256"}],"curies":[{"name":"wp","href":"https:\/\/api.w.org\/{rel}","templated":true}]}}