{"id":509262,"date":"2025-11-03T17:01:25","date_gmt":"2025-11-03T17:01:25","guid":{"rendered":"https:\/\/www.europesays.com\/fr\/509262\/"},"modified":"2025-11-03T17:01:25","modified_gmt":"2025-11-03T17:01:25","slug":"gr-app-co-veut-passer-la-seconde","status":"publish","type":"post","link":"https:\/\/www.europesays.com\/fr\/509262\/","title":{"rendered":"GR.APP &#038; Co veut passer la seconde"},"content":{"rendered":"<p class=\"is-style-chapo\">Toujours en mode start-up, GR.APP &amp; CO, plateforme digitale lig\u00e9rienne de commande group\u00e9e co-fond\u00e9e il y a 3 ans par Emmanuel Delorme et Vincent Gallot, cr\u00e9ateur de l\u2019agence de web marketing Webqam, va \u00e9voluer sur une seconde version. De quoi se caler sur d\u2019autres \u00e9volutions, d\u00e9j\u00e0 effectives\u00a0: une offre qui ne se limite plus qu\u2019au seul vin &amp; cie et des utilisateurs finalement davantage li\u00e9s aux CSE que particuliers.<\/p>\n<p><img loading=\"lazy\" decoding=\"async\" width=\"1024\" height=\"576\" src=\"https:\/\/www.europesays.com\/fr\/wp-content\/uploads\/2025\/11\/Grapp-equipe-2025-recadre-1024x576.jpg\" alt=\"\" class=\"wp-image-80936\"  \/>Abrit\u00e9e \u00e0 Saint-Etienne par Webqam, soci\u00e9t\u00e9 cr\u00e9\u00e9e et appartenant \u00e0 Vincent Gallot (couch\u00e9 au 1er plan), GR.APP &amp; CO emploie une dizaine d\u2019\u00e9quivalents temps pleins. \u00a9GR.APP &amp; CO <\/p>\n<p>Objectif rentabilit\u00e9 en 2027. Le cheminement d\u2019une start-up avant qu\u2019elle ne grandisse suffisamment pour passer \u00e0 un autre stade que le commencement est tr\u00e8s souvent hors de \u00ab\u00a0tout trac\u00e9\u00a0\u00bb \u00e9vident. Qu\u2019il s\u2019agisse d\u2019une rupture technologique visant \u00e0 d\u00e9boucher sur une v\u00e9ritable <a href=\"https:\/\/www.if-saint-etienne.fr\/tag\/eenuee\" target=\"_blank\" rel=\"noreferrer noopener\">industrie<\/a>. Ou qu\u2019il s\u2019agisse d\u2019un service, d\u2019une solution pr\u00e9sent\u00e9e comme innovatrice \u00e0 l\u2019exemple de GR.APP &amp; CO. If Saint-Etienne vous en parlait fin <a href=\"https:\/\/www.if-saint-etienne.fr\/economie\/gr-app-lappli-stephanoise-qui-vous-fait-boire-la-vie-en-rouge-rose-ou-blanc\" target=\"_blank\" rel=\"noreferrer noopener\">ao\u00fbt<\/a> 2022 quelques mois avant sa mise en ligne. Le concept\u00a0: faciliter alors les achats group\u00e9s de vins, de champagne, de bi\u00e8res, entre amis ou en famille directement aupr\u00e8s des producteurs, avec donc moins d\u2019interm\u00e9diaires et sans frais de port.<\/p>\n<p>Au producteur d\u2019exp\u00e9dier la commande \u2013 \u00e0 partir d\u2019un volume entendu \u00e0 l\u2019avance \u2013, \u00e0 l\u2019instigateur, les \u00e9changes entre ce dernier et les participants \u00e9tant centralis\u00e9s par la plateforme \u00ab collaborative\u00a0\u00bb de GR.APP &amp; CO. De quoi obtenir \u00ab\u00a0des tarifs tr\u00e8s avantageux pouvant aller jusqu\u2019\u00e0 \u2013 40 %\u00a0\u00bb, assurait la start-up. Un projet n\u00e9 de l\u2019exp\u00e9rience personnelle du cr\u00e9ateur de l\u2019agence de webmarketing \/ communication st\u00e9phanoise <a href=\"https:\/\/www.if-saint-etienne.fr\/tag\/webqam-saint-etienne\" target=\"_blank\" rel=\"noreferrer noopener\">Webqam<\/a> Vincent Gallot, cofondateur, avec Emmanuel Delorme et quatre autres associ\u00e9s. L\u2019id\u00e9e est en effet venue en \u00e9tant\u00a0confront\u00e9 aux limites des commandes group\u00e9es traditionnelles entre amis : papier, saisie manuelle, paiements dispers\u00e9s, offres non renouvel\u00e9es. \u00ab\u00a0Aucun outil digital complet n\u2019\u00e9tait disponible pour organiser et suivre ses propres commandes. Ce constat a conduit \u00e0 la cr\u00e9ation d\u2019un outil centralis\u00e9 et intuitif, capable de g\u00e9rer l\u2019ensemble du processus de commande et de valoriser la dimension collaborative\u00a0\u00bb, clame encore 3 ans apr\u00e8s GR.APP &amp; CO.<\/p>\n<p>Une offre \u00e9largie<\/p>\n<p>Install\u00e9e \u00e0 ses d\u00e9buts dans les murs de Webqam, pass\u00e9e un temps par le <a href=\"https:\/\/www.if-saint-etienne.fr\/tag\/village-by-ca\" target=\"_blank\" rel=\"noreferrer noopener\">Village by Ca<\/a> du Cr\u00e9dit Agricole, l\u2019entreprise est \u00e0 nouveau abrit\u00e9e dans les locaux de l\u2019autre soci\u00e9t\u00e9 de Vincent Gallot qui, op\u00e9rationnellement, s\u2019y consacre enti\u00e8rement. Depuis son lancement, cependant, l\u2019offre et le public vis\u00e9s de GR.APP &amp; CO ont \u00e9volu\u00e9. Si les achats group\u00e9s de vins, de champagne, de bi\u00e8res, continuent \u00e0 occuper environ 70 % des volumes transitant par cette plateforme web gratuite d\u2019utilisation (il ne s\u2019agit pas d\u2019une appli au sens strict pour justement garantir un plus large champ d\u2019utilisateurs), l\u2019offre de produits est ouverte depuis fin 2023 aux chocolats, \u00e0 l\u2019\u00e9picerie, produits d\u2019hygi\u00e8ne et de beaut\u00e9, offres d\u2019\u00e9nergies, etc. Tendance qui doit continuer \u00e0 s\u2019accentuer \u00e0 l\u2019avenir. Et constatant que la plateforme n\u2019avait pas r\u00e9ussi \u00e0 atteindre le public des particuliers \u2013 une dizaine d\u2019utilisateurs r\u00e9guliers seulement -, celle-ci se tourne davantage, de mani\u00e8re radicale m\u00eame, vers les CSE.<\/p>\n<blockquote class=\"wp-block-quote is-layout-flow wp-block-quote-is-layout-flow\">\n<p>Nous avons \u00e0 ce jour 300 CSE qui l\u2019utilisent dont 200 rentr\u00e9s cette ann\u00e9e.<\/p>\n<\/blockquote>\n<p>\u00ab\u00a0Ce sont eux qui nous ont indiqu\u00e9 que la solution leur plaisait mais qu\u2019il convenait d\u2019\u00e9largir ce qui y \u00e9tait propos\u00e9. M\u00eame si la plateforme reste ouverte aux particuliers, c\u2019est notre principal axe de d\u00e9veloppement, indique \u00e0 If Vincent Gallot. Nous avons \u00e0 ce jour 300 CSE qui l\u2019utilisent dont 200 rentr\u00e9s cette ann\u00e9e. Depuis septembre aussi, nous nous adressons aux associations qui peuvent obtenir une r\u00e9mun\u00e9ration en \u00ab\u00a0ponctionnant\u00a0\u00bb une partie du pourcentage de r\u00e9duction obtenu.\u00a0\u00bb Mais en somme, ne s\u2019agit-il pas d\u2019une \u00ab\u00a0r\u00e9invention\u00a0\u00bb des Groupon, Hello CSE et Cie ? \u00ab\u00a0Non, r\u00e9torque Vincent Gallot. L\u00e0 o\u00f9 on se distingue, c\u2019est le c\u00f4t\u00e9 collaboratif direct, sans le moindre interm\u00e9diaire avec un contact direct avec le producteur qui exp\u00e9die lui-m\u00eame puisqu\u2019assur\u00e9 d\u2019un minimum de commandes.\u00a0\u00bb Ce qui augmente le potentiel de r\u00e9duction de prix.<\/p>\n<p>La V2 de GR.APP &amp; CO doit sortir en janvier<\/p>\n<p>Il ne s\u2019agit pas d\u2019acheter, en gros, pour revendre \u00e0 un groupe certes moins cher que le march\u00e9 lambda mais avec une marge au passage. Alors comme <a href=\"https:\/\/gr.app\/\" target=\"_blank\" rel=\"noreferrer noopener\">GR.APP &amp; CO<\/a> fait son beurre\u00a0avec sa plateforme en acc\u00e8s gratuit pour ses \u00ab\u00a0b\u00e9n\u00e9ficiaires\u00a0\u00bb ? Au d\u00e9part, assure Vincent Gallot, seulement par \u00ab\u00a0la solidarit\u00e9, cette possibilit\u00e9 de laisser un pourboire \u00e0 ce projet collaboratif. S\u2019ajoutaient quelques contrats \u00ab\u00a0d\u2019apporteurs d\u2019affaires\u00a0\u00bb pour des fournisseurs fortement sollicit\u00e9s. Depuis, avec notre d\u00e9veloppement des CSE, s\u2019est ajout\u00e9 la capacit\u00e9 aux fournisseurs de pr\u00e9senter un catalogue plus complet via un syst\u00e8me d\u2019abonnement.\u00a0\u00bb De quoi donc cheminer vers une rentabilit\u00e9 alors que l\u2019\u00e9quipe s\u2019est fortement \u00e9toff\u00e9e depuis le d\u00e9but, passant deux \u00e0 dix \u00e9quivalents temps plein aujourd\u2019hui.<\/p>\n<p>Le CA devant atteindre lui 350 000 \u00e0 400 000 \u20ac (l\u2019activit\u00e9 est tr\u00e8s saisonni\u00e8re et d\u2019ailleurs se joue en grande partie en cette p\u00e9riode automnale) en 2025 contre environ 50 000 \u20ac lors du premier exercice. L\u2019entreprise a fait l\u2019objet d\u2019un renforcement significatif de son capital l\u2019an pass\u00e9 et d\u00e9veloppe actuellement une nouvelle version, une \u00ab\u00a0V 2\u00a0\u00bb de sa plateforme devant \u00eatre op\u00e9rationnelle en janvier prochain. \u00ab\u00a0Il s\u2019agit de mieux coller \u00e0 nos \u00e9volutions, l\u2019interface fournisseurs en particulier et pour l\u2019autre c\u00f4t\u00e9, une version adapt\u00e9e aux utilisateurs par ordinateur \u2013 comme c\u2019est tr\u00e8s courant dans le cadre des CSE \u2013 et pas seulement destin\u00e9e aux t\u00e9l\u00e9phones mobiles comme actuellement\u00a0\u00bb, explique encore Vincent Gallot. \u00a0\u00a0\u00a0<\/p>\n","protected":false},"excerpt":{"rendered":"Toujours en mode start-up, GR.APP &amp; CO, plateforme digitale lig\u00e9rienne de commande group\u00e9e co-fond\u00e9e il y a 3&hellip;\n","protected":false},"author":2,"featured_media":509263,"comment_status":"","ping_status":"","sticky":false,"template":"","format":"standard","meta":{"footnotes":""},"categories":[9653],"tags":[63068,1111,11,63069,2430,1777,674,11536,1011,27,63070,12,25,4001,675,63071,63072,63073],"class_list":{"0":"post-509262","1":"post","2":"type-post","3":"status-publish","4":"format-standard","5":"has-post-thumbnail","7":"category-saint-etienne","8":"tag-achat-groupe-de-vins","9":"tag-actu","10":"tag-actualites","11":"tag-application-gr-app","12":"tag-auvergne-rhone-alpes","13":"tag-eu","14":"tag-europe","15":"tag-evolutif","16":"tag-fr","17":"tag-france","18":"tag-gr-app-co","19":"tag-news","20":"tag-republique-francaise","21":"tag-saint-etienne","22":"tag-start-up","23":"tag-start-up-loire","24":"tag-vincent-gallot","25":"tag-webqam-groupe"},"share_on_mastodon":{"url":"https:\/\/pubeurope.com\/@fr\/115486844179578799","error":""},"_links":{"self":[{"href":"https:\/\/www.europesays.com\/fr\/wp-json\/wp\/v2\/posts\/509262","targetHints":{"allow":["GET"]}}],"collection":[{"href":"https:\/\/www.europesays.com\/fr\/wp-json\/wp\/v2\/posts"}],"about":[{"href":"https:\/\/www.europesays.com\/fr\/wp-json\/wp\/v2\/types\/post"}],"author":[{"embeddable":true,"href":"https:\/\/www.europesays.com\/fr\/wp-json\/wp\/v2\/users\/2"}],"replies":[{"embeddable":true,"href":"https:\/\/www.europesays.com\/fr\/wp-json\/wp\/v2\/comments?post=509262"}],"version-history":[{"count":0,"href":"https:\/\/www.europesays.com\/fr\/wp-json\/wp\/v2\/posts\/509262\/revisions"}],"wp:featuredmedia":[{"embeddable":true,"href":"https:\/\/www.europesays.com\/fr\/wp-json\/wp\/v2\/media\/509263"}],"wp:attachment":[{"href":"https:\/\/www.europesays.com\/fr\/wp-json\/wp\/v2\/media?parent=509262"}],"wp:term":[{"taxonomy":"category","embeddable":true,"href":"https:\/\/www.europesays.com\/fr\/wp-json\/wp\/v2\/categories?post=509262"},{"taxonomy":"post_tag","embeddable":true,"href":"https:\/\/www.europesays.com\/fr\/wp-json\/wp\/v2\/tags?post=509262"}],"curies":[{"name":"wp","href":"https:\/\/api.w.org\/{rel}","templated":true}]}}