{"id":509264,"date":"2025-11-03T17:02:12","date_gmt":"2025-11-03T17:02:12","guid":{"rendered":"https:\/\/www.europesays.com\/fr\/509264\/"},"modified":"2025-11-03T17:02:12","modified_gmt":"2025-11-03T17:02:12","slug":"le-college-de-terrenoire-en-greve-illimitee","status":"publish","type":"post","link":"https:\/\/www.europesays.com\/fr\/509264\/","title":{"rendered":"le coll\u00e8ge de Terrenoire en gr\u00e8ve illimit\u00e9e"},"content":{"rendered":"<p>Sur les nerfs. Malgr\u00e9 deux semaines de vacances, la tension n\u2019est pas redescendue au coll\u00e8ge Aristide-Briand, un \u00e9tablissement qui accueille 500 \u00e9l\u00e8ves de la 6e  \u00e0 la 3e et deux dispositifs ULIS, dans le quartier de Terrenoire. L\u2019\u00e9quipe \u00e9ducative, qui compte une quarantaine de personnes, r\u00e9parties entre les enseignants, les assistants d\u2019\u00e9ducation (AED) et\u00a0les accompagnants des \u00e9l\u00e8ves en situation de handicap (AESH), lance un signal d\u2019alarme \u00ab\u00a0car trop de coll\u00e8gues et d\u2019\u00e9l\u00e8ves vont mal\u00a0\u00bb.<\/p>\n<p>Les professeurs avaient d\u00e9j\u00e0 identifi\u00e9 une \u00ab\u00a0d\u00e9gradation du climat scolaire au sein de l\u2019\u00e9tablissement l\u2019ann\u00e9e derni\u00e8re\u00a0\u00bb. La situation ne s\u2019est pas am\u00e9lior\u00e9e pour cette nouvelle rentr\u00e9e. Pire, l\u2019ambiance s\u2019est encore d\u00e9t\u00e9rior\u00e9e.<\/p>\n<p>  \u00ab\u00a0Le profil des \u00e9l\u00e8ves a beaucoup chang\u00e9 avec un public socialement plus fragile\u00a0\u00bb<\/p>\n<p>En r\u00e9union, ce lundi matin, le personnel de la cit\u00e9 \u00e9ducative a pris la d\u00e9cision, \u00e0 l\u2019unanimit\u00e9, <a href=\"https:\/\/www.leprogres.fr\/education\/2025\/09\/16\/college-waldeck-rousseau-on-ne-fait-pas-greve-pour-notre-statut-mais-pour-le-bien-etre-de-nos-eleves\" target=\"_blank\" rel=\"nofollow noopener\">de se mettre en gr\u00e8ve pour une dur\u00e9e illimit\u00e9e<\/a>. Les \u00e9l\u00e8ves ont \u00e9t\u00e9 accueillis et mis en s\u00e9curit\u00e9 et le service de cantine (200 demi-pensionnaires) a \u00e9t\u00e9 maintenu. Ce mardi, le coll\u00e8ge accueillera bien \u00e9videmment les \u00e9l\u00e8ves qui se pr\u00e9senteront\u00a0mais tr\u00e8s peu de cours seront assur\u00e9s (en raison d\u2019un nombre \u00e9lev\u00e9 d\u2019enseignants gr\u00e9vistes) et le service vie scolaire sera sous repr\u00e9sent\u00e9 car fortement impact\u00e9 par le mouvement.<\/p>\n<p>Les classes surcharg\u00e9es, le manque criant de personnel d\u2019AESH et AED et les faits d\u2019incivilit\u00e9 cristallisent les revendications de l\u2019\u00e9quipe \u00e9ducative. Cette derni\u00e8re pr\u00e9cise \u00ab\u00a0que le profil des \u00e9l\u00e8ves a beaucoup chang\u00e9 avec un public socialement plus fragile ces derni\u00e8res ann\u00e9es\u00a0\u00bb. Sans faire de lien de cause \u00e0 effet, les enseignants ont constat\u00e9 une hausse des conflits \u00e0 g\u00e9rer. Et de comparer l\u2019ann\u00e9e 2024-25, o\u00f9 la communaut\u00e9 \u00ab\u00a0a convoqu\u00e9 23 conseils de discipline\u00a0et a r\u00e9gl\u00e9 58 faits d\u2019\u00e9tablissement li\u00e9s \u00e0 de nombreuses incivilit\u00e9s. Depuis la rentr\u00e9e de septembre, en six semaines, nous avons d\u00e9j\u00e0 d\u00fb prononcer 43 sanctions (mise en pied, exclusions) et g\u00e9rer six situations de harc\u00e8lement.\u00a0Deux conseils de discipline sont \u00e0 l\u2019ordre de jour d\u2019ici la fin de cette semaine\u00a0\u00bb.<\/p>\n<p>  \u00ab\u00a011 coll\u00e9giens sans AESH depuis le d\u00e9but de l\u2019ann\u00e9e\u00a0\u00bb<\/p>\n<p>La vie scolaire compte un Conseiller principal d\u2019\u00e9ducation et cinq AED, \u00ab\u00a0ce qui est notoirement insuffisant\u00a0\u00bb. En plus de ces probl\u00e8mes d\u2019indiscipline, le personnel \u00e9ducatif est aussi confront\u00e9 \u00e0 un fort taux d\u2019absent\u00e9isme et doit lutter contre le d\u00e9crochage scolaire. \u00ab\u00a016 \u00e9l\u00e8ves ont \u00e9t\u00e9 signal\u00e9s en d\u00e9crochage scolaire, ce qui est beaucoup apr\u00e8s six semaines de\u00a0cours\u00a0\u00bb, indique ce professeur.<\/p>\n<p>Les enseignants d\u2019Aristide-Briand r\u00e9clament \u00e0 leur hi\u00e9rarchie plus de postes d\u2019AESH. \u00ab\u00a0Nous avons de nombreux \u00e9l\u00e8ves \u00e0 besoins \u00e9ducatifs particuliers (OBEP) pour lesquels la Maison d\u00e9partementale des personnes handicap\u00e9es (MDPH) a notifi\u00e9 une AESH. Sauf que nous n\u2019avons pas assez de postes. Seuls les \u00e9l\u00e8ves, ayant une\u00a0AESH individuelle, sont pris en charge, 11 coll\u00e9giens, ayant re\u00e7u une notification pour une AESH mutualis\u00e9e, sont d\u00e9pourvus d\u2019accompagnement depuis le d\u00e9but de l\u2019ann\u00e9e.\u00a0\u00bb<\/p>\n<p>  \u00ab\u00a0Des classes surcharg\u00e9es accentuent les difficult\u00e9s d\u2019enseignement\u00a0\u00bb<\/p>\n<p>Le personnel gr\u00e9viste pointe aussi du doigt des classes surcharg\u00e9es. \u00ab\u00a0Trente \u00e9l\u00e8ves par niveau accentuent les difficult\u00e9s d\u2019enseignement\u00a0\u00bb, d\u00e9taillent les professeurs.\u00a0D\u2019autant plus que les r\u00e9sultats des \u00e9valuations nationales, men\u00e9s aupr\u00e8s des 117 \u00e9l\u00e8ves de 6e au coll\u00e8ge de Terrenoire, attestent que ceux-ci sont en grande vuln\u00e9rabilit\u00e9 en fran\u00e7ais. \u00ab\u00a048\u00a0% sont en situation de fragilit\u00e9 et 26\u00a0% \u00e0 besoin\u00a0\u00bb.<\/p>\n<p>L\u2019\u00e9quipe \u00e9ducative en gr\u00e8ve a transmis un mail \u00e0 tous les parents d\u2019\u00e9l\u00e8ves pour leur exposer la situation et a sollicit\u00e9 un entretien aupr\u00e8s de l\u2019inspecteur d\u2019acad\u00e9mie pour que des moyens humains suppl\u00e9mentaires soient allou\u00e9s au coll\u00e8ge Aristide-Briand. Le personnel fait savoir\u00a0: \u00ab\u00a0Ce mouvement de gr\u00e8ve est aussi l\u2019expression du malaise et du d\u00e9sarroi des \u00e9quipes de l\u2018\u00e9tablissement en l\u2019absence de moyens pour accompagner au mieux nos \u00e9l\u00e8ves\u00a0\u00bb.<\/p>\n<p>Contact\u00e9 par nos soins, le service communication de l\u2019acad\u00e9mie n\u2019a pas encore r\u00e9pondu, \u00e0 cette heure, \u00e0 nos sollicitations.<\/p>\n","protected":false},"excerpt":{"rendered":"Sur les nerfs. Malgr\u00e9 deux semaines de vacances, la tension n\u2019est pas redescendue au coll\u00e8ge Aristide-Briand, un \u00e9tablissement&hellip;\n","protected":false},"author":2,"featured_media":509265,"comment_status":"","ping_status":"","sticky":false,"template":"","format":"standard","meta":{"footnotes":""},"categories":[9653],"tags":[1111,11,2430,3599,7539,1057,1777,674,1011,27,12,25,4001,7538],"class_list":{"0":"post-509264","1":"post","2":"type-post","3":"status-publish","4":"format-standard","5":"has-post-thumbnail","7":"category-saint-etienne","8":"tag-actu","9":"tag-actualites","10":"tag-auvergne-rhone-alpes","11":"tag-college-lycee","12":"tag-edition-loire-sud","13":"tag-education","14":"tag-eu","15":"tag-europe","16":"tag-fr","17":"tag-france","18":"tag-news","19":"tag-republique-francaise","20":"tag-saint-etienne","21":"tag-saint-etienne-ville"},"share_on_mastodon":{"url":"https:\/\/pubeurope.com\/@fr\/115486847510407486","error":""},"_links":{"self":[{"href":"https:\/\/www.europesays.com\/fr\/wp-json\/wp\/v2\/posts\/509264","targetHints":{"allow":["GET"]}}],"collection":[{"href":"https:\/\/www.europesays.com\/fr\/wp-json\/wp\/v2\/posts"}],"about":[{"href":"https:\/\/www.europesays.com\/fr\/wp-json\/wp\/v2\/types\/post"}],"author":[{"embeddable":true,"href":"https:\/\/www.europesays.com\/fr\/wp-json\/wp\/v2\/users\/2"}],"replies":[{"embeddable":true,"href":"https:\/\/www.europesays.com\/fr\/wp-json\/wp\/v2\/comments?post=509264"}],"version-history":[{"count":0,"href":"https:\/\/www.europesays.com\/fr\/wp-json\/wp\/v2\/posts\/509264\/revisions"}],"wp:featuredmedia":[{"embeddable":true,"href":"https:\/\/www.europesays.com\/fr\/wp-json\/wp\/v2\/media\/509265"}],"wp:attachment":[{"href":"https:\/\/www.europesays.com\/fr\/wp-json\/wp\/v2\/media?parent=509264"}],"wp:term":[{"taxonomy":"category","embeddable":true,"href":"https:\/\/www.europesays.com\/fr\/wp-json\/wp\/v2\/categories?post=509264"},{"taxonomy":"post_tag","embeddable":true,"href":"https:\/\/www.europesays.com\/fr\/wp-json\/wp\/v2\/tags?post=509264"}],"curies":[{"name":"wp","href":"https:\/\/api.w.org\/{rel}","templated":true}]}}