{"id":509266,"date":"2025-11-03T17:03:19","date_gmt":"2025-11-03T17:03:19","guid":{"rendered":"https:\/\/www.europesays.com\/fr\/509266\/"},"modified":"2025-11-03T17:03:19","modified_gmt":"2025-11-03T17:03:19","slug":"metz-le-goncourt-lorrain-attribue-au-nanceien-adrien-genoudet","status":"publish","type":"post","link":"https:\/\/www.europesays.com\/fr\/509266\/","title":{"rendered":"Metz. Le Goncourt lorrain attribu\u00e9 au Nanc\u00e9ien Adrien Genoudet"},"content":{"rendered":"<p>Les d\u00e9bats, qui ont dur\u00e9 deux heures ce lundi 3\u00a0novembre dans les salons de l\u2019H\u00f4tel de Ville de Metz, ont \u00e9t\u00e9 anim\u00e9s. Mais pour une voix, Nancy-Sa\u00efgon, le roman du Nanc\u00e9ien Adrien Genoudet publi\u00e9 aux \u00e9ditions du Seuil, a d\u00e9croch\u00e9 le prix Erckmann-Chatrian 2025. Annonc\u00e9e le m\u00eame jour que le prix Femina et la veille du Goncourt, cette distinction est qualifi\u00e9e depuis plusieurs ann\u00e9es de Goncourt lorrain.<\/p>\n<p>Nancy-Sa\u00efgon \u00e9voque le pass\u00e9 colonial de l\u2019Indochine \u00e0 travers l\u2019histoire personnelle de <a href=\"https:\/\/www.estrepublicain.fr\/edition-de-nancy-ville\/2017\/09\/21\/j-aime-comprendre-le-monde-au-travers-des-images\" target=\"_blank\" rel=\"noopener\">cet auteur, cin\u00e9aste et sc\u00e9nariste de 37 ans<\/a>. Elle d\u00e9bute en Lorraine en 2020, lorsqu\u2019Edith, pour faire de la place dans le caveau familial, fait incin\u00e9rer sa m\u00e8re Simone. Elle d\u00e9couvre alors qu\u2019elle porte l\u2019habit traditionnel indochinois envoy\u00e9 par son mari Paul au d\u00e9but de la guerre, avant de dispara\u00eetre. Et se plonge dans leur correspondance. \u00ab\u00a0C\u2019est une fiction racont\u00e9e avec une tr\u00e8s belle \u00e9criture. Une histoire touchante qui ram\u00e8ne \u00e0 l\u2019histoire de France, l\u00e8ve le voile sur des myst\u00e8res familiaux, \u00e9voque la guerre avec justesse en rendant hommage \u00e0 ses victimes collat\u00e9rales et silencieuses, et notamment les femmes\u00a0\u00bb, d\u00e9crit Fabienne Henryot, la pr\u00e9sidente du jury.<\/p>\n<p>  Deux autres livres r\u00e9compens\u00e9s<\/p>\n<p>Ce roman fait l\u2019unanimit\u00e9. <a href=\"https:\/\/www.estrepublicain.fr\/culture-loisirs\/2025\/09\/04\/livre-sur-la-place-adrien-genoudet-prix-des-medias-2025\" target=\"_blank\" rel=\"noopener\">Il a d\u00e9j\u00e0 re\u00e7u en septembre dernier le prix des M\u00e9dias 2025 du Livre sur la place, le festival nanc\u00e9ien<\/a>. Il a devanc\u00e9 de peu C\u00e9line Lapertot, auteure de Des beaux jours qu\u2019\u00e0 ton front j\u2019ai lus (Viviane Hamy \u00e9ditions) qui retrace la vie de la po\u00e9tesse fran\u00e7aise Marceline Desbordes-Valmore.<\/p>\n<p>Deux autres livres ont aussi \u00e9t\u00e9 distingu\u00e9s. La bourse Lorraine, qui existe depuis 1989 pour r\u00e9compenser un ouvrage \u00e9voquant la Lorraine, revient \u00e0 <a href=\"https:\/\/www.republicain-lorrain.fr\/art-et-culture\/2017\/08\/10\/comment-metz-a-inspire-paul-verlaine\" target=\"_blank\" rel=\"noopener\">B\u00e9rang\u00e8re Thomas pour <\/a><a href=\"https:\/\/www.republicain-lorrain.fr\/art-et-culture\/2017\/08\/10\/comment-metz-a-inspire-paul-verlaine\" target=\"_blank\" rel=\"noopener\">Paul Verlaine de la Lorraine<\/a> (\u00c9ditions des Paraiges). La bourse Histoire a quant \u00e0 elle \u00e9t\u00e9 attribu\u00e9e \u00e0 un travail collectif de l\u2019universit\u00e9 de Lorraine, dirig\u00e9 par Isabelle Brian et Laurent Jalabert, \u00e0 l\u2019origine de L\u2019Histoire europ\u00e9enne de la Lorraine en 100 dates (\u00c9ditions La Nu\u00e9e Bleue). La remise des prix aura lieu le 30\u00a0mai \u00e0 Abreschviller, commune qui c\u00e9l\u00e9brera en 2026 le bicentenaire de la naissance de l\u2019\u00e9crivain Alexandre Chatrian.<\/p>\n<p>Ce contenu est bloqu\u00e9 car vous n&rsquo;avez pas accept\u00e9 les cookies et autres traceurs.<\/p>\n<p>En cliquant sur \u00ab J\u2019accepte \u00bb, les cookies et autres traceurs seront d\u00e9pos\u00e9s et vous pourrez visualiser les contenus  (<a href=\"\" class=\"consentModule_policy\" target=\"_blank\" title=\"Consulter la politique de protection des donn\u00e9es du fournisseur\">plus d&rsquo;informations<\/a>).<\/p>\n<p>En cliquant sur \u00ab J\u2019accepte tous les cookies \u00bb, vous autorisez des d\u00e9p\u00f4ts de cookies et autres traceurs pour le stockage de vos donn\u00e9es sur nos sites et applications \u00e0 des fins de personnalisation et de ciblage publicitaire.<\/p>\n<p class=\"consentModule_secondaryText\">Vous gardez la possibilit\u00e9 de retirer votre consentement \u00e0 tout moment en consultant notre <a href=\"https:\/\/www.republicain-lorrain.fr\/protection-des-donnees\" target=\"_blank\" title=\"Consulter notre politique de protection des donn\u00e9es\" rel=\"noopener\">politique de protection des donn\u00e9es<\/a>. <br \/>&#13;<br \/>\n            <a href=\"https:\/\/www.republicain-lorrain.fr\/culture-loisirs\/2025\/11\/03\/javascript:Didomi.notice.show()\" class=\"consentModule_cmp\" target=\"_blank\" rel=\"noopener\">G\u00e9rer mes choix<\/a>&#13;\n        <\/p>\n<p>&#13;<br \/>\n                        J&rsquo;accepte&#13;<br \/>\n            J&rsquo;accepte tous les cookies&#13;\n        <\/p>\n","protected":false},"excerpt":{"rendered":"Les d\u00e9bats, qui ont dur\u00e9 deux heures ce lundi 3\u00a0novembre dans les salons de l\u2019H\u00f4tel de Ville de&hellip;\n","protected":false},"author":2,"featured_media":509267,"comment_status":"","ping_status":"","sticky":false,"template":"","format":"standard","meta":{"footnotes":""},"categories":[9635],"tags":[1111,11,1687,5598,1777,674,1011,27,775,2410,6212,6213,1702,12,3456,25],"class_list":{"0":"post-509266","1":"post","2":"type-post","3":"status-publish","4":"format-standard","5":"has-post-thumbnail","7":"category-nancy","8":"tag-actu","9":"tag-actualites","10":"tag-culture-loisirs","11":"tag-edition-metz-et-agglomeration","12":"tag-eu","13":"tag-europe","14":"tag-fr","15":"tag-france","16":"tag-grand-est","17":"tag-livres-bd","18":"tag-metz","19":"tag-metz-ville-57b","20":"tag-nancy","21":"tag-news","22":"tag-region-lorraine","23":"tag-republique-francaise"},"share_on_mastodon":{"url":"https:\/\/pubeurope.com\/@fr\/115486851551832518","error":""},"_links":{"self":[{"href":"https:\/\/www.europesays.com\/fr\/wp-json\/wp\/v2\/posts\/509266","targetHints":{"allow":["GET"]}}],"collection":[{"href":"https:\/\/www.europesays.com\/fr\/wp-json\/wp\/v2\/posts"}],"about":[{"href":"https:\/\/www.europesays.com\/fr\/wp-json\/wp\/v2\/types\/post"}],"author":[{"embeddable":true,"href":"https:\/\/www.europesays.com\/fr\/wp-json\/wp\/v2\/users\/2"}],"replies":[{"embeddable":true,"href":"https:\/\/www.europesays.com\/fr\/wp-json\/wp\/v2\/comments?post=509266"}],"version-history":[{"count":0,"href":"https:\/\/www.europesays.com\/fr\/wp-json\/wp\/v2\/posts\/509266\/revisions"}],"wp:featuredmedia":[{"embeddable":true,"href":"https:\/\/www.europesays.com\/fr\/wp-json\/wp\/v2\/media\/509267"}],"wp:attachment":[{"href":"https:\/\/www.europesays.com\/fr\/wp-json\/wp\/v2\/media?parent=509266"}],"wp:term":[{"taxonomy":"category","embeddable":true,"href":"https:\/\/www.europesays.com\/fr\/wp-json\/wp\/v2\/categories?post=509266"},{"taxonomy":"post_tag","embeddable":true,"href":"https:\/\/www.europesays.com\/fr\/wp-json\/wp\/v2\/tags?post=509266"}],"curies":[{"name":"wp","href":"https:\/\/api.w.org\/{rel}","templated":true}]}}