{"id":509270,"date":"2025-11-03T17:06:11","date_gmt":"2025-11-03T17:06:11","guid":{"rendered":"https:\/\/www.europesays.com\/fr\/509270\/"},"modified":"2025-11-03T17:06:11","modified_gmt":"2025-11-03T17:06:11","slug":"les-6-infos-rugby-quil-ne-fallait-pas-louper","status":"publish","type":"post","link":"https:\/\/www.europesays.com\/fr\/509270\/","title":{"rendered":"les 6 infos rugby qu&rsquo;il ne fallait pas louper"},"content":{"rendered":"<p>            Par<br \/>\n        <strong><br \/>\n            <a href=\"https:\/\/actu.fr\/auteur\/emilie-dudonfournier\" title=\"Consulter tous les articles de Emilie Dudon-Fournier\" target=\"_blank\" rel=\"noopener\">Emilie Dudon-Fournier<\/a><br \/>\n        <\/strong><\/p>\n<p>        Publi\u00e9 le<\/p>\n<p>            3 nov. 2025 \u00e0 17h31        <\/p>\n<p>Il se passe toujours quelque chose, quelque part, sur la plan\u00e8te <strong>rugby<\/strong>.<a href=\"https:\/\/actu.fr\/rugby\/\" target=\"_blank\" rel=\"noopener\">\u00a0Actu Rugby<\/a> vous \u00e9vite de passer des heures \u00e0 scroller pour \u00eatre au parfum de tout ce qu\u2019il fallait savoir aujourd\u2019hui. Voici les 6 infos \u00e0 retenir en ce lundi 3\u00a0novembre.<\/p>\n<p>XV de France\u2009: Dupont et Atonio \u00e0 Marcoussis<\/p>\n<p class=\" wall-content\">Les Bleus, qui entament leur 2e semaine de pr\u00e9paration avant la r\u00e9ception de l\u2019Afrique du Sud samedi \u00e0 Paris (21h10), ont \u00e9t\u00e9 rejoints par deux co\u00e9quipiers de renom ce lundi. Actuellement bless\u00e9s et en phase de reprise, le demi de m\u00eal\u00e9e <a href=\"https:\/\/actu.fr\/tag\/antoine-dupont\" target=\"_blank\" rel=\"noopener\">Antoine Dupont<\/a> et le pilier <a href=\"https:\/\/actu.fr\/tag\/uini-atonio\" target=\"_blank\" rel=\"noopener\">Uini Atonio<\/a> ont rejoint le CNR de Linas-Marcoussis pour continuer leur pr\u00e9paration physique en vue de leur prochain retour \u00e0 la comp\u00e9tition.<\/p>\n<p class=\" wall-content\">Le Toulousain (ligaments crois\u00e9s d\u2019un genou) doit reprendre d\u2019ici fin novembre ou d\u00e9cembre et le Rochelais (op\u00e9ration d\u2019un ischio-jambier) d\u2019ici fin d\u00e9cembre. Ils ne postulent pour aucun des 3 matchs des Tricolores en ces tests automnaux.<\/p>\n<p>Lyon\u2009: Op\u00e9ration pour Lorre<\/p>\n<p class=\" wall-content\">Bless\u00e9 lors de la d\u00e9faite \u00e0 Toulon samedi (54-21), l\u2019arri\u00e8re de <a href=\"https:\/\/actu.fr\/tag\/lyon-olympique-universitaire\" target=\"_blank\" rel=\"noopener\">Lyon<\/a> Gabin Lorre souffre d\u2019une fracture de la main gauche. Il va devoir subir une intervention chirurgicale dans la semaine et sera \u00e9loign\u00e9 des terrains pendant pr\u00e8s de 2\u00a0mois, selon Le Progr\u00e8s.<\/p>\n<p>La\u00a0Rochelle\u2009: Le match \u00e0 Toulon se jouera samedi<\/p>\n<p class=\" wall-content\"><a href=\"https:\/\/actu.fr\/tag\/rct-rugby-club-toulonnais\" target=\"_blank\" rel=\"noopener\">Toulon<\/a> \u2013\u00a0<a href=\"https:\/\/actu.fr\/tag\/stade-rochelais\" target=\"_blank\" rel=\"noopener\">La\u00a0Rochelle<\/a> aura bien lieu samedi. \u00c0 l\u2019issue de la victoire sur le Racing 92 dimanche (33-6), le manager rochelais Ronan O\u2019Gara avait d\u00e9clar\u00e9 que d\u00e9clarer forfait pour la rencontre de la 3e journ\u00e9e de Top 14 report\u00e9e \u00e0 ce week-end en raison des conditions m\u00e9t\u00e9o, \u00e9tait \u00ab\u2009une option\u2009\u00bb. \u00ab\u2009C\u2019est une catastrophe parce qu\u2019on doit aller \u00e0 Toulon encore une fois. C\u2019est nous qui sommes punis\u2009\u00bb, avait-il d\u00e9clar\u00e9 en conf\u00e9rence de presse. \u00ab\u2009Je ne sais pas pourquoi il n\u2019y avait pas un terrain disponible, il y a quelques semaines, pour jouer le lendemain. Ce n\u2019est pas de notre responsabilit\u00e9, mais c\u2019est nous qui devons faire les sacrifices. Je vais demander aux joueurs en rentrant au vestiaire si on y va ou si on prend des vacances demain (lundi)\u2009? Parce que Lyon en a pris 50 \u00e0 Mayol, le Racing 45. Peut-\u00eatre que c\u2019est mieux de juste accepter la d\u00e9faite et de prendre deux semaines de vacances comme les autres \u00e9quipes. Je vais sonder mes joueurs.\u2009\u00bb<\/p>\n<p class=\" wall-content\">Bien s\u00fbr, le Stade rochelais n\u2019envisageait pas s\u00e9rieusement de ne pas honorer ce rendez-vous, ainsi que cela a \u00e9t\u00e9 confirm\u00e9 ce lundi, mais la man\u0153uvre a permis \u00e0 l\u2019Irlandais de faire savoir publiquement son m\u00e9contentement.<\/p>\n<p>Votre r\u00e9gion, votre actu !<\/p>\n<p>Recevez chaque jour les infos qui comptent pour vous.<\/p>\n<p>\t<a href=\"https:\/\/actu.fr\/newsletter\" class=\"ac-btn ac-btn--corner ac-btn--medium ac-btn--blue800\" target=\"_blank\" rel=\"noopener\">S&rsquo;incrire<\/a><br \/>\nPerpignan\u2009: Le nouveau staff officialis\u00e9<\/p>\n<p class=\" wall-content\"><a href=\"https:\/\/actu.fr\/tag\/usap-perpignan\" target=\"_blank\" rel=\"noopener\">L\u2019Usap<\/a> a officialis\u00e9 ce lundi l\u2019arriv\u00e9e d\u2019un nouveau staff\u2009: l\u2019ancien entra\u00eeneur de Montauban, de Castres, du Racing 92, du Stade Fran\u00e7ais et du XV de France Laurent Labit est le nouveau manager. Il arrive entour\u00e9 de l\u2019ex-Grenoblois Nicolas Nadau pour prendre en charge les arri\u00e8res et de Joe Worsley pour la d\u00e9fense.<\/p>\n<p class=\" wall-content\">Ils rejoignent Mathieu Cidre, qui reste en charge des avants, l\u2019ex pilier des Bleus, Nicolas Mas, qui conserve ses pr\u00e9rogatives \u00e0 la m\u00eal\u00e9e, et Jacques-Louis Potgieter, coach du jeu au pied.<\/p>\n<p>Stade fran\u00e7ais\u2009: Lodjro part \u00e0 Mont-de-Marsan<\/p>\n<p class=\" wall-content\">L\u2019ailier du<a href=\"https:\/\/actu.fr\/tag\/stade-francais\" target=\"_blank\" rel=\"noopener\"> Stade fran\u00e7ais<\/a> Yannick Lodjro va aller s\u2019aguerrir en Pro D2. Le joueur de 20\u00a0ans, qui a prolong\u00e9 son contrat avec le club parisien pour 3\u00a0ans en juin dernier, a \u00e9t\u00e9 pr\u00eat\u00e9 au Stade montois jusqu\u2019\u00e0 la fin de la saison.<\/p>\n<p class=\" wall-content\">\n<p>Vannes\u2009: Un international arrive<\/p>\n<p class=\" wall-content\">En proie \u00e0 plusieurs blessures au poste de pilier, le RC Vannes a officialis\u00e9 l\u2019arriv\u00e9e du droitier I\u00f1aki Gurruchaga en qualit\u00e9 de joker m\u00e9dical. International chilien, le joueur de 30\u00a0ans avait disput\u00e9 la Coupe du monde en France en 2023.<\/p>\n<p class=\" wall-content\">\n<p class=\" wall-content\">Personnalisez votre actualit\u00e9 en ajoutant vos villes et m\u00e9dias en favori avec <a href=\"https:\/\/moncompte.actu.fr\" title=\"D\u00e9couvez Mon Actu\" rel=\"nofollow noopener\" data-trk=\"{&quot;cta&quot;:{&quot;action&quot;:&quot;https:\\\/\\\/moncompte.actu.fr&quot;,&quot;category&quot;:&quot;mon compte&quot;,&quot;from&quot;:&quot;article footer&quot;,&quot;name&quot;:&quot;Mon actu&quot;,&quot;type&quot;:&quot;cta&quot;}}\" target=\"_blank\">Mon Actu<\/a>.<\/p>\n","protected":false},"excerpt":{"rendered":"Par Emilie Dudon-Fournier Publi\u00e9 le 3 nov. 2025 \u00e0 17h31 Il se passe toujours quelque chose, quelque part,&hellip;\n","protected":false},"author":2,"featured_media":509271,"comment_status":"","ping_status":"","sticky":false,"template":"","format":"standard","meta":{"footnotes":""},"categories":[9619],"tags":[1111,11,1777,674,1011,27,12,3788,882,25,479,60,2310],"class_list":{"0":"post-509270","1":"post","2":"type-post","3":"status-publish","4":"format-standard","5":"has-post-thumbnail","7":"category-toulon","8":"tag-actu","9":"tag-actualites","10":"tag-eu","11":"tag-europe","12":"tag-fr","13":"tag-france","14":"tag-news","15":"tag-pro","16":"tag-provence-alpes-cote-dazur","17":"tag-republique-francaise","18":"tag-rugby","19":"tag-sports","20":"tag-toulon"},"share_on_mastodon":{"url":"https:\/\/pubeurope.com\/@fr\/115486863167372454","error":""},"_links":{"self":[{"href":"https:\/\/www.europesays.com\/fr\/wp-json\/wp\/v2\/posts\/509270","targetHints":{"allow":["GET"]}}],"collection":[{"href":"https:\/\/www.europesays.com\/fr\/wp-json\/wp\/v2\/posts"}],"about":[{"href":"https:\/\/www.europesays.com\/fr\/wp-json\/wp\/v2\/types\/post"}],"author":[{"embeddable":true,"href":"https:\/\/www.europesays.com\/fr\/wp-json\/wp\/v2\/users\/2"}],"replies":[{"embeddable":true,"href":"https:\/\/www.europesays.com\/fr\/wp-json\/wp\/v2\/comments?post=509270"}],"version-history":[{"count":0,"href":"https:\/\/www.europesays.com\/fr\/wp-json\/wp\/v2\/posts\/509270\/revisions"}],"wp:featuredmedia":[{"embeddable":true,"href":"https:\/\/www.europesays.com\/fr\/wp-json\/wp\/v2\/media\/509271"}],"wp:attachment":[{"href":"https:\/\/www.europesays.com\/fr\/wp-json\/wp\/v2\/media?parent=509270"}],"wp:term":[{"taxonomy":"category","embeddable":true,"href":"https:\/\/www.europesays.com\/fr\/wp-json\/wp\/v2\/categories?post=509270"},{"taxonomy":"post_tag","embeddable":true,"href":"https:\/\/www.europesays.com\/fr\/wp-json\/wp\/v2\/tags?post=509270"}],"curies":[{"name":"wp","href":"https:\/\/api.w.org\/{rel}","templated":true}]}}