{"id":509274,"date":"2025-11-03T17:08:11","date_gmt":"2025-11-03T17:08:11","guid":{"rendered":"https:\/\/www.europesays.com\/fr\/509274\/"},"modified":"2025-11-03T17:08:11","modified_gmt":"2025-11-03T17:08:11","slug":"refus-dobtemperer-sens-interdit-feux-grilles-il-manque-de-percuter-un-trottinettiste","status":"publish","type":"post","link":"https:\/\/www.europesays.com\/fr\/509274\/","title":{"rendered":"refus d\u2019obtemp\u00e9rer, sens interdit, feux grill\u00e9s\u2026 il manque de percuter un trottinettiste"},"content":{"rendered":"<p>            Par<br \/>\n        <strong><br \/>\n            <a href=\"https:\/\/actu.fr\/auteur\/lea-pippinato\" title=\"Consulter tous les articles de L\u00e9a Pippinato\" rel=\"nofollow noopener\" target=\"_blank\">L\u00e9a Pippinato<\/a><br \/>\n        <\/strong><\/p>\n<p>        Publi\u00e9 le<\/p>\n<p>            3 nov. 2025 \u00e0 18h03        <\/p>\n<p>Il est une heure du matin, <strong>dans la nuit de ce dimanche 2 \u00e0 ce lundi 3 novembre 2025<\/strong>, quand une \u00e9quipe de police secours aper\u00e7oit une voiture roulant \u00e0 vive allure sur l\u2019avenue de Toulouse, \u00e0 Montpellier. Le conducteur se colle aux v\u00e9hicules qui le pr\u00e9c\u00e8dent, double par la droite et emprunte la voie de bus. Les policiers d\u00e9cident de le suivre \u00e0 distance, constatant plusieurs infractions en quelques minutes.<\/p>\n<p>    <a href=\"https:\/\/www.google.com\/maps\/embed?pb=!1m18!1m12!1m3!1d23114.090373704526!2d3.8535168000000004!3d43.6011008!2m3!1f0!2f0!3f0!3m2!1i1024!2i768!4f13.1!3m3!1m2!1s0x12b6ae4b90cba133%3A0xad45de9baff1f40e!2sAv.%20de%20Toulouse%2C%2034070%20Montpellier!5e0!3m2!1sfr!2sfr!4v1762186401788!5m2!1sfr!2sfr\" title=\"Ouvrie le lien\" rel=\"nofollow noopener\" target=\"_blank\">Cliquez ici pour visualiser le contenu<\/a><\/p>\n<p class=\" wall-content\">Le conducteur refuse de s\u2019arr\u00eater, acc\u00e9l\u00e8re et s\u2019engage dans une rue en sens interdit. Il manque de percuter un utilisateur de trottinette engag\u00e9 sur un passage pi\u00e9ton. La voiture poursuit sa fuite sur les voies du tramway, grille plusieurs feux rouges et d\u00e9passe des v\u00e9hicules immobilis\u00e9s \u00e0 un carrefour fr\u00e9quent\u00e9.<\/p>\n<p>Une course qui se termine dans une impasse<\/p>\n<p class=\" wall-content\">La fuite se prolonge jusqu\u2019au secteur du Faubourg Figuerolles. Le conducteur entre dans une voie sans issue et se retrouve bloqu\u00e9. L\u2019interpellation est mouvement\u00e9e, mais les policiers parviennent \u00e0 ma\u00eetriser l\u2019individu. Il a 19 ans et reconna\u00eet imm\u00e9diatement ne pas poss\u00e9der de permis de conduire. Le jeune homme explique avoir emprunt\u00e9 la voiture de son p\u00e8re et dit avoir pris la fuite par peur d\u2019un contr\u00f4le de stup\u00e9fiants. Le d\u00e9pistage r\u00e9alis\u00e9 par les policiers se r\u00e9v\u00e8le positif. Le v\u00e9hicule est plac\u00e9 en fourri\u00e8re. Le conducteur est remis en libert\u00e9 dans l\u2019attente d\u2019une contre-expertise sur la consommation de stup\u00e9fiants.<\/p>\n<p class=\" wall-content\">Personnalisez votre actualit\u00e9 en ajoutant vos villes et m\u00e9dias en favori avec <a href=\"https:\/\/moncompte.actu.fr\" title=\"D\u00e9couvez Mon Actu\" rel=\"nofollow noopener\" data-trk=\"{&quot;cta&quot;:{&quot;action&quot;:&quot;https:\\\/\\\/moncompte.actu.fr&quot;,&quot;category&quot;:&quot;mon compte&quot;,&quot;from&quot;:&quot;article footer&quot;,&quot;name&quot;:&quot;Mon actu&quot;,&quot;type&quot;:&quot;cta&quot;}}\" target=\"_blank\">Mon Actu<\/a>.<\/p>\n","protected":false},"excerpt":{"rendered":"Par L\u00e9a Pippinato Publi\u00e9 le 3 nov. 2025 \u00e0 18h03 Il est une heure du matin, dans la&hellip;\n","protected":false},"author":2,"featured_media":509275,"comment_status":"","ping_status":"","sticky":false,"template":"","format":"standard","meta":{"footnotes":""},"categories":[9599],"tags":[1111,11,1052,1777,674,118,1011,27,2208,12,2680,1072,2852,25],"class_list":{"0":"post-509274","1":"post","2":"type-post","3":"status-publish","4":"format-standard","5":"has-post-thumbnail","7":"category-montpellier","8":"tag-actu","9":"tag-actualites","10":"tag-drogue","11":"tag-eu","12":"tag-europe","13":"tag-faits-divers","14":"tag-fr","15":"tag-france","16":"tag-montpellier","17":"tag-news","18":"tag-occitanie","19":"tag-police","20":"tag-refus-dobtemperer","21":"tag-republique-francaise"},"share_on_mastodon":{"url":"https:\/\/pubeurope.com\/@fr\/115486871211279009","error":""},"_links":{"self":[{"href":"https:\/\/www.europesays.com\/fr\/wp-json\/wp\/v2\/posts\/509274","targetHints":{"allow":["GET"]}}],"collection":[{"href":"https:\/\/www.europesays.com\/fr\/wp-json\/wp\/v2\/posts"}],"about":[{"href":"https:\/\/www.europesays.com\/fr\/wp-json\/wp\/v2\/types\/post"}],"author":[{"embeddable":true,"href":"https:\/\/www.europesays.com\/fr\/wp-json\/wp\/v2\/users\/2"}],"replies":[{"embeddable":true,"href":"https:\/\/www.europesays.com\/fr\/wp-json\/wp\/v2\/comments?post=509274"}],"version-history":[{"count":0,"href":"https:\/\/www.europesays.com\/fr\/wp-json\/wp\/v2\/posts\/509274\/revisions"}],"wp:featuredmedia":[{"embeddable":true,"href":"https:\/\/www.europesays.com\/fr\/wp-json\/wp\/v2\/media\/509275"}],"wp:attachment":[{"href":"https:\/\/www.europesays.com\/fr\/wp-json\/wp\/v2\/media?parent=509274"}],"wp:term":[{"taxonomy":"category","embeddable":true,"href":"https:\/\/www.europesays.com\/fr\/wp-json\/wp\/v2\/categories?post=509274"},{"taxonomy":"post_tag","embeddable":true,"href":"https:\/\/www.europesays.com\/fr\/wp-json\/wp\/v2\/tags?post=509274"}],"curies":[{"name":"wp","href":"https:\/\/api.w.org\/{rel}","templated":true}]}}