{"id":509286,"date":"2025-11-03T17:14:12","date_gmt":"2025-11-03T17:14:12","guid":{"rendered":"https:\/\/www.europesays.com\/fr\/509286\/"},"modified":"2025-11-03T17:14:12","modified_gmt":"2025-11-03T17:14:12","slug":"ligue-1-sebastian-nanasi-leclair-dans-la-nuit-du-racing-club-de-strasbourg-a-rennes","status":"publish","type":"post","link":"https:\/\/www.europesays.com\/fr\/509286\/","title":{"rendered":"Ligue 1. Sebastian Nanasi, l\u2019\u00e9clair dans la nuit du Racing Club de Strasbourg \u00e0 Rennes"},"content":{"rendered":"<p>On l\u2019avait retrouv\u00e9 tout guilleret \u00e0 la sortie du vestiaire, mercredi dernier <a href=\"https:\/\/www.dna.fr\/sport\/2025\/10\/29\/le-mercredi-tout-est-permis\" target=\"_blank\" rel=\"noopener\">apr\u00e8s la d\u00e9monstration de force contre Auxerre (3-0)<\/a>.<\/p>\n<p>Le visage lumineux, le sourire aux l\u00e8vres, Sebastian Nanasi \u00e9tait venu partager sa joie devant les micros apr\u00e8s avoir retrouv\u00e9 le chemin des filets \u2013 son septi\u00e8me but avec le <a href=\"https:\/\/www.dna.fr\/sport\/rcsa-racing-club-strasbourg\" target=\"_blank\" rel=\"noopener\">Racing<\/a>, le premier de la saison \u2013 et le go\u00fbt de la victoire.<\/p>\n<p>Dimanche soir, le Scandinave a encore sacrifi\u00e9 \u00e0 l\u2019exercice m\u00e9diatique. Mais apr\u00e8s <a href=\"https:\/\/www.dna.fr\/sport\/2025\/11\/02\/cauchemar-au-roazhon-park\" target=\"_blank\" rel=\"noopener\">la racl\u00e9e subie sur la pelouse du Roazhon Park<\/a>, le ton \u00e9tait \u00e9videmment moins enjou\u00e9 et le regard plus sombre.<\/p>\n<p>Engonc\u00e9 dans son bonnet, le blondinet s\u2019est content\u00e9 de r\u00e9ponses lapidaires pour tenter d\u2019expliquer la d\u00e9bandade des Bleus \u00e0&#8230;<\/p>\n","protected":false},"excerpt":{"rendered":"On l\u2019avait retrouv\u00e9 tout guilleret \u00e0 la sortie du vestiaire, mercredi dernier apr\u00e8s la d\u00e9monstration de force contre&hellip;\n","protected":false},"author":2,"featured_media":509287,"comment_status":"","ping_status":"","sticky":false,"template":"","format":"standard","meta":{"footnotes":""},"categories":[2821],"tags":[328,1111,11,2649,829,2880,1777,674,107,63,1011,27,7020,12,41281,584,25,517,640,2879],"class_list":{"0":"post-509286","1":"post","2":"type-post","3":"status-publish","4":"format-standard","5":"has-post-thumbnail","7":"category-rennes","8":"tag-a-la-une","9":"tag-actu","10":"tag-actualites","11":"tag-bas-rhin","12":"tag-bretagne","13":"tag-edition-strasbourg","14":"tag-eu","15":"tag-europe","16":"tag-fil-info","17":"tag-football","18":"tag-fr","19":"tag-france","20":"tag-ligue-1-football","21":"tag-news","22":"tag-racing-club-strasbourg-masculin","23":"tag-rennes","24":"tag-republique-francaise","25":"tag-sport","26":"tag-strasbourg","27":"tag-strasbourg-ville"},"share_on_mastodon":{"url":"https:\/\/pubeurope.com\/@fr\/115486894705940651","error":""},"_links":{"self":[{"href":"https:\/\/www.europesays.com\/fr\/wp-json\/wp\/v2\/posts\/509286","targetHints":{"allow":["GET"]}}],"collection":[{"href":"https:\/\/www.europesays.com\/fr\/wp-json\/wp\/v2\/posts"}],"about":[{"href":"https:\/\/www.europesays.com\/fr\/wp-json\/wp\/v2\/types\/post"}],"author":[{"embeddable":true,"href":"https:\/\/www.europesays.com\/fr\/wp-json\/wp\/v2\/users\/2"}],"replies":[{"embeddable":true,"href":"https:\/\/www.europesays.com\/fr\/wp-json\/wp\/v2\/comments?post=509286"}],"version-history":[{"count":0,"href":"https:\/\/www.europesays.com\/fr\/wp-json\/wp\/v2\/posts\/509286\/revisions"}],"wp:featuredmedia":[{"embeddable":true,"href":"https:\/\/www.europesays.com\/fr\/wp-json\/wp\/v2\/media\/509287"}],"wp:attachment":[{"href":"https:\/\/www.europesays.com\/fr\/wp-json\/wp\/v2\/media?parent=509286"}],"wp:term":[{"taxonomy":"category","embeddable":true,"href":"https:\/\/www.europesays.com\/fr\/wp-json\/wp\/v2\/categories?post=509286"},{"taxonomy":"post_tag","embeddable":true,"href":"https:\/\/www.europesays.com\/fr\/wp-json\/wp\/v2\/tags?post=509286"}],"curies":[{"name":"wp","href":"https:\/\/api.w.org\/{rel}","templated":true}]}}