{"id":509304,"date":"2025-11-03T17:25:19","date_gmt":"2025-11-03T17:25:19","guid":{"rendered":"https:\/\/www.europesays.com\/fr\/509304\/"},"modified":"2025-11-03T17:25:19","modified_gmt":"2025-11-03T17:25:19","slug":"pourquoi-le-groupe-adf-recrute-t-il-massivement-a-balma","status":"publish","type":"post","link":"https:\/\/www.europesays.com\/fr\/509304\/","title":{"rendered":"Pourquoi le Groupe ADF recrute-t-il massivement \u00e0 Balma ?"},"content":{"rendered":"<p><strong>Fran\u00e7ois Gastou, vous \u00eates le directeur g\u00e9n\u00e9ral adjoint Ing\u00e9nierie &amp; M\u00e9trologie d\u2019ADF, pouvez-vous nous rappeler le positionnement de votre groupe\u00a0?<\/strong><br class=\"autobr\"\/><br \/>\nADF intervient pour le compte de grands noms de l\u2019industrie dans les secteurs de l\u2019\u00e9nergie, de la mobilit\u00e9 a\u00e9rienne et terrestre, des mat\u00e9riaux, de la technologie ou encore de la sant\u00e9 et du bien-\u00eatre. Nous sommes une soci\u00e9t\u00e9 de services sp\u00e9cialis\u00e9e en ing\u00e9nierie et maintenance, et nous couvrons aujourd\u2019hui l\u2019ensemble de la cha\u00eene de production, depuis la conception des usines jusqu\u2019\u00e0 leur entretien, en passant par le d\u00e9veloppement de solutions pour optimiser les performances de nos clients.<\/p>\n<p><strong>Vous venez d\u2019inaugurer un nouveau site \u00e0 Balma, en quoi ce campus incarne-t-il la strat\u00e9gie industrielle d\u2019ADF\u00a0?<\/strong><br class=\"autobr\"\/><br \/>\nCe campus a vocation \u00e0 regrouper l\u2019ensemble de nos m\u00e9tiers afin de favoriser les synergies entre ing\u00e9nierie, maintenance, m\u00e9trologie et robotique collaborative. Il regroupe 2500 m\u00b2 d\u2019atelier, 1600 m\u00b2 de bureaux, 185 techniciens\/ing\u00e9nieurs issus de deux anciennes agences, et pourra accueillir \u00e0 l\u2019avenir d\u2019autres \u00e9quipes. C\u2019est \u00e9galement un show-room de notre offre TIO (Total impact of ownership), qui vise \u00e0 accompagner nos clients depuis la \u00ab\u00a0page blanche\u00a0\u00bb jusqu\u2019\u00e0 la maintenance de leurs moyens de production. Il s\u2019agit enfin du premier site de ce genre pour le groupe, qui entend d\u00e9cliner ce concept \u00e0 toutes ses implantations en France et \u00e0 l\u2019international.<\/p>\n<p><strong>Pouvez-vous nous en dire plus sur cette offre \u00ab\u00a0TIO\u00a0\u00bb\u00a0?<\/strong><br class=\"autobr\"\/><br \/>\nElle garantit une ma\u00eetrise compl\u00e8te de chaque \u00e9tape du cycle de vie des \u00e9quipements, permettant ainsi une optimisation des co\u00fbts. Nous investissons, pour ce faire, beaucoup dans la R&amp;D (22 millions d\u2019euros cette ann\u00e9e) et les derni\u00e8res technologies, comme l\u2019intelligence artificielle. Nous avons pour ambition que cette offre repr\u00e9sente rapidement 50% de nos activit\u00e9s.<\/p>\n<p><strong>Vous annoncez le recrutement de 50 collaborateurs \u00e0 Balma. Quels types de profils recherchez-vous\u00a0?<\/strong><br class=\"autobr\"\/><br \/>\nOui, nous avons d\u2019ailleurs commenc\u00e9 \u00e0 int\u00e9grer de nouvelles recrues et pr\u00e9voyons encore dix \u00e0 quinze embauches d\u2019ici \u00e0 la fin de l\u2019ann\u00e9e, plus 25 en d\u00e9but d\u2019ann\u00e9e prochaine. Nous recherchons plut\u00f4t des cols blancs dans le d\u00e9veloppement informatique et l\u2019automatisation (chefs de projet, techniciens robotique, ing\u00e9nieurs bureau d\u2019\u00e9tude&#8230;). Des personnes que nous invitons \u00e0 venir fa\u00e7onner le futur avec nous.<\/p>\n<p><strong>Quels sont enfin les prochains d\u00e9fis du groupe\u00a0?<\/strong><br class=\"autobr\"\/><br \/>\nNous avons pour objectif de doubler notre chiffre d\u2019affaires d\u2019ici \u00e0 2030 (Ndlr\u00a0: le CA du groupe est de 665 millions d\u2019euros). En continuant \u00e0 d\u00e9velopper nos activit\u00e9s en France, et surtout \u00e0 l\u2019\u00e9tranger o\u00f9 nous comptons actuellement 4900 collaborateurs r\u00e9partis dans douze pays. Cela passera par de nouvelles implantations. Et donc de belles opportunit\u00e9s pour nos collaborateurs en qu\u00eate d\u2019exp\u00e9riences \u00e0 l\u2019international&#8230;<br class=\"autobr\"\/><br \/>\nPropos recueillis par Ingrid Lemelle<\/p>\n<p><strong>Postulez sur\u00a0: <a href=\"https:\/\/www.groupeadf.com\/fr\/carrieres\/opportunites-carriere\" class=\"spip_out\" rel=\"external noopener\" target=\"_blank\">www.groupeadf.com<\/a><\/strong><\/p>\n<p>Cr\u00e9dit photo Groupe ADF.<\/p>\n","protected":false},"excerpt":{"rendered":"Fran\u00e7ois Gastou, vous \u00eates le directeur g\u00e9n\u00e9ral adjoint Ing\u00e9nierie &amp; M\u00e9trologie d\u2019ADF, pouvez-vous nous rappeler le positionnement de&hellip;\n","protected":false},"author":2,"featured_media":509305,"comment_status":"","ping_status":"","sticky":false,"template":"","format":"standard","meta":{"footnotes":""},"categories":[2816],"tags":[1111,11,63074,341,1777,674,1011,27,693,6257,12,2680,25,2312],"class_list":{"0":"post-509304","1":"post","2":"type-post","3":"status-publish","4":"format-standard","5":"has-post-thumbnail","7":"category-toulouse","8":"tag-actu","9":"tag-actualites","10":"tag-adf","11":"tag-emploi","12":"tag-eu","13":"tag-europe","14":"tag-fr","15":"tag-france","16":"tag-industrie","17":"tag-ingenierie","18":"tag-news","19":"tag-occitanie","20":"tag-republique-francaise","21":"tag-toulouse"},"share_on_mastodon":{"url":"https:\/\/pubeurope.com\/@fr\/115486937929827877","error":""},"_links":{"self":[{"href":"https:\/\/www.europesays.com\/fr\/wp-json\/wp\/v2\/posts\/509304","targetHints":{"allow":["GET"]}}],"collection":[{"href":"https:\/\/www.europesays.com\/fr\/wp-json\/wp\/v2\/posts"}],"about":[{"href":"https:\/\/www.europesays.com\/fr\/wp-json\/wp\/v2\/types\/post"}],"author":[{"embeddable":true,"href":"https:\/\/www.europesays.com\/fr\/wp-json\/wp\/v2\/users\/2"}],"replies":[{"embeddable":true,"href":"https:\/\/www.europesays.com\/fr\/wp-json\/wp\/v2\/comments?post=509304"}],"version-history":[{"count":0,"href":"https:\/\/www.europesays.com\/fr\/wp-json\/wp\/v2\/posts\/509304\/revisions"}],"wp:featuredmedia":[{"embeddable":true,"href":"https:\/\/www.europesays.com\/fr\/wp-json\/wp\/v2\/media\/509305"}],"wp:attachment":[{"href":"https:\/\/www.europesays.com\/fr\/wp-json\/wp\/v2\/media?parent=509304"}],"wp:term":[{"taxonomy":"category","embeddable":true,"href":"https:\/\/www.europesays.com\/fr\/wp-json\/wp\/v2\/categories?post=509304"},{"taxonomy":"post_tag","embeddable":true,"href":"https:\/\/www.europesays.com\/fr\/wp-json\/wp\/v2\/tags?post=509304"}],"curies":[{"name":"wp","href":"https:\/\/api.w.org\/{rel}","templated":true}]}}