{"id":509306,"date":"2025-11-03T17:26:12","date_gmt":"2025-11-03T17:26:12","guid":{"rendered":"https:\/\/www.europesays.com\/fr\/509306\/"},"modified":"2025-11-03T17:26:12","modified_gmt":"2025-11-03T17:26:12","slug":"desormais-il-faut-un-permis-pour-louer-son-bien-immobilier-dans-ce-quartier-de-toulouse","status":"publish","type":"post","link":"https:\/\/www.europesays.com\/fr\/509306\/","title":{"rendered":"D\u00e9sormais, il faut un permis pour louer son bien immobilier dans ce quartier de Toulouse"},"content":{"rendered":"<p>            Par<br \/>\n        <strong><br \/>\n            <a href=\"https:\/\/actu.fr\/auteur\/margot-fournie\" title=\"Consulter tous les articles de Margot Fournie\" target=\"_blank\" rel=\"noopener\">Margot Fournie<\/a><br \/>\n        <\/strong><\/p>\n<p>        Publi\u00e9 le<\/p>\n<p>            3 nov. 2025 \u00e0 18h16        <\/p>\n<p>En mars\u00a02024, dans un contexte marqu\u00e9 par l\u2019<a href=\"https:\/\/actu.fr\/occitanie\/toulouse_31555\/toulouse-l-immeuble-en-peril-s-est-effondre-rue-saint-rome-recherche-de-victimes-en-cours_60799485.html\" target=\"_blank\" rel=\"noopener\">effondrement d\u2019un immeuble rue Saint-Rome<\/a>, Jean-Luc Moudenc \u00e9voquait la possibilit\u00e9 de mettre en place un <a href=\"https:\/\/actu.fr\/occitanie\/toulouse_31555\/toulouse-jean-luc-moudenc-veut-mettre-en-place-un-permis-de-louer_60882713.html\" target=\"_blank\" rel=\"noopener\">permis de louer<\/a>. Une mesure pens\u00e9e pour <strong>lutter contre les logements d\u00e9grad\u00e9s<\/strong> et mieux prot\u00e9ger les locataires.<\/p>\n<p class=\" wall-content\">Un an plus tard, ledit permis va \u00eatre test\u00e9 de mani\u00e8re exp\u00e9rimentale au centre-ville de <a href=\"https:\/\/actu.fr\/toulouse\/\" target=\"_blank\" rel=\"noopener\">Toulouse<\/a>. \u00c0 partir du <strong>3\u00a0novembre<\/strong> prochain, les propri\u00e9taires du <strong>quartier Arnaud-Bernard<\/strong> devront obtenir le pr\u00e9cieux s\u00e9same <strong>avant chaque mise en location<\/strong>. Mais comment cela va-t-il se passer\u2009?<\/p>\n<p>Un questionnaire et un dossier de diagnostic technique<\/p>\n<p class=\" wall-content\">D\u00e8s qu\u2019un propri\u00e9taire voudra mettre un logement en location, il devra d\u00e9poser une demande d\u2019autorisation pr\u00e9alable \u00e0 la mairie.<\/p>\n<p class=\" wall-content\">Sa demande comprendra un <strong>questionnaire<\/strong> portant sur le logement (surface habitable, mode de chauffage et de production d\u2019eau chaude\u2026), mais aussi un <strong>dossier de diagnostic technique<\/strong>.<\/p>\n<p class=\" wall-content\">Ceci incluera un diagnostic de performance \u00e9nerg\u00e9tique (DPE), un constat de risque d\u2019exposition au plomb, un \u00e9tat des installations \u00e9lectriques et de gaz, un \u00e9tat des risques naturels et technologiques, et un diagnostic sur le bruit.<\/p>\n<p>Vid\u00e9os : en ce moment sur ActuLa mairie a 30\u00a0jours pour donner son accord<\/p>\n<p class=\" wall-content\">Une fois le dossier soumis via une <strong>plateforme num\u00e9rique<\/strong> ou en <strong>version papier<\/strong> avec le formulaire Cerfa 15652*01, la mairie disposera de 30 jours pour r\u00e9pondre.\u00a0<strong>Trois issues<\/strong> sont alors possibles. La municipalit\u00e9 pourra donner son autorisation, une autorisation \u00e0 charge de faire des travaux ou un refus.<\/p>\n<p class=\" wall-content\">\u00c0 noter que si la mairie ne r\u00e9pond pas dans le d\u00e9lai imparti, une <strong>autorisation tacite<\/strong> sera consid\u00e9r\u00e9e comme acquise.<\/p>\n<p>Votre r\u00e9gion, votre actu !<\/p>\n<p>Recevez chaque jour les infos qui comptent pour vous.<\/p>\n<p>\t<a href=\"https:\/\/actu.fr\/newsletter\" class=\"ac-btn ac-btn--corner ac-btn--medium ac-btn--blue800\" target=\"_blank\" rel=\"noopener\">S&rsquo;incrire<\/a><br \/>\nUn dispositif d\u00e9j\u00e0 en place en France<\/p>\n<p class=\" wall-content\">Le dispositif a d\u00e9j\u00e0 \u00e9t\u00e9 mis en place<strong> dans plus de 600\u00a0communes<\/strong>, dont <a href=\"https:\/\/actu.fr\/occitanie\/montpellier_34172\/montpellier-le-permis-de-louer-etendu-a-trois-quartiers_62082893.html\" target=\"_blank\" rel=\"noopener\">Montpellier<\/a> et prochainement \u00e0 <a href=\"https:\/\/actu.fr\/grand-est\/strasbourg_67482\/tribune-immobilier-pourquoi-le-permis-de-louer-bientot-experimente-a-strasbourg-est-une-fausse-bonne-idee_62857673.html\" target=\"_blank\" rel=\"noopener\">Strasbourg<\/a>.<\/p>\n<p class=\" wall-content\">Sa cr\u00e9ation a \u00e9t\u00e9 rendue possible par la r\u00e9cente loi sur la r\u00e9novation de l\u2019habitat d\u00e9grad\u00e9, adopt\u00e9e par le Parlement en 2024. Elle permet aux collectivit\u00e9s d\u2019instaurer un permis de louer sans attendre les mises \u00e0 jour de leur programme local de l\u2019habitat (PLH).<\/p>\n<p class=\" wall-content\">Personnalisez votre actualit\u00e9 en ajoutant vos villes et m\u00e9dias en favori avec <a href=\"https:\/\/moncompte.actu.fr\" title=\"D\u00e9couvez Mon Actu\" rel=\"nofollow noopener\" data-trk=\"{&quot;cta&quot;:{&quot;action&quot;:&quot;https:\\\/\\\/moncompte.actu.fr&quot;,&quot;category&quot;:&quot;mon compte&quot;,&quot;from&quot;:&quot;article footer&quot;,&quot;name&quot;:&quot;Mon actu&quot;,&quot;type&quot;:&quot;cta&quot;}}\" target=\"_blank\">Mon Actu<\/a>.<\/p>\n","protected":false},"excerpt":{"rendered":"Par Margot Fournie Publi\u00e9 le 3 nov. 2025 \u00e0 18h16 En mars\u00a02024, dans un contexte marqu\u00e9 par l\u2019effondrement&hellip;\n","protected":false},"author":2,"featured_media":509307,"comment_status":"","ping_status":"","sticky":false,"template":"","format":"standard","meta":{"footnotes":""},"categories":[2816],"tags":[1111,11,1777,674,1011,27,1116,12,2680,25,104,2312],"class_list":{"0":"post-509306","1":"post","2":"type-post","3":"status-publish","4":"format-standard","5":"has-post-thumbnail","7":"category-toulouse","8":"tag-actu","9":"tag-actualites","10":"tag-eu","11":"tag-europe","12":"tag-fr","13":"tag-france","14":"tag-immobilier","15":"tag-news","16":"tag-occitanie","17":"tag-republique-francaise","18":"tag-societe","19":"tag-toulouse"},"share_on_mastodon":{"url":"https:\/\/pubeurope.com\/@fr\/115486941835959409","error":""},"_links":{"self":[{"href":"https:\/\/www.europesays.com\/fr\/wp-json\/wp\/v2\/posts\/509306","targetHints":{"allow":["GET"]}}],"collection":[{"href":"https:\/\/www.europesays.com\/fr\/wp-json\/wp\/v2\/posts"}],"about":[{"href":"https:\/\/www.europesays.com\/fr\/wp-json\/wp\/v2\/types\/post"}],"author":[{"embeddable":true,"href":"https:\/\/www.europesays.com\/fr\/wp-json\/wp\/v2\/users\/2"}],"replies":[{"embeddable":true,"href":"https:\/\/www.europesays.com\/fr\/wp-json\/wp\/v2\/comments?post=509306"}],"version-history":[{"count":0,"href":"https:\/\/www.europesays.com\/fr\/wp-json\/wp\/v2\/posts\/509306\/revisions"}],"wp:featuredmedia":[{"embeddable":true,"href":"https:\/\/www.europesays.com\/fr\/wp-json\/wp\/v2\/media\/509307"}],"wp:attachment":[{"href":"https:\/\/www.europesays.com\/fr\/wp-json\/wp\/v2\/media?parent=509306"}],"wp:term":[{"taxonomy":"category","embeddable":true,"href":"https:\/\/www.europesays.com\/fr\/wp-json\/wp\/v2\/categories?post=509306"},{"taxonomy":"post_tag","embeddable":true,"href":"https:\/\/www.europesays.com\/fr\/wp-json\/wp\/v2\/tags?post=509306"}],"curies":[{"name":"wp","href":"https:\/\/api.w.org\/{rel}","templated":true}]}}