{"id":509309,"date":"2025-11-03T17:28:14","date_gmt":"2025-11-03T17:28:14","guid":{"rendered":"https:\/\/www.europesays.com\/fr\/509309\/"},"modified":"2025-11-03T17:28:14","modified_gmt":"2025-11-03T17:28:14","slug":"lille-un-homme-mis-en-examen-pour-homicide-routier","status":"publish","type":"post","link":"https:\/\/www.europesays.com\/fr\/509309\/","title":{"rendered":"Lille : un homme mis en examen pour homicide routier"},"content":{"rendered":"<ul class=\"jsx-862013697 ArticleChapo__List\">\n<li class=\"jsx-862013697 ArticleChapo__List_Item flex\">Un homme de 31 ans a \u00e9t\u00e9 mis en examen dimanche et plac\u00e9 en d\u00e9tention provisoire \u00e0 Lille, a annonc\u00e9 le procureur.<\/li>\n<li class=\"jsx-862013697 ArticleChapo__List_Item flex\">Il est soup\u00e7onn\u00e9 d&rsquo;avoir percut\u00e9 mortellement un pi\u00e9ton dans le centre de Lille dans la nuit de vendredi \u00e0 samedi.<\/li>\n<li class=\"jsx-862013697 ArticleChapo__List_Item flex\">Il aurait consomm\u00e9 du protoxyde d&rsquo;azote et refus\u00e9 d&rsquo;obtemp\u00e9rer \u00e0 plusieurs reprises.<\/li>\n<\/ul>\n<p><a href=\"https:\/\/www.tf1info.fr\/actualite\/les-refus-d-obtemperer-au-coeur-de-la-controverse-12992\/\" rel=\"noopener\" class=\"jsx-484472199 Link jsx-1428418400 jsx-609604686\" target=\"_blank\"><\/p>\n<p style=\"font-weight:400\" class=\"jsx-1837267516\">Suivez la couverture compl\u00e8te<\/p>\n<p style=\"font-weight:800\" class=\"jsx-1837267516\">Les refus d&rsquo;obtemp\u00e9rer au c\u0153ur de la controverse<\/p>\n<p><\/a><\/p>\n<p data-module=\"article-paragraph\" class=\"jsx-3046738180 Paragraph Paragraph__End\">Le drame a eu lieu \u00e0 4h48 samedi matin. Mathis, 20 ans, est mort \u00ab\u00a0percut\u00e9 par un v\u00e9hicule qui roulait \u00e0 vive allure\u00a0\u00bb en plein centre-ville de <a href=\"https:\/\/www.tf1info.fr\/justice-faits-divers\/lille-un-etudiant-de-19-ans-tue-par-un-chauffard-apres-un-refus-d-obtemperer-2404274.html\" target=\"_blank\" rel=\"noopener\">Lille<\/a>, a d\u00e9taill\u00e9 Samuel Finielz, procureur de Lille, dans un communiqu\u00e9. Il est \u00ab\u00a0d\u00e9c\u00e9d\u00e9 sur le coup, avant l&rsquo;arriv\u00e9e des pompiers\u00a0\u00bb, a-t-il ajout\u00e9, apr\u00e8s avoir \u00e9t\u00e9 violemment projet\u00e9 contre un arbre.<\/p>\n<p data-module=\"article-paragraph\" class=\"jsx-3046738180 Paragraph Paragraph__End\">L&rsquo;homme soup\u00e7onn\u00e9 de l&rsquo;avoir percut\u00e9 avait consomm\u00e9 du <a href=\"https:\/\/www.tf1info.fr\/justice-faits-divers\/video-reportage-on-ramasse-des-bouteilles-sur-la-bande-d-arret-d-urgence-l-inquietante-hausse-des-accidents-lies-au-protoxyde-d-azote-2403536.html\" target=\"_blank\" rel=\"noopener\">protoxyde d&rsquo;azote<\/a> et refus\u00e9 d&rsquo;obtemp\u00e9rer \u00ab\u00a0\u00e0 plusieurs reprises\u00a0\u00bb face aux forces de police pr\u00e9sentes sur place, avant de renverser le jeune de 20 ans. Le conducteur pr\u00e9sum\u00e9 du v\u00e9hicule, une berline noire, a \u00e9t\u00e9 mis en examen dimanche et plac\u00e9 en d\u00e9tention provisoire, a annonc\u00e9 le procureur. \u00ab\u00a0Quelques m\u00e8tres apr\u00e8s l&rsquo;accident, le mis en cause s&rsquo;est arr\u00eat\u00e9 et a tent\u00e9 de prendre la fuite \u00e0 pied avant d&rsquo;\u00eatre interpell\u00e9\u00a0\u00bb, a-t-il pr\u00e9cis\u00e9.<\/p>\n<p>Des bouteilles de protoxyde d&rsquo;azote retrouv\u00e9es dans le v\u00e9hicule<\/p>\n<p data-module=\"article-paragraph\" class=\"jsx-3046738180 Paragraph Paragraph__End\">Le conducteur pr\u00e9sum\u00e9 du v\u00e9hicule, un homme \u00e2g\u00e9 de 31 ans, est d\u00e9j\u00e0 connu de la justice \u00ab\u00a0pour des d\u00e9lits routiers\u00a0\u00bb. Il a \u00e9t\u00e9 mis en examen dimanche pour <a href=\"https:\/\/www.tf1info.fr\/culture\/temoignage-securite-routiere-accident-alcool-stupefiants-creation-d-un-homicide-routier-cette-loi-c-est-celle-de-tous-les-gamins-qui-sont-partis-estime-yannick-alleno-2284727.html\" target=\"_blank\" rel=\"noopener\">homicide routier<\/a> avec au moins deux circonstances aggravantes, d\u00e9taille le procureur : violation manifestement d\u00e9lib\u00e9r\u00e9e d&rsquo;une obligation de s\u00e9curit\u00e9 et de prudence, d\u00e9lit de fuite et refus d&rsquo;obtemp\u00e9rer. \u00ab\u00a0Des bouteilles de protoxyde d&rsquo;azote ont \u00e9t\u00e9 trouv\u00e9es dans le v\u00e9hicule\u00a0\u00bb du suspect, selon le procureur, qui pr\u00e9cise que l&rsquo;enqu\u00eate permet pour l&rsquo;heure d&rsquo;\u00e9tablir \u00ab\u00a0une consommation de <a href=\"https:\/\/www.tf1info.fr\/societe\/video-reportage-a-livry-gargan-protoxyde-d-azote-les-arretes-pris-par-plusieurs-villes-de-france-contre-la-consommation-de-gaz-hilarant-sont-ils-efficaces-2390935.html\" target=\"_blank\" rel=\"noopener\">protoxyde d&rsquo;azote<\/a> contemporaine de la conduite du v\u00e9hicule\u00a0\u00bb. Lors de sa garde \u00e0 vue, le mis en cause n&rsquo;a pas reconnu les faits et a contest\u00e9 avoir conduit le v\u00e9hicule, pr\u00e9cise le procureur. Film\u00e9es par un t\u00e9moin, des images partielles du drame ont pourtant circul\u00e9 sur TikTok.\u00a0<\/p>\n<p data-module=\"article-paragraph\" class=\"jsx-3046738180 Paragraph Paragraph__End\">Depuis 2020, les signalements d&rsquo;intoxications li\u00e9es \u00e0 l&rsquo;usage d\u00e9tourn\u00e9 du protoxyde d&rsquo;azote sont \u00ab\u00a0en hausse continue\u00a0\u00bb, indiquait en avril dernier dans un communiqu\u00e9 Sant\u00e9 publique France, l&rsquo;Agence de s\u00e9curit\u00e9 sanitaire (Anses) et l&rsquo;Agence nationale de s\u00e9curit\u00e9 du m\u00e9dicament (ANSM). Le S\u00e9nat a vot\u00e9 en mars dernier la p\u00e9nalisation de l&rsquo;usage d\u00e9tourn\u00e9 du protoxyde d&rsquo;azote ou \u00ab\u00a0<a href=\"https:\/\/www.tf1info.fr\/sante\/video-drogue-addiction-protoxyde-azote-effets-secondaires-des-degats-irreversibles-les-effets-tres-serieux-du-gaz-hilarant-sur-le-cerveau-2379430.html\" target=\"_blank\" rel=\"noopener\">gaz hilarant<\/a>\u00ab\u00a0, sans aller toutefois jusqu&rsquo;\u00e0 interdire totalement sa vente aux particuliers, comme l&rsquo;avaient fait auparavant les d\u00e9put\u00e9s. L&rsquo;avenir de cette loi d\u00e9pendra donc des n\u00e9gociations entre les deux chambres. Par ailleurs, comme d&rsquo;autres villes, la mairie de Lille a pris en mai un arr\u00eat\u00e9 interdisant l&rsquo;utilisation, la vente ou la consommation de protoxyde d&rsquo;azote sur la voie publique.\u00a0<\/p>\n<p><a href=\"https:\/\/www.tf1info.fr\/justice-faits-divers\/homicide-routier-porte-par-les-victimes-le-delit-definitivement-adopte-par-le-parlement-2380287.html\" rel=\"noopener\" class=\"jsx-3308031228 Link flex\" target=\"_blank\"><img decoding=\"async\" src=\"https:\/\/www.europesays.com\/fr\/wp-content\/uploads\/2025\/11\/accident-voiture-assurance-auto-1-2f3f73-1@1x.jpeg\" alt=\"Getty Images\/iStockphoto\" loading=\"lazy\" importance=\"low\" fetchpriority=\"low\" class=\"\" aria-hidden=\"true\"\/><\/p>\n<p class=\"jsx-3657663356 ReadMoreArticle__Title\">Lire aussi<\/p>\n<p class=\"jsx-3657663356\">\u00ab\u00a0Homicide routier\u00a0\u00bb : port\u00e9 par les victimes, le d\u00e9lit d\u00e9finitivement adopt\u00e9 par le Parlement<\/p>\n<p><\/a><\/p>\n<p data-module=\"article-paragraph\" class=\"jsx-3046738180 Paragraph Paragraph__End\">La loi cr\u00e9ant le d\u00e9lit d&rsquo;homicide routier a \u00e9t\u00e9 promulgu\u00e9e en juillet apr\u00e8s un combat de plusieurs ann\u00e9es des familles et associations de victimes. Avec ce d\u00e9lit, les responsables d&rsquo;accidents mortels de la circulation accompagn\u00e9s d&rsquo;au moins une circonstance aggravante sont d\u00e9sormais poursuivis pour homicide routier. Lorsqu&rsquo;un conducteur se rend coupable de l&rsquo;une de ces circonstances, il est passible de 7 ans de prison et 100.000 euros d&rsquo;amende, peine \u00e9lev\u00e9e \u00e0 10 ans d&#8217;emprisonnement et 150 000 euros \u00e0 partir de deux circonstances aggravantes.<\/p>\n<p>Paul LALEVEE avec AFP<\/p>\n","protected":false},"excerpt":{"rendered":"Un homme de 31 ans a \u00e9t\u00e9 mis en examen dimanche et plac\u00e9 en d\u00e9tention provisoire \u00e0 Lille,&hellip;\n","protected":false},"author":2,"featured_media":509310,"comment_status":"","ping_status":"","sticky":false,"template":"","format":"standard","meta":{"footnotes":""},"categories":[2815],"tags":[1111,11,1921,1777,674,1011,27,811,1922,2954,63000,1307,12,25,133,2953],"class_list":{"0":"post-509309","1":"post","2":"type-post","3":"status-publish","4":"format-standard","5":"has-post-thumbnail","7":"category-lille","8":"tag-actu","9":"tag-actualites","10":"tag-article-video","11":"tag-eu","12":"tag-europe","13":"tag-fr","14":"tag-france","15":"tag-hauts-de-france","16":"tag-info","17":"tag-justice-et-faits-divers","18":"tag-les-refus-dobtemperer-au-coeur-de-la-controverse","19":"tag-lille","20":"tag-news","21":"tag-republique-francaise","22":"tag-video","23":"tag-video-police"},"share_on_mastodon":{"url":"https:\/\/pubeurope.com\/@fr\/115486950548128848","error":""},"_links":{"self":[{"href":"https:\/\/www.europesays.com\/fr\/wp-json\/wp\/v2\/posts\/509309","targetHints":{"allow":["GET"]}}],"collection":[{"href":"https:\/\/www.europesays.com\/fr\/wp-json\/wp\/v2\/posts"}],"about":[{"href":"https:\/\/www.europesays.com\/fr\/wp-json\/wp\/v2\/types\/post"}],"author":[{"embeddable":true,"href":"https:\/\/www.europesays.com\/fr\/wp-json\/wp\/v2\/users\/2"}],"replies":[{"embeddable":true,"href":"https:\/\/www.europesays.com\/fr\/wp-json\/wp\/v2\/comments?post=509309"}],"version-history":[{"count":0,"href":"https:\/\/www.europesays.com\/fr\/wp-json\/wp\/v2\/posts\/509309\/revisions"}],"wp:featuredmedia":[{"embeddable":true,"href":"https:\/\/www.europesays.com\/fr\/wp-json\/wp\/v2\/media\/509310"}],"wp:attachment":[{"href":"https:\/\/www.europesays.com\/fr\/wp-json\/wp\/v2\/media?parent=509309"}],"wp:term":[{"taxonomy":"category","embeddable":true,"href":"https:\/\/www.europesays.com\/fr\/wp-json\/wp\/v2\/categories?post=509309"},{"taxonomy":"post_tag","embeddable":true,"href":"https:\/\/www.europesays.com\/fr\/wp-json\/wp\/v2\/tags?post=509309"}],"curies":[{"name":"wp","href":"https:\/\/api.w.org\/{rel}","templated":true}]}}