{"id":509314,"date":"2025-11-03T17:31:11","date_gmt":"2025-11-03T17:31:11","guid":{"rendered":"https:\/\/www.europesays.com\/fr\/509314\/"},"modified":"2025-11-03T17:31:11","modified_gmt":"2025-11-03T17:31:11","slug":"les-forains-preparent-une-action-de-blocage-des-routes-ce-jeudi","status":"publish","type":"post","link":"https:\/\/www.europesays.com\/fr\/509314\/","title":{"rendered":"les forains pr\u00e9parent une action de blocage des routes ce jeudi"},"content":{"rendered":"<p>La menace de perturbations importantes plane \u00e0 nouveau au-dessus de la F\u00eate des Lumi\u00e8res. Les n\u00e9gociations entre la Ville de Lyon et le comit\u00e9 des forains pour trouver un emplacement alternatif au Luna Park, install\u00e9 depuis pr\u00e8s de 25 ans \u00e0 la pointe de La Confluence (2e), ont encore \u00e9chou\u00e9. Et ce, alors m\u00eame que l\u2019\u00e9dition hivernale de la vogue approche\u2026<\/p>\n<p>La semaine derni\u00e8re, 45 ind\u00e9pendants ont rejet\u00e9 en bloc la proposition municipale. \u00c0 savoir\u00a0: un maintien temporaire de la vogue sur son terrain historique de La Confluence, assorti d\u2019am\u00e9nagements li\u00e9s \u00e0 la propret\u00e9 et au stationnement. Avant un <a href=\"https:\/\/www.leprogres.fr\/societe\/2025\/10\/24\/demenagement-du-luna-park-mairie-et-forains-vont-ils-(enfin)-trouver-un-terrain-d-entente-au-parc-de-gerland\" target=\"_blank\" rel=\"nofollow noopener\">d\u00e9m\u00e9nagement au Parc de Gerland,<\/a> mais sous r\u00e9serve d\u2019\u00e9tudes g\u00e9otechniques et pas avant plusieurs mois.<\/p>\n<p>  Une trentaine de camions mobilis\u00e9s d\u00e8s ce jeudi<\/p>\n<p>Alors pour faire entendre leurs arguments, les forains agitent \u00e0 nouveau la menace d\u2019une F\u00eate des Lumi\u00e8res 2025 perturb\u00e9e. Et mettent la pression sur la mairie. Pour m\u00e9moire, un pr\u00e9avis de manifestation a \u00e9t\u00e9 d\u00e9pos\u00e9 sur la p\u00e9riode du 5 au 8\u00a0d\u00e9cembre inclus, pour un rassemblement de plusieurs centaines de poids lourds, assorti d\u2019une vaste op\u00e9ration escargot.<\/p>\n<p>\u00c0 lire aussi &gt;&gt; <a href=\"https:\/\/www.leprogres.fr\/societe\/2025\/10\/24\/demenagement-du-luna-park-mairie-et-forains-vont-ils-(enfin)-trouver-un-terrain-d-entente-au-parc-de-gerland\" target=\"_blank\" rel=\"nofollow noopener\">D\u00e9m\u00e9nagement du Luna Park\u00a0: mairie et forains vont-ils (enfin) trouver un terrain d\u2019entente au parc de Gerland\u00a0?<\/a><\/p>\n<p>En attendant les \u00e9ch\u00e9ances de fin d\u2019ann\u00e9e, une premi\u00e8re action \u00ab\u00a0de communication\u00a0\u00bb est programm\u00e9e ce jeudi 6\u00a0novembre. \u00ab\u00a0On va mobiliser une trentaine de camions, indique Brett Borne, membre du comit\u00e9. Histoire de montrer l\u2019itin\u00e9raire &#8211; du stade de V\u00e9nissieux \u00e0 l\u2019h\u00f4tel de ville de Lyon &#8211; qu\u2019on empruntera en cas de manifestation pour la F\u00eate des Lumi\u00e8res.<\/p>\n<p>  \u00ab\u00a0On va sortir quelques banderoles\u00a0\u00bb<\/p>\n<p>Une d\u00e9monstration de force\u00a0? \u00ab\u00a0Non, c\u2019est plut\u00f4t un \u00e9chauffement. Il y aura dix fois plus de camions si on manifeste en d\u00e9cembre. L\u00e0, on va sortir quelques banderoles pour rappeler aux Lyonnais la situation autour du Luna Park. Ce qu\u2019on demande, c\u2019est un courrier sign\u00e9 du maire de Lyon qui acte des travaux au Parc de Gerland, pas des promesses d\u2019\u00e9tudes.\u00a0\u00bb<\/p>\n<p>\u00c0 lire aussi &gt;&gt; <a href=\"https:\/\/www.leprogres.fr\/culture-loisirs\/2025\/10\/23\/faute-de-terrain-adapte-les-forains-du-luna-park-menacent-d-une-operation-escargot-en-pleine-fete-des-lumieres\" target=\"_blank\" rel=\"nofollow noopener\">Faute de terrain adapt\u00e9, les forains du Luna Park menacent d\u2019une op\u00e9ration escargot en pleine F\u00eate des Lumi\u00e8res<\/a><\/p>\n<p>Selon nos informations, une nouvelle r\u00e9union de concertation entre la Ville et le comit\u00e9 des forains aura lieu ce mardi apr\u00e8s-midi. \u00ab\u00a0En cas de bonne nouvelle, promet Brett Borne, on oublie tout \u00e7a et tout le monde se serre la main. Nous, on n\u2019a pas envie de bloquer la F\u00eate des Lumi\u00e8res. Mais si rien n\u2019\u00e9volue, on ne peut pas non plus se laisser faire sans rien dire.\u00a0\u00bb<\/p>\n","protected":false},"excerpt":{"rendered":"La menace de perturbations importantes plane \u00e0 nouveau au-dessus de la F\u00eate des Lumi\u00e8res. Les n\u00e9gociations entre la&hellip;\n","protected":false},"author":2,"featured_media":509315,"comment_status":"","ping_status":"","sticky":false,"template":"","format":"standard","meta":{"footnotes":""},"categories":[1889],"tags":[1111,11,2430,2757,1777,674,1011,27,2428,2756,12,25,801],"class_list":{"0":"post-509314","1":"post","2":"type-post","3":"status-publish","4":"format-standard","5":"has-post-thumbnail","7":"category-lyon","8":"tag-actu","9":"tag-actualites","10":"tag-auvergne-rhone-alpes","11":"tag-edition-lyon-villeurbanne","12":"tag-eu","13":"tag-europe","14":"tag-fr","15":"tag-france","16":"tag-lyon","17":"tag-lyon-bassin","18":"tag-news","19":"tag-republique-francaise","20":"tag-social"},"share_on_mastodon":{"url":"https:\/\/pubeurope.com\/@fr\/115486961449066654","error":""},"_links":{"self":[{"href":"https:\/\/www.europesays.com\/fr\/wp-json\/wp\/v2\/posts\/509314","targetHints":{"allow":["GET"]}}],"collection":[{"href":"https:\/\/www.europesays.com\/fr\/wp-json\/wp\/v2\/posts"}],"about":[{"href":"https:\/\/www.europesays.com\/fr\/wp-json\/wp\/v2\/types\/post"}],"author":[{"embeddable":true,"href":"https:\/\/www.europesays.com\/fr\/wp-json\/wp\/v2\/users\/2"}],"replies":[{"embeddable":true,"href":"https:\/\/www.europesays.com\/fr\/wp-json\/wp\/v2\/comments?post=509314"}],"version-history":[{"count":0,"href":"https:\/\/www.europesays.com\/fr\/wp-json\/wp\/v2\/posts\/509314\/revisions"}],"wp:featuredmedia":[{"embeddable":true,"href":"https:\/\/www.europesays.com\/fr\/wp-json\/wp\/v2\/media\/509315"}],"wp:attachment":[{"href":"https:\/\/www.europesays.com\/fr\/wp-json\/wp\/v2\/media?parent=509314"}],"wp:term":[{"taxonomy":"category","embeddable":true,"href":"https:\/\/www.europesays.com\/fr\/wp-json\/wp\/v2\/categories?post=509314"},{"taxonomy":"post_tag","embeddable":true,"href":"https:\/\/www.europesays.com\/fr\/wp-json\/wp\/v2\/tags?post=509314"}],"curies":[{"name":"wp","href":"https:\/\/api.w.org\/{rel}","templated":true}]}}