{"id":509316,"date":"2025-11-03T17:32:18","date_gmt":"2025-11-03T17:32:18","guid":{"rendered":"https:\/\/www.europesays.com\/fr\/509316\/"},"modified":"2025-11-03T17:32:18","modified_gmt":"2025-11-03T17:32:18","slug":"des-familles-apeurees-une-alerte-lancee","status":"publish","type":"post","link":"https:\/\/www.europesays.com\/fr\/509316\/","title":{"rendered":"\u00ab\u00a0Des familles apeur\u00e9es\u00a0\u00bb, une alerte lanc\u00e9e"},"content":{"rendered":"<p>            Par<br \/>\n        <strong><br \/>\n            <a href=\"https:\/\/actu.fr\/auteur\/anthony-soudani\" title=\"Consulter tous les articles de Anthony Soudani\" rel=\"nofollow noopener\" target=\"_blank\">Anthony Soudani<\/a><br \/>\n        <\/strong><\/p>\n<p>        Publi\u00e9 le<\/p>\n<p>            3 nov. 2025 \u00e0 18h04        <\/p>\n<p>L\u2019\u00e9vacuation, \u00e0 la demande de la <a href=\"https:\/\/actu.fr\/tag\/grand-lyon\" rel=\"nofollow noopener\" target=\"_blank\">M\u00e9tropole de Lyon<\/a> et sur d\u00e9cision de justice, du campement sauvage de <a href=\"https:\/\/actu.fr\/tag\/perrache\" rel=\"nofollow noopener\" target=\"_blank\">Perrache<\/a> au d\u00e9but des vacances de la Toussaint fait vivement r\u00e9agir le collectif Jamais sans toit, qui accuse les pouvoirs publics d\u2019avoir fait d\u00e9camper \u00ab\u00a0des <strong>familles apeur\u00e9es dont tous les enfants sont scolaris\u00e9s<\/strong> \u00e0 Lyon et non des d\u00e9linquants\u00a0\u00bb.<\/p>\n<p>Vingt-cinq personnes \u00e9vacu\u00e9es : \u00ab\u00a0Leurs affaires ont \u00e9t\u00e9 karch\u00e9ris\u00e9es\u00a0\u00bb<\/p>\n<p class=\" wall-content\">Lors de ce d\u00e9mant\u00e8lement d\u00e9crit comme \u00ab\u00a0brutal\u00a0\u00bb par le collectif, 25 personnes ont quitt\u00e9 une occupation de l\u2019espace public (tentes et cabanes de fortune) en pr\u00e9sence de la police nationale et des \u00e9quipes de nettoyage de la m\u00e9tropole de Lyon. <strong>Sept\u00a0personnes ont \u00e9t\u00e9 interpell\u00e9es<\/strong> et pr\u00e9sent\u00e9es \u00e0 la police aux fronti\u00e8res.<\/p>\n<p class=\" wall-content\">\u00ab\u00a0Leurs affaires ont \u00e9t\u00e9 karch\u00e9ris\u00e9es et ces personnes ont \u00e9t\u00e9<strong> laiss\u00e9es errantes dans le froid<\/strong>. Elles sont depuis r\u00e9guli\u00e8rement harcel\u00e9es par la police qui semble avoir pour consigne de les faire d\u00e9camper sans qu\u2019une solution alternative ne leur soit propos\u00e9e\u00a0\u00bb, \u00e9crit Jamais sans toit dans un communiqu\u00e9 envoy\u00e9 \u00e0 la r\u00e9daction d\u2019actu Lyon ce lundi 3 novembre.<\/p>\n<p class=\" wall-content\">Le collectif s\u2019en prend notamment \u00e0 Pierre Oliver, maire LR du 2\u1d49 arrondissement, qui s\u2019est f\u00e9licit\u00e9 sur X d\u2019avoir mis fin au \u00ab\u00a0squat de Perrache\u00a0\u00bb. \u00ab\u00a0Les habitants attendaient cette d\u00e9cision depuis longtemps\u00a0\u00bb, souligne-t-il.\u00a0<\/p>\n<p class=\" wall-content\">\n<p>Le collectif demande \u00ab\u00a0d\u2019ouvrir un gymnase\u00a0\u00bb<\/p>\n<p class=\" wall-content\">Dans la m\u00e9tropole lyonnaise, 270 enfants sont \u00e0 la rue, d\u00e9compte le collectif. \u00ab\u00a0Une partie d\u2019entre eux sont accueillis chaque nuit dans 17 \u00e9tablissements scolaires, 20 dans quelques jours\u00a0\u00bb, souligne-t-il.<\/p>\n<p class=\" wall-content\">Jamais sans toit demande \u00e0 la Ville de Lyon \u00ab\u00a0d\u2019ouvrir un gymnase pour mettre ces enfants \u00e0 l\u2019abri du froid et des dangers de la rue, en attendant que la pr\u00e9fecture ne les prenne en charge\u00a0\u00bb. Et d\u2019alerter : \u00ab\u00a0Les temp\u00e9ratures baissent. Il y a urgence.\u00a0\u00bb<\/p>\n<p>Votre r\u00e9gion, votre actu !<\/p>\n<p>Recevez chaque jour les infos qui comptent pour vous.<\/p>\n<p>\t<a href=\"https:\/\/actu.fr\/newsletter\" class=\"ac-btn ac-btn--corner ac-btn--medium ac-btn--blue800\" rel=\"nofollow noopener\" target=\"_blank\">S&rsquo;incrire<\/a><br \/>\nLa mairie botte en touche et dit en faire d\u00e9j\u00e0 beaucoup<\/p>\n<p class=\" wall-content\">La mairie \u00e9cologiste de Gr\u00e9gory Doucet botte en touche sur ce point, expliquant \u00e0 la r\u00e9daction d\u2019actu Lyon qu\u2019ouvrir un gymnase pour abriter des personnes \u00e0 la rue est du ressort de la pr\u00e9f\u00e8te du Rh\u00f4ne.<\/p>\n<p class=\" wall-content\">\u00ab\u00a0La Ville ne peut \u00e0 elle seule <strong>compenser les carences de l\u2019\u00c9tat<\/strong>. Il appartient \u00e0 la Pr\u00e9fecture de garantir la mise \u00e0 l\u2019abri des familles, notamment en recourant, si n\u00e9cessaire, \u00e0 la r\u00e9quisition de b\u00e2timents tels que des gymnases.\u00a0\u00bb<\/p>\n<p class=\" wall-content\">Toutefois, la mairie se dit \u00ab\u00a0profond\u00e9ment pr\u00e9occup\u00e9e par la situation du sans-abrisme sur son territoire. L\u2019augmentation du nombre d\u2019enfants \u00e0 la rue, \u00e0 Lyon comme partout en France, est une situation inacceptable\u00a0\u00bb.<\/p>\n<blockquote class=\"ac-article-quote wall-content\">\n<p>Face \u00e0 cette r\u00e9alit\u00e9, la Ville de Lyon est pleinement mobilis\u00e9e. Depuis 2020, des dizaines d\u2019appartements municipaux ont \u00e9t\u00e9 mis \u00e0 disposition des associations, et plusieurs centres d\u2019h\u00e9bergement municipaux ont \u00e9t\u00e9 ouverts, notamment pour les familles et les jeunes en recours de minorit\u00e9. Le budget consacr\u00e9 \u00e0 l\u2019h\u00e9bergement a \u00e9t\u00e9 multipli\u00e9 par 67 depuis le d\u00e9but du mandat. L\u2019hiver dernier, plus de 800 personnes ont pu \u00eatre mises \u00e0 l\u2019abri gr\u00e2ce \u00e0 cette mobilisation.<\/p>\n<p>    <strong>Ville de Lyon<\/strong>\n            <\/p><\/blockquote>\n<p class=\" wall-content\">Une r\u00e9ponse qui ne risque pas de satisfaire le collectif Jamais sans toit, en col\u00e8re contre des pouvoirs publics dont les efforts ne sont pas jug\u00e9s suffisants.<\/p>\n<p class=\" wall-content\">Personnalisez votre actualit\u00e9 en ajoutant vos villes et m\u00e9dias en favori avec <a href=\"https:\/\/moncompte.actu.fr\" title=\"D\u00e9couvez Mon Actu\" rel=\"nofollow noopener\" data-trk=\"{&quot;cta&quot;:{&quot;action&quot;:&quot;https:\\\/\\\/moncompte.actu.fr&quot;,&quot;category&quot;:&quot;mon compte&quot;,&quot;from&quot;:&quot;article footer&quot;,&quot;name&quot;:&quot;Mon actu&quot;,&quot;type&quot;:&quot;cta&quot;}}\" target=\"_blank\">Mon Actu<\/a>.<\/p>\n","protected":false},"excerpt":{"rendered":"Par Anthony Soudani Publi\u00e9 le 3 nov. 2025 \u00e0 18h04 L\u2019\u00e9vacuation, \u00e0 la demande de la M\u00e9tropole de&hellip;\n","protected":false},"author":2,"featured_media":509317,"comment_status":"","ping_status":"","sticky":false,"template":"","format":"standard","meta":{"footnotes":""},"categories":[1889],"tags":[1111,11,2430,1777,674,1011,27,2808,2428,12,4518,5274,25,104],"class_list":{"0":"post-509316","1":"post","2":"type-post","3":"status-publish","4":"format-standard","5":"has-post-thumbnail","7":"category-lyon","8":"tag-actu","9":"tag-actualites","10":"tag-auvergne-rhone-alpes","11":"tag-eu","12":"tag-europe","13":"tag-fr","14":"tag-france","15":"tag-grand-lyon","16":"tag-lyon","17":"tag-news","18":"tag-pauvrete","19":"tag-perrache","20":"tag-republique-francaise","21":"tag-societe"},"share_on_mastodon":{"url":"https:\/\/pubeurope.com\/@fr\/115486965331727480","error":""},"_links":{"self":[{"href":"https:\/\/www.europesays.com\/fr\/wp-json\/wp\/v2\/posts\/509316","targetHints":{"allow":["GET"]}}],"collection":[{"href":"https:\/\/www.europesays.com\/fr\/wp-json\/wp\/v2\/posts"}],"about":[{"href":"https:\/\/www.europesays.com\/fr\/wp-json\/wp\/v2\/types\/post"}],"author":[{"embeddable":true,"href":"https:\/\/www.europesays.com\/fr\/wp-json\/wp\/v2\/users\/2"}],"replies":[{"embeddable":true,"href":"https:\/\/www.europesays.com\/fr\/wp-json\/wp\/v2\/comments?post=509316"}],"version-history":[{"count":0,"href":"https:\/\/www.europesays.com\/fr\/wp-json\/wp\/v2\/posts\/509316\/revisions"}],"wp:featuredmedia":[{"embeddable":true,"href":"https:\/\/www.europesays.com\/fr\/wp-json\/wp\/v2\/media\/509317"}],"wp:attachment":[{"href":"https:\/\/www.europesays.com\/fr\/wp-json\/wp\/v2\/media?parent=509316"}],"wp:term":[{"taxonomy":"category","embeddable":true,"href":"https:\/\/www.europesays.com\/fr\/wp-json\/wp\/v2\/categories?post=509316"},{"taxonomy":"post_tag","embeddable":true,"href":"https:\/\/www.europesays.com\/fr\/wp-json\/wp\/v2\/tags?post=509316"}],"curies":[{"name":"wp","href":"https:\/\/api.w.org\/{rel}","templated":true}]}}