{"id":509318,"date":"2025-11-03T17:34:11","date_gmt":"2025-11-03T17:34:11","guid":{"rendered":"https:\/\/www.europesays.com\/fr\/509318\/"},"modified":"2025-11-03T17:34:11","modified_gmt":"2025-11-03T17:34:11","slug":"ratp-keolis-dans-les-bus-franciliens-ce-boitier-de-paiement-par-carte-bancaire-va-vous-faciliter-la-vie","status":"publish","type":"post","link":"https:\/\/www.europesays.com\/fr\/509318\/","title":{"rendered":"RATP, Keolis&#8230; dans les bus franciliens, ce bo\u00eetier de paiement par carte bancaire va vous faciliter la vie"},"content":{"rendered":"<p>            Par<br \/>\n        <strong><br \/>\n            <a href=\"https:\/\/actu.fr\/auteur\/glenn-gillet\" title=\"Consulter tous les articles de Glenn Gillet\" target=\"_blank\" rel=\"noopener\">Glenn Gillet<\/a><br \/>\n        <\/strong><\/p>\n<p>        Publi\u00e9 le<\/p>\n<p>            3 nov. 2025 \u00e0 18h16        <\/p>\n<p>Depuis le 1er\u00a0novembre 2025, les tickets t +\u00a0ont <strong>d\u00e9finitivement disparu des points de vente<\/strong> dans le r\u00e9seau de <a href=\"https:\/\/actu.fr\/tag\/transport\" target=\"_blank\" rel=\"noopener\">transport<\/a> francilien. Mais pour permettre aux usagers des bus de ne pas se retrouver sans solution de paiement une fois mont\u00e9 dans les v\u00e9hicules, de <strong>petits bo\u00eetiers de paiement par carte bancaire<\/strong> ont commenc\u00e9 \u00e0 faire leur apparition ce week-end juste \u00e0 c\u00f4t\u00e9 des machines valideuse, occasionnant beaucoup de r\u00e9actions d\u2019usagers sur les <a href=\"https:\/\/actu.fr\/tag\/reseaux-sociaux\" target=\"_blank\" rel=\"noopener\">r\u00e9seaux sociaux<\/a>.<\/p>\n<p>Pas de syst\u00e8me \u00ab\u00a0open payment\u00a0\u00bb, mais un outil bien utile<\/p>\n<p class=\" wall-content\">Contrairement \u00e0 certaines affirmations en ligne, ce nouvel outil ne pr\u00e9sage pas d\u2019un passage au syst\u00e8me dit \u00ab\u2009open payment\u2009\u00bb, o\u00f9 la carte bancaire permet d\u2019acc\u00e9der \u00e0 tous les types de transports (comme dans certaines m\u00e9tropoles comme Lyon, Rennes, Dijon ou encore Londres), mais il va faciliter la vie des voyageurs en \u00cele-de-France.<\/p>\n<p class=\" wall-content\">\u00ab\u2009Nous avons demand\u00e9 aux op\u00e9rateurs de d\u00e9ployer un nouveau service par carte bancaire pour les voyageurs qui n\u2019ont de titre de transport ou le bon titre pour les bus. Ce service vient en lieu et place de la vente faite par les conducteurs\u2009\u00bb et existera en parall\u00e8le de la <strong>solution dite \u00ab\u2009SMS ticketing\u2009\u00bb<\/strong> (envoi d\u2019un SMS contenant le num\u00e9ro de la ligne de bus au 93100), d\u00e9j\u00e0 disponible depuis plusieurs ann\u00e9es, explique \u00e0 actu Paris l\u2019autorit\u00e9 de transport \u00cele-de-France Mobilit\u00e9s.<\/p>\n<p>Des tickets valides pour un seul voyage sans correspondance<\/p>\n<p class=\" wall-content\">IDFM tient \u00e0 pr\u00e9ciser que les tickets qui seront achet\u00e9s via ces bo\u00eetiers de paiement par carte bancaire sont \u00ab\u2009uniquement des tickets de d\u00e9pannage \u00e0 bord des bus. Cela permet uniquement d\u2019acheter des titres \u2018d\u2019acc\u00e8s \u00e0 bord\u2019 en urgence, afin d\u2019\u00eatre en r\u00e8gle pendant son trajet, au m\u00eame tarif que les tickets qui \u00e9taient vendus par les conducteurs, \u00e0 savoir 2,50\u20ac\u00bb.<\/p>\n<blockquote class=\"ac-article-quote wall-content\">\n<p>\u00ab\u00a0Ces titres ne permettent pas de correspondance et ne sont valables que le temps du trajet.\u00a0\u00bb<\/p>\n<p>    <strong>\u00cele-de-France Mobilit\u00e9s<\/strong>\n            <\/p><\/blockquote>\n<p class=\" wall-content\">Si vous n\u2019avez pas encore vu ces bo\u00eetiers dans les bus que vous empruntez, c\u2019est normal\u2009: \u00ab\u2009Cette borne d\u2019achat express va \u00eatre <strong>install\u00e9e progressivement<\/strong> \u00e0 c\u00f4t\u00e9 des nouveaux valideurs dans tous les bus, d\u2019abord dans Paris et petite couronne, puis \u00e9tendu \u00e0 toute l\u2019\u00cele-de-France\u2009\u00bb, annonce encore IDFM, tout en pr\u00e9cisant que \u00ab\u2009nous incitons toujours plus les voyageurs \u00e0 anticiper en achetant ou en rechargeant leurs titres de transport sur leurs smartphones via les applications\u2009\u00bb, afin de \u00ab\u2009gagner du temps\u2009\u00bb.<\/p>\n<p class=\" wall-content\">Personnalisez votre actualit\u00e9 en ajoutant vos villes et m\u00e9dias en favori avec <a href=\"https:\/\/moncompte.actu.fr\" title=\"D\u00e9couvez Mon Actu\" rel=\"nofollow noopener\" data-trk=\"{&quot;cta&quot;:{&quot;action&quot;:&quot;https:\\\/\\\/moncompte.actu.fr&quot;,&quot;category&quot;:&quot;mon compte&quot;,&quot;from&quot;:&quot;article footer&quot;,&quot;name&quot;:&quot;Mon actu&quot;,&quot;type&quot;:&quot;cta&quot;}}\" target=\"_blank\">Mon Actu<\/a>.<\/p>\n","protected":false},"excerpt":{"rendered":"Par Glenn Gillet Publi\u00e9 le 3 nov. 2025 \u00e0 18h16 Depuis le 1er\u00a0novembre 2025, les tickets t +\u00a0ont&hellip;\n","protected":false},"author":2,"featured_media":509319,"comment_status":"","ping_status":"","sticky":false,"template":"","format":"standard","meta":{"footnotes":""},"categories":[1592],"tags":[1111,11,1777,674,1011,27,662,10883,12,626,625,25,104,2803],"class_list":{"0":"post-509318","1":"post","2":"type-post","3":"status-publish","4":"format-standard","5":"has-post-thumbnail","7":"category-ile-de-france","8":"tag-actu","9":"tag-actualites","10":"tag-eu","11":"tag-europe","12":"tag-fr","13":"tag-france","14":"tag-ile-de-france","15":"tag-ile-de-france-mobilites","16":"tag-news","17":"tag-paris","18":"tag-ratp","19":"tag-republique-francaise","20":"tag-societe","21":"tag-transport"},"share_on_mastodon":{"url":"https:\/\/pubeurope.com\/@fr\/115486973423074951","error":""},"_links":{"self":[{"href":"https:\/\/www.europesays.com\/fr\/wp-json\/wp\/v2\/posts\/509318","targetHints":{"allow":["GET"]}}],"collection":[{"href":"https:\/\/www.europesays.com\/fr\/wp-json\/wp\/v2\/posts"}],"about":[{"href":"https:\/\/www.europesays.com\/fr\/wp-json\/wp\/v2\/types\/post"}],"author":[{"embeddable":true,"href":"https:\/\/www.europesays.com\/fr\/wp-json\/wp\/v2\/users\/2"}],"replies":[{"embeddable":true,"href":"https:\/\/www.europesays.com\/fr\/wp-json\/wp\/v2\/comments?post=509318"}],"version-history":[{"count":0,"href":"https:\/\/www.europesays.com\/fr\/wp-json\/wp\/v2\/posts\/509318\/revisions"}],"wp:featuredmedia":[{"embeddable":true,"href":"https:\/\/www.europesays.com\/fr\/wp-json\/wp\/v2\/media\/509319"}],"wp:attachment":[{"href":"https:\/\/www.europesays.com\/fr\/wp-json\/wp\/v2\/media?parent=509318"}],"wp:term":[{"taxonomy":"category","embeddable":true,"href":"https:\/\/www.europesays.com\/fr\/wp-json\/wp\/v2\/categories?post=509318"},{"taxonomy":"post_tag","embeddable":true,"href":"https:\/\/www.europesays.com\/fr\/wp-json\/wp\/v2\/tags?post=509318"}],"curies":[{"name":"wp","href":"https:\/\/api.w.org\/{rel}","templated":true}]}}