{"id":509327,"date":"2025-11-03T17:43:15","date_gmt":"2025-11-03T17:43:15","guid":{"rendered":"https:\/\/www.europesays.com\/fr\/509327\/"},"modified":"2025-11-03T17:43:15","modified_gmt":"2025-11-03T17:43:15","slug":"un-bateau-des-gardes-frontieres-russes-filme-arborant-le-drapeau-du-groupe-wagner-a-la-frontiere-estonienne","status":"publish","type":"post","link":"https:\/\/www.europesays.com\/fr\/509327\/","title":{"rendered":"Un bateau des gardes-fronti\u00e8res russes film\u00e9 arborant le drapeau du groupe Wagner \u00e0 la fronti\u00e8re estonienne"},"content":{"rendered":"<p>\n    <strong>VID\u00c9O &#8211;\u00a0<\/strong>Un bateau russe a \u00e9t\u00e9 film\u00e9 en train de patrouiller sur la rivi\u00e8re Narva, \u00e0 la fronti\u00e8re entre la Russie et l\u2019Estonie, tout en arborant le drapeau noir du groupe Wagner.<\/p>\n<p class=\"fig-paragraph\">Dimanche, un bateau du Service f\u00e9d\u00e9ral de s\u00e9curit\u00e9 russe (FSB) a \u00e9t\u00e9 aper\u00e7u naviguant sur la rivi\u00e8re Narva, la fronti\u00e8re naturelle<a href=\"https:\/\/www.lefigaro.fr\/tag\/russie\" target=\"_blank\" rel=\"sponsored noopener\" data-gtm-custom-categorie=\"navigation\" data-gtm-custom-action=\"crossclick\" data-gtm-custom-label=\"Contextuel\" data-gtm-event=\"customEventSPE\">\u00a0entre la Russie et l\u2019Estonie.<\/a>\u00a0Sur les images diffus\u00e9es, on distingue clairement le drapeau noir du groupe\u00a0<a href=\"https:\/\/www.lefigaro.fr\/tag\/wagner\" target=\"_blank\" rel=\"sponsored noopener\" data-gtm-custom-categorie=\"navigation\" data-gtm-custom-action=\"crossclick\" data-gtm-custom-label=\"Contextuel\" data-gtm-event=\"customEventSPE\">Wagner<\/a>, avec un cr\u00e2ne blanc, flottant \u00e0 c\u00f4t\u00e9 de l\u2019embl\u00e8me officiel des gardes-fronti\u00e8res.<\/p>\n<p class=\"fig-paragraph\">Le minist\u00e8re estonien des Affaires \u00e9trang\u00e8res a r\u00e9agi sur X avec un message ironique. Le post, qui taguait le compte officiel du minist\u00e8re russe des Affaires \u00e9trang\u00e8res, faisait r\u00e9f\u00e9rence \u00e0 la mutinerie de Wagner en 2023\u00a0: \u00abWagner marche-t-il \u00e0 nouveau sur Moscou, ou commence-t-il cette fois-ci par Saint-P\u00e9tersbourg\u00a0?\u00bb Le tweet se terminait sur une note sarcastique\u00a0: \u00abQui sait&#8230;\u00bb.\u00a0<\/p>\n<p>                                    <a class=\"fig-a11y-skip a11y-hidden\" href=\"#fig-a11y-skip-main-inarticle\"><br \/>\n        Passer la publicit\u00e9<br \/>\n    <\/a><\/p>\n<p>\u00abUn signe de la fracture du syst\u00e8me russe\u00bb<\/p>\n<p class=\"fig-paragraph\">Le ministre estonien des Affaires \u00e9trang\u00e8res, Margus Tsahkna, a d\u00e9nonc\u00e9 un \u00absigne de la fracture du syst\u00e8me russe\u00bb. Selon lui, \u00ab le syst\u00e8me de fer de la Russie est en train de se d\u00e9sagr\u00e9ger sous l\u2019effet de la guerre d\u2019agression qu\u2019elle a lanc\u00e9e et de la pression continue exerc\u00e9e par l\u2019Occident\u00a0\u00bb.<\/p>\n<p class=\"fig-paragraph\"><a href=\"http:\/\/www.lefigaro.fr\/international\/africa-corps-le-nouveau-wagner-de-la-russie-en-afrique-20250619\" data-fig-type=\"Article\" data-gtm-custom-categorie=\"navigation\" data-gtm-custom-action=\"crossclick\" data-gtm-custom-label=\"Contextuel\" data-gtm-event=\"customEventSPE\" data-fig-domain=\"LEFIGARO\" target=\"_blank\" rel=\"noopener\">Le groupe Wagner, fond\u00e9 par Evgueni Prigojine,\u00a0<\/a>s\u2019est tristement illustr\u00e9 en Ukraine et sur d\u2019autres fronts, notamment en Syrie, en Libye et au Mali. En 2023, sa br\u00e8ve mutinerie avait \u00e9branl\u00e9 Moscou avant que Prigojine ne meure deux mois plus tard dans un crash d\u2019avion.<\/p>\n<p class=\"fig-paragraph\">L\u2019incident survient dans un contexte d\u00e9j\u00e0 tendu\u00a0: en mai 2024, les gardes-fronti\u00e8res russes avaient retir\u00e9 25 bou\u00e9es de navigation estoniennes, jug\u00e9es mal plac\u00e9es. La limite entre les deux pays est marqu\u00e9e par des bou\u00e9es dont une cinquantaine avait \u00e9t\u00e9 ancr\u00e9e le 13 mai dernier. Depuis, l\u2019Estonie a adress\u00e9 plusieurs notes diplomatiques \u00e0 Moscou pour d\u00e9noncer des actions jug\u00e9es \u00ab inacceptables\u00a0\u00bb.<\/p>\n","protected":false},"excerpt":{"rendered":"VID\u00c9O &#8211;\u00a0Un bateau russe a \u00e9t\u00e9 film\u00e9 en train de patrouiller sur la rivi\u00e8re Narva, \u00e0 la fronti\u00e8re&hellip;\n","protected":false},"author":2,"featured_media":509328,"comment_status":"","ping_status":"","sticky":false,"template":"","format":"standard","meta":{"footnotes":""},"categories":[1591],"tags":[11,1909,1887,12,1885,1886,132,8656],"class_list":{"0":"post-509327","1":"post","2":"type-post","3":"status-publish","4":"format-standard","5":"has-post-thumbnail","7":"category-russie","8":"tag-actualites","9":"tag-estonie","10":"tag-federation-de-russie","11":"tag-news","12":"tag-russia","13":"tag-russian-federation","14":"tag-russie","15":"tag-wagner"},"share_on_mastodon":{"url":"https:\/\/pubeurope.com\/@fr\/115487008579692810","error":""},"_links":{"self":[{"href":"https:\/\/www.europesays.com\/fr\/wp-json\/wp\/v2\/posts\/509327","targetHints":{"allow":["GET"]}}],"collection":[{"href":"https:\/\/www.europesays.com\/fr\/wp-json\/wp\/v2\/posts"}],"about":[{"href":"https:\/\/www.europesays.com\/fr\/wp-json\/wp\/v2\/types\/post"}],"author":[{"embeddable":true,"href":"https:\/\/www.europesays.com\/fr\/wp-json\/wp\/v2\/users\/2"}],"replies":[{"embeddable":true,"href":"https:\/\/www.europesays.com\/fr\/wp-json\/wp\/v2\/comments?post=509327"}],"version-history":[{"count":0,"href":"https:\/\/www.europesays.com\/fr\/wp-json\/wp\/v2\/posts\/509327\/revisions"}],"wp:featuredmedia":[{"embeddable":true,"href":"https:\/\/www.europesays.com\/fr\/wp-json\/wp\/v2\/media\/509328"}],"wp:attachment":[{"href":"https:\/\/www.europesays.com\/fr\/wp-json\/wp\/v2\/media?parent=509327"}],"wp:term":[{"taxonomy":"category","embeddable":true,"href":"https:\/\/www.europesays.com\/fr\/wp-json\/wp\/v2\/categories?post=509327"},{"taxonomy":"post_tag","embeddable":true,"href":"https:\/\/www.europesays.com\/fr\/wp-json\/wp\/v2\/tags?post=509327"}],"curies":[{"name":"wp","href":"https:\/\/api.w.org\/{rel}","templated":true}]}}