{"id":509333,"date":"2025-11-03T17:46:13","date_gmt":"2025-11-03T17:46:13","guid":{"rendered":"https:\/\/www.europesays.com\/fr\/509333\/"},"modified":"2025-11-03T17:46:13","modified_gmt":"2025-11-03T17:46:13","slug":"lhomme-soupconne-de-lattaque-au-couteau-dans-un-train-implique-dans-une-autre-agression","status":"publish","type":"post","link":"https:\/\/www.europesays.com\/fr\/509333\/","title":{"rendered":"L\u2019homme soup\u00e7onn\u00e9 de l\u2019attaque au couteau dans un train impliqu\u00e9 dans une autre agression"},"content":{"rendered":"<p>Le suspect de l\u2019attaque au <a href=\"https:\/\/www.20minutes.fr\/dossier\/coup_de_couteau\" class=\"c-link c-link--is-underlined\" target=\"_blank\" rel=\"noopener\">couteau<\/a> qui a fait dix bless\u00e9s samedi dans un train en <a href=\"https:\/\/www.20minutes.fr\/dossier\/angleterre\" class=\"c-link c-link--is-underlined\" target=\"_blank\" rel=\"noopener\">Angleterre<\/a> a \u00e9t\u00e9 inculp\u00e9 lundi matin pour tentatives de meurtre. Il est \u00e9galement accus\u00e9 d\u2019une agression dans le m\u00e9tro londonien.<\/p>\n<p>Cinq des dix personnes bless\u00e9es samedi soir sont toujours hospitalis\u00e9es, dont un employ\u00e9 de la compagnie ferroviaire LNER qui a essay\u00e9 d\u2019arr\u00eater l\u2019assaillant. L\u2019attaque a eu lieu dans un train parti de Doncaster vers la gare londonienne de King\u2019s Cross. Le conducteur a chang\u00e9 d\u2019itin\u00e9raire pour permettre \u00e0 la police et aux secours d\u2019intervenir en gare d\u2019Huntingdon, pr\u00e8s de <a href=\"https:\/\/www.20minutes.fr\/dossier\/cambridge\" class=\"c-link c-link--is-underlined\" target=\"_blank\" rel=\"noopener\">Cambridge<\/a>, peu avant 20 heures locales.<\/p>\n<p>Tentatives de meurtre \u00e0 l\u2019arme blanche contre onze personnes<\/p>\n<p>Anthony Williams, un Britannique de 32 ans n\u00e9 au Royaume-Uni, a comparu lundi devant un tribunal de Peterborough. Il a \u00e9t\u00e9 plac\u00e9 en d\u00e9tention provisoire. Mont\u00e9 dans le train \u00e0 grande vitesse \u00e0 Peterborough, il a \u00e9t\u00e9 inculp\u00e9 de tentatives de meurtre \u00e0 l\u2019arme blanche contre dix personnes, et contre une onzi\u00e8me plus t\u00f4t dans la m\u00eame journ\u00e9e dans l\u2019est de Londres, \u00e0 une station du r\u00e9seau de m\u00e9tro automatique Docklands Light Rail.<\/p>\n<\/p>\n<p>La police des transports \u00ab\u00a0examine \u00e9galement d\u2019autres infractions potentiellement li\u00e9es\u00a0\u00bb \u00e0 cet homme, a d\u00e9clar\u00e9 son chef adjoint, dans le communiqu\u00e9. Selon la ministre des transports, Anthony Williams n\u2019\u00e9tait \u00ab\u00a0pas connu des services de police antiterroriste, des services de s\u00e9curit\u00e9\u00a0\u00bb ou du programme britannique de pr\u00e9vention de la radicalisation.<\/p>\n<p>Plusieurs t\u00e9moins ont racont\u00e9 aux m\u00e9dias la panique au sein du wagon, le \u00ab\u00a0sang partout\u00a0\u00bb et les cris pour pr\u00e9venir les passagers qu\u2019un homme \u00ab\u00a0poignarde tout le monde\u00a0\u00bb. Il s\u2019est \u00e9coul\u00e9 huit minutes entre le moment o\u00f9 le signal d\u2019alarme a \u00e9t\u00e9 tir\u00e9 dans le train et l\u2019arrestation du suspect.<\/p>\n","protected":false},"excerpt":{"rendered":"Le suspect de l\u2019attaque au couteau qui a fait dix bless\u00e9s samedi dans un train en Angleterre a&hellip;\n","protected":false},"author":2,"featured_media":509334,"comment_status":"","ping_status":"","sticky":false,"template":"","format":"standard","meta":{"footnotes":""},"categories":[1588],"tags":[47,11,4708,42574,7623,1777,674,4534,74,12,473,1853,1851,1850,1852],"class_list":{"0":"post-509333","1":"post","2":"type-post","3":"status-publish","4":"format-standard","5":"has-post-thumbnail","7":"category-royaume-uni","8":"tag-actualite","9":"tag-actualites","10":"tag-angleterre","11":"tag-cambridge","12":"tag-coup-de-couteau","13":"tag-eu","14":"tag-europe","15":"tag-londres","16":"tag-monde","17":"tag-news","18":"tag-royaume-uni","19":"tag-royaume-uni-de-grande-bretagne-et-dirlande-du-nord","20":"tag-uk","21":"tag-united-kingdom","22":"tag-united-kingdom-of-great-britain-and-northern-ireland"},"share_on_mastodon":{"url":"https:\/\/pubeurope.com\/@fr\/115487020481166573","error":""},"_links":{"self":[{"href":"https:\/\/www.europesays.com\/fr\/wp-json\/wp\/v2\/posts\/509333","targetHints":{"allow":["GET"]}}],"collection":[{"href":"https:\/\/www.europesays.com\/fr\/wp-json\/wp\/v2\/posts"}],"about":[{"href":"https:\/\/www.europesays.com\/fr\/wp-json\/wp\/v2\/types\/post"}],"author":[{"embeddable":true,"href":"https:\/\/www.europesays.com\/fr\/wp-json\/wp\/v2\/users\/2"}],"replies":[{"embeddable":true,"href":"https:\/\/www.europesays.com\/fr\/wp-json\/wp\/v2\/comments?post=509333"}],"version-history":[{"count":0,"href":"https:\/\/www.europesays.com\/fr\/wp-json\/wp\/v2\/posts\/509333\/revisions"}],"wp:featuredmedia":[{"embeddable":true,"href":"https:\/\/www.europesays.com\/fr\/wp-json\/wp\/v2\/media\/509334"}],"wp:attachment":[{"href":"https:\/\/www.europesays.com\/fr\/wp-json\/wp\/v2\/media?parent=509333"}],"wp:term":[{"taxonomy":"category","embeddable":true,"href":"https:\/\/www.europesays.com\/fr\/wp-json\/wp\/v2\/categories?post=509333"},{"taxonomy":"post_tag","embeddable":true,"href":"https:\/\/www.europesays.com\/fr\/wp-json\/wp\/v2\/tags?post=509333"}],"curies":[{"name":"wp","href":"https:\/\/api.w.org\/{rel}","templated":true}]}}