{"id":509335,"date":"2025-11-03T17:47:14","date_gmt":"2025-11-03T17:47:14","guid":{"rendered":"https:\/\/www.europesays.com\/fr\/509335\/"},"modified":"2025-11-03T17:47:14","modified_gmt":"2025-11-03T17:47:14","slug":"grippe-aviaire-en-allemagne-pres-dun-million-doiseaux-abattus","status":"publish","type":"post","link":"https:\/\/www.europesays.com\/fr\/509335\/","title":{"rendered":"Grippe aviaire en Allemagne: pr\u00e8s d&rsquo;un million d&rsquo;oiseaux abattus"},"content":{"rendered":"<p class=\"ap-StoryElement ap-StoryElement--mb ap-StoryText\">\u00ab\u00a0La vague d&rsquo;infections a commenc\u00e9 tr\u00e8s t\u00f4t en 2025 et nous devons maintenant attendre de voir si elle s&rsquo;att\u00e9nuera \u00e9galement plus t\u00f4t\u00a0\u00bb, a d\u00e9clar\u00e9 une porte-parole de l&rsquo;agence de sant\u00e9 animale.<\/p>\n<p class=\"ap-StoryElement ap-StoryElement--mb ap-StoryText\">Selon le FLI, la grippe aviaire avait touch\u00e9 au total 286 \u00e9levages de volailles, zoos et exploitations priv\u00e9es en 2021. Plus de deux millions d&rsquo;animaux d&rsquo;\u00e9levage ont \u00e9t\u00e9 abattus cette ann\u00e9e-l\u00e0. Si l&rsquo;infection continue de se propager au m\u00eame rythme, des chiffres similaires peuvent \u00eatre attendus d&rsquo;ici la fin de l&rsquo;ann\u00e9e, a d\u00e9clar\u00e9 la porte-parole.<\/p>\n","protected":false},"excerpt":{"rendered":"\u00ab\u00a0La vague d&rsquo;infections a commenc\u00e9 tr\u00e8s t\u00f4t en 2025 et nous devons maintenant attendre de voir si elle&hellip;\n","protected":false},"author":2,"featured_media":2837,"comment_status":"","ping_status":"","sticky":false,"template":"","format":"standard","meta":{"footnotes":""},"categories":[1587],"tags":[11,672,1867,1804,1805,1803,1777,674,1801,12,1802,71],"class_list":{"0":"post-509335","1":"post","2":"type-post","3":"status-publish","4":"format-standard","5":"has-post-thumbnail","7":"category-allemagne","8":"tag-actualites","9":"tag-allemagne","10":"tag-animaux","11":"tag-bundesrepublik-deutschland","12":"tag-de","13":"tag-deutschland","14":"tag-eu","15":"tag-europe","16":"tag-germany","17":"tag-news","18":"tag-republique-federale-dallemagne","19":"tag-sante"},"share_on_mastodon":{"url":"https:\/\/pubeurope.com\/@fr\/115487024374955301","error":""},"_links":{"self":[{"href":"https:\/\/www.europesays.com\/fr\/wp-json\/wp\/v2\/posts\/509335","targetHints":{"allow":["GET"]}}],"collection":[{"href":"https:\/\/www.europesays.com\/fr\/wp-json\/wp\/v2\/posts"}],"about":[{"href":"https:\/\/www.europesays.com\/fr\/wp-json\/wp\/v2\/types\/post"}],"author":[{"embeddable":true,"href":"https:\/\/www.europesays.com\/fr\/wp-json\/wp\/v2\/users\/2"}],"replies":[{"embeddable":true,"href":"https:\/\/www.europesays.com\/fr\/wp-json\/wp\/v2\/comments?post=509335"}],"version-history":[{"count":0,"href":"https:\/\/www.europesays.com\/fr\/wp-json\/wp\/v2\/posts\/509335\/revisions"}],"wp:featuredmedia":[{"embeddable":true,"href":"https:\/\/www.europesays.com\/fr\/wp-json\/wp\/v2\/media\/2837"}],"wp:attachment":[{"href":"https:\/\/www.europesays.com\/fr\/wp-json\/wp\/v2\/media?parent=509335"}],"wp:term":[{"taxonomy":"category","embeddable":true,"href":"https:\/\/www.europesays.com\/fr\/wp-json\/wp\/v2\/categories?post=509335"},{"taxonomy":"post_tag","embeddable":true,"href":"https:\/\/www.europesays.com\/fr\/wp-json\/wp\/v2\/tags?post=509335"}],"curies":[{"name":"wp","href":"https:\/\/api.w.org\/{rel}","templated":true}]}}