{"id":509336,"date":"2025-11-03T17:48:16","date_gmt":"2025-11-03T17:48:16","guid":{"rendered":"https:\/\/www.europesays.com\/fr\/509336\/"},"modified":"2025-11-03T17:48:16","modified_gmt":"2025-11-03T17:48:16","slug":"cinq-champions-deurope-parisiens-dans-le-11-fifpro-de-lannee","status":"publish","type":"post","link":"https:\/\/www.europesays.com\/fr\/509336\/","title":{"rendered":"cinq champions d\u2019Europe parisiens dans le 11 FifPro de l\u2019ann\u00e9e"},"content":{"rendered":"<p>\n    Le syndicat de joueurs a d\u00e9voil\u00e9 son 11 de la saison \u00e9coul\u00e9e. Un 11 dans lequel le champion d\u2019Europe parisien est largement repr\u00e9sent\u00e9.<\/p>\n<p class=\"fig-paragraph\">\u00c0 tout seigneur, tout honneur. Le PSG a plac\u00e9 quatre de ses joueurs au sein du 11 de la FifPro. En l\u2019occurrence,\u00a0<a href=\"http:\/\/www.lefigaro.fr\/sports\/football\/ligue-des-champions\/ballon-d-or-ousmane-dembele-l-artiste-devenu-tueur-20250922\" data-fig-type=\"NewsFlash\" data-gtm-custom-categorie=\"navigation\" data-gtm-custom-action=\"crossclick\" data-gtm-custom-label=\"Contextuel\" data-gtm-event=\"customEventSPE\" data-fig-domain=\"LEFIGARO\" target=\"_blank\" rel=\"noopener\">le Ballon d\u2019or Ousmane Demb\u00e9l\u00e9<\/a>, Vitinha, Nuno Mendes et Achraf Hakimi sont cit\u00e9s, plus Gianluigi Donnarumma, qui a quitt\u00e9 le club de la capitale pour Manchester City apr\u00e8s\u00a0<a href=\"http:\/\/www.lefigaro.fr\/sports\/football\/ligue-des-champions\/ligue-des-champions-le-psg-enfin-sur-le-toit-de-l-europe-ca-valait-le-coup-d-attendre-20250601\" data-fig-type=\"NewsFlash\" data-gtm-custom-categorie=\"navigation\" data-gtm-custom-action=\"crossclick\" data-gtm-custom-label=\"Contextuel\" data-gtm-event=\"customEventSPE\" data-fig-domain=\"LEFIGARO\" target=\"_blank\" rel=\"noopener\">le sacre en Ligue des champions<\/a>. Deux joueurs fran\u00e7ais dans la liste, \u00abDembouz\u00bb et Kylian Mbapp\u00e9 (Real). Plus de 26.000 joueurs ont vot\u00e9 pour confectionner ce 11. \u00c0 noter que le Barcelonais Lamine Yamal est, \u00e0 18 ans, le plus jeune joueur \u00e0 y figurer.<\/p>\n<p class=\"fig-paragraph\">Chez les dames, aucune joueuse tricolore dans un 11 domin\u00e9 par les championnes d\u2019Europe anglaises. La d\u00e9fenseuse anglaise Lucy Bronze est nomm\u00e9e pour la huiti\u00e8me fois, c\u2019est un record. Enfin, deux joueuses africaines dans la liste (Banda, Chebbak), c\u2019est une grande premi\u00e8re.<\/p>\n<p>                                    <a class=\"fig-a11y-skip a11y-hidden\" href=\"#fig-a11y-skip-main-inarticle\"><br \/>\n        Passer la publicit\u00e9<br \/>\n    <\/a><\/p>\n<p class=\"fig-paragraph\"><strong>Le 11 masculin<\/strong> : Gianluigi Donnarumma (PSG\/Manchester City, Italie) &#8211; Virgil van Dijk (Liverpool, Pays-Bas), Achraf Hakimi (PSG, Maroc), Nuno Mendes (PSG, Portugal) &#8211; Jude Bellingham (Real Madrid, Angleterre), Cole Palmer (Chelsea, Angleterre), Pedri (Barcelone, Espagne), Vitinha (PSG, Portugal) &#8211; <strong>Ousmane Dembele<\/strong> (PSG, France), <strong>Kylian Mbappe<\/strong> (Real Madrid, France), Lamine Yamal (Barcelona, Espagne)<\/p>\n<p class=\"fig-paragraph\"><strong>Le 11 f\u00e9minin<\/strong> : Hannah Hampton (Chelsea, Angleterre) &#8211; Ona Batlle (Barcelona, Espagne), Millie Bright (Chelsea, Angleterre), Lucy Bronze (Chelsea, Angleterre), Leah Williamson (Arsenal, Angleterre) &#8211; Aitana Bonmati (Barcelona, Espagne), Ghizlane Chebbak (Badalone\/Al-Hilal, Maroc), Alexia Putellas (Barcelone, Espagne) &#8211; Barbra Banda (Orlando Pride, Zambie), Chloe Kelly (Manchester City\/Arsenal, Angleterre), Alessia Russo (Arsenal, Angleterre)<\/p>\n","protected":false},"excerpt":{"rendered":"Le syndicat de joueurs a d\u00e9voil\u00e9 son 11 de la saison \u00e9coul\u00e9e. Un 11 dans lequel le champion&hellip;\n","protected":false},"author":2,"featured_media":509337,"comment_status":"","ping_status":"","sticky":false,"template":"","format":"standard","meta":{"footnotes":""},"categories":[1586],"tags":[11,1777,674,1011,27,10528,12,5210,2782,93,25,13296],"class_list":{"0":"post-509336","1":"post","2":"type-post","3":"status-publish","4":"format-standard","5":"has-post-thumbnail","7":"category-europe","8":"tag-actualites","9":"tag-eu","10":"tag-europe","11":"tag-fr","12":"tag-france","13":"tag-gianluigi-donnarumma","14":"tag-news","15":"tag-nuno-mendes","16":"tag-ousmane-dembele","17":"tag-psg","18":"tag-republique-francaise","19":"tag-vitinha"},"share_on_mastodon":{"url":"https:\/\/pubeurope.com\/@fr\/115487028353816197","error":""},"_links":{"self":[{"href":"https:\/\/www.europesays.com\/fr\/wp-json\/wp\/v2\/posts\/509336","targetHints":{"allow":["GET"]}}],"collection":[{"href":"https:\/\/www.europesays.com\/fr\/wp-json\/wp\/v2\/posts"}],"about":[{"href":"https:\/\/www.europesays.com\/fr\/wp-json\/wp\/v2\/types\/post"}],"author":[{"embeddable":true,"href":"https:\/\/www.europesays.com\/fr\/wp-json\/wp\/v2\/users\/2"}],"replies":[{"embeddable":true,"href":"https:\/\/www.europesays.com\/fr\/wp-json\/wp\/v2\/comments?post=509336"}],"version-history":[{"count":0,"href":"https:\/\/www.europesays.com\/fr\/wp-json\/wp\/v2\/posts\/509336\/revisions"}],"wp:featuredmedia":[{"embeddable":true,"href":"https:\/\/www.europesays.com\/fr\/wp-json\/wp\/v2\/media\/509337"}],"wp:attachment":[{"href":"https:\/\/www.europesays.com\/fr\/wp-json\/wp\/v2\/media?parent=509336"}],"wp:term":[{"taxonomy":"category","embeddable":true,"href":"https:\/\/www.europesays.com\/fr\/wp-json\/wp\/v2\/categories?post=509336"},{"taxonomy":"post_tag","embeddable":true,"href":"https:\/\/www.europesays.com\/fr\/wp-json\/wp\/v2\/tags?post=509336"}],"curies":[{"name":"wp","href":"https:\/\/api.w.org\/{rel}","templated":true}]}}