{"id":509358,"date":"2025-11-03T18:06:13","date_gmt":"2025-11-03T18:06:13","guid":{"rendered":"https:\/\/www.europesays.com\/fr\/509358\/"},"modified":"2025-11-03T18:06:13","modified_gmt":"2025-11-03T18:06:13","slug":"je-vais-te-defroquer-pascal-soetens-a-bout-de-nerfs-chez-jordan-de-luxe-lanimateur-bleme-de-peur","status":"publish","type":"post","link":"https:\/\/www.europesays.com\/fr\/509358\/","title":{"rendered":"\u00ab\u00a0Je vais te d\u00e9froquer !\u201d : Pascal Soetens \u00e0 bout de nerfs chez Jordan de Luxe, l\u2019animateur bl\u00eame de peur"},"content":{"rendered":"<p>La tension est mont\u00e9e d\u2019un cran <a href=\"https:\/\/www.closermag.fr\/politique\/vous-pouvez-lui-mettre-sequence-lunaire-chez-jordan-de-luxe-jean-lassalle-surveille-par-sa-femme-3590511\" target=\"_blank\" rel=\"noopener\"><br \/>\nsur le plateau de Jet de Luxe.<\/a> Invit\u00e9 de l\u2019\u00e9mission<br \/>\ndiffus\u00e9e sur YouTube, Pascal Soetens a litt\u00e9ralement perdu son<br \/>\ncalme face aux questions insistantes de Jordan de Luxe. Une<br \/>\ns\u00e9quence tendue, qui a mis l\u2019animateur mal \u00e0 l\u2019aise.<\/p>\n<p>Tout a commenc\u00e9 lorsque Jordan de Luxe a abord\u00e9 le sujet<br \/>\nsensible de l\u2019argent. \u201cQuand on s&rsquo;appelle Pascal Soetens, on<br \/>\ngagne combien par mois ?\u201d a-t-il demand\u00e9. Agac\u00e9, le c\u00e9l\u00e8bre<br \/>\n\u201cGrand fr\u00e8re\u201d l\u2019a imm\u00e9diatement coup\u00e9 : \u201cNe parle pas d\u2019argent<br \/>\navec moi, tu sais tr\u00e8s bien que j\u2019aime pas \u00e7a.\u201d Mais<br \/>\nl\u2019animateur a insist\u00e9, rappelant que Pascal avait \u00e9voqu\u00e9 ses<br \/>\ndifficult\u00e9s financi\u00e8res par le pass\u00e9.<\/p>\n<p>Une interview qui tourne au clash<\/p>\n<p>Tr\u00e8s vite, le ton est mont\u00e9. Exasp\u00e9r\u00e9, Pascal a corrig\u00e9 :<br \/>\n\u201cQuand j\u2019ai dit que je gagnais 458 \u20ac, c\u2019\u00e9tait vrai, mais je<br \/>\ngagnais de l\u2019argent \u00e0 c\u00f4t\u00e9.\u201d L\u2019ancien \u00e9ducateur a visiblement<br \/>\nmal v\u00e9cu les rumeurs autour de sa pr\u00e9tendue ruine. Et quand Jordan<br \/>\na voulu savoir combien avait co\u00fbt\u00e9 sa nouvelle salle de sport,<br \/>\nPascal s\u2019est crisp\u00e9 : \u201cTu penses que je vais mettre mon argent<br \/>\nperso dans la salle ?\u201d<\/p>\n<p>L\u2019\u00e9change s\u2019est encore envenim\u00e9 lorsque le chroniqueur a \u00e9voqu\u00e9<br \/>\nles cachets touch\u00e9s pour l\u2019\u00e9mission Lol : qui rit sort !.<br \/>\nPascal, tr\u00e8s agac\u00e9, a refus\u00e9 de r\u00e9pondre. \u201cJ\u2019suis pay\u00e9 ici<br \/>\n?\u201d a-t-il lanc\u00e9 \u00e0 Jordan qui lui a r\u00e9pondu qu\u2019il ne l\u2019\u00e9tait<br \/>\npas, puis il a ajout\u00e9 s\u00e8chement : \u201cEt bien tu es bien le<br \/>\nseul.\u201d De plus en plus nerveux, il a fini par exploser :<br \/>\n\u201cT\u2019es en train de me chauffer, arr\u00eate avec tes questions \u00e0 la<br \/>\ncon.\u201d<\/p>\n<p>\u201cJe vais te d\u00e9froquer !\u201d<\/p>\n<p>C\u2019est \u00e0 ce moment que la situation a d\u00e9rap\u00e9. Perdant patience,<br \/>\nPascal a menac\u00e9 Jordan en pleine interview : \u201cEh, je vais te<br \/>\nd\u00e9froquer ! Je vais te d\u00e9froquer !\u201d Interloqu\u00e9, l\u2019animateur a<br \/>\ntent\u00e9 de calmer le jeu : \u201cMais pourquoi vous me dites \u00e7a<br \/>\n?\u201d Mais l\u2019ex-Grand fr\u00e8re, visiblement \u00e0 bout, a poursuivi :<br \/>\n\u201cArr\u00eate d\u2019insister, maintenant on arr\u00eate, allez<br \/>\ntchao.\u201d<\/p>\n<p>Alors que Jordan voulait le retenir, Pascal l\u2019a somm\u00e9 :<br \/>\n\u201cReste assis !\u201d et la repouss\u00e9 dans son si\u00e8ge.<br \/>\nL\u2019animateur, bl\u00eame, a r\u00e9pondu : \u201cVous \u00eates fou ou quoi ?\u201d<br \/>\nCe \u00e0 quoi Pascal a r\u00e9torqu\u00e9 : \u201cOuais, je suis fou, tu insistes,<br \/>\nmaintenant on arr\u00eate.\u201d Le ton \u00e9tait si tendu que Jordan a fini<br \/>\npar en trembler. \u201cT\u2019as peur l\u00e0 ? Tu sais que j\u2019peux aller loin,<br \/>\nfais attention.\u201d<\/p>\n<p>Un \u00e9change qui finit dans le calme<\/p>\n<p>Heureusement, les deux hommes ont fini par se r\u00e9concilier.<br \/>\nJordan a pr\u00e9sent\u00e9 ses excuses, expliquant qu\u2019il \u201cle taquinait\u201d.<br \/>\nPascal, encore nerveux, a fini par lui rendre un sourire et les<br \/>\ndeux se sont fait un check. La s\u00e9quence a montr\u00e9 un Pascal<br \/>\nSoetens totalement capable de perdre son sang-froid.<\/p>\n<p>L\u2019\u00e9ducateur de 54 ans a sembl\u00e9 tendu. En f\u00e9vrier 2024, il \u00e9tait<br \/>\npourtant all\u00e9 <a href=\"https:\/\/www.closermag.fr\/people\/trois-personnes-emu-aux-larmes-pascal-soetens-raconte-le-terrible-drame-quil-a-vecu-avant-noel-3411616\" target=\"_blank\" rel=\"noopener\"><br \/>\nse confier dans l\u2019\u00e9mission de Jordan de Luxe<\/a>, o\u00f9 il avait parl\u00e9<br \/>\nd\u2019un <a href=\"https:\/\/www.closermag.fr\/people\/trois-personnes-emu-aux-larmes-pascal-soetens-raconte-le-terrible-drame-quil-a-vecu-avant-noel-3411616\" target=\"_blank\" rel=\"noopener\"><br \/>\ndrame familial qui l\u2019a profond\u00e9ment marqu\u00e9<\/a> : \u201cJ\u2019ai perdu ma<br \/>\nmarraine, mon oncle et mon cousin dans un incendie. C\u2019\u00e9tait juste<br \/>\navant No\u00ebl.\u201d Une \u00e9preuve terrible qu\u2019il avait v\u00e9cue en plein<br \/>\ntournage. Malgr\u00e9 le clash, Pascal et Jordan ont finis l\u2019\u00e9mission<br \/>\navec le sourire.\u00a0<\/p>\n","protected":false},"excerpt":{"rendered":"La tension est mont\u00e9e d\u2019un cran sur le plateau de Jet de Luxe. Invit\u00e9 de l\u2019\u00e9mission diffus\u00e9e sur&hellip;\n","protected":false},"author":2,"featured_media":509359,"comment_status":"","ping_status":"","sticky":false,"template":"","format":"standard","meta":{"footnotes":""},"categories":[1356],"tags":[10281,58,59,1011,27,4829,12047,252,1364,729],"class_list":{"0":"post-509358","1":"post","2":"type-post","3":"status-publish","4":"format-standard","5":"has-post-thumbnail","7":"category-television","8":"tag-buzz-nonli","9":"tag-divertissement","10":"tag-entertainment","11":"tag-fr","12":"tag-france","13":"tag-jordan-de-luxe","14":"tag-pascal-soetens","15":"tag-television","16":"tag-tv","17":"tag-yout_video"},"share_on_mastodon":{"url":"","error":""},"_links":{"self":[{"href":"https:\/\/www.europesays.com\/fr\/wp-json\/wp\/v2\/posts\/509358","targetHints":{"allow":["GET"]}}],"collection":[{"href":"https:\/\/www.europesays.com\/fr\/wp-json\/wp\/v2\/posts"}],"about":[{"href":"https:\/\/www.europesays.com\/fr\/wp-json\/wp\/v2\/types\/post"}],"author":[{"embeddable":true,"href":"https:\/\/www.europesays.com\/fr\/wp-json\/wp\/v2\/users\/2"}],"replies":[{"embeddable":true,"href":"https:\/\/www.europesays.com\/fr\/wp-json\/wp\/v2\/comments?post=509358"}],"version-history":[{"count":0,"href":"https:\/\/www.europesays.com\/fr\/wp-json\/wp\/v2\/posts\/509358\/revisions"}],"wp:featuredmedia":[{"embeddable":true,"href":"https:\/\/www.europesays.com\/fr\/wp-json\/wp\/v2\/media\/509359"}],"wp:attachment":[{"href":"https:\/\/www.europesays.com\/fr\/wp-json\/wp\/v2\/media?parent=509358"}],"wp:term":[{"taxonomy":"category","embeddable":true,"href":"https:\/\/www.europesays.com\/fr\/wp-json\/wp\/v2\/categories?post=509358"},{"taxonomy":"post_tag","embeddable":true,"href":"https:\/\/www.europesays.com\/fr\/wp-json\/wp\/v2\/tags?post=509358"}],"curies":[{"name":"wp","href":"https:\/\/api.w.org\/{rel}","templated":true}]}}