{"id":509360,"date":"2025-11-03T18:07:13","date_gmt":"2025-11-03T18:07:13","guid":{"rendered":"https:\/\/www.europesays.com\/fr\/509360\/"},"modified":"2025-11-03T18:07:13","modified_gmt":"2025-11-03T18:07:13","slug":"on-me-fait-un-business-plan-et-on-mexplique-que","status":"publish","type":"post","link":"https:\/\/www.europesays.com\/fr\/509360\/","title":{"rendered":"On me fait un business plan et on m&rsquo;explique que&#8230;"},"content":{"rendered":"<p>\n                            Il n&rsquo;y a aucun sujet tabou pour Florent Pagny. M\u00eame celui de l&rsquo;argent. Le chanteur, qui gagne tr\u00e8s bien sa vie, a pouss\u00e9 un coup de gueule sur les abus dans le milieu&#8230;<\/p>\n<p>De retour avec un nouvel album intitul\u00e9 Grandeur nature, le chanteur <a href=\"https:\/\/www.journaldesfemmes.fr\/people\/florent-pagny\/\" title=\"Florent Pagny\" target=\"_blank\" rel=\"noopener\">Florent Pagny<\/a> multiplie les confidences en promo et ne fait de langue de bois sur aucun sujet : son cancer, The Voice ou encore l&rsquo;argent&#8230; Invit\u00e9\u00a0dans Le Grand Studio\u00a0de RTL, il a notamment \u00e9voqu\u00e9 les d\u00e9rives du milieu \u00e0 l&rsquo;heure o\u00f9 tout le monde doit se serrer la ceinture.<\/p>\n<p>Florent Pagny tacle ses confr\u00e8res : \u00ab\u00a0Arr\u00eatez on ne peut pas faire \u00e7a, c&rsquo;est pas gentil\u00a0\u00bb<\/p>\n<p>Comme \u00e0 son habitude, l&rsquo;interpr\u00e8te du tube Savoir aimer n&rsquo;a pas m\u00e2ch\u00e9 ses mots. Interrog\u00e9 sur son envie ou non de se produire un jour au Stade de France comme d&rsquo;autres artistes populaires &#8211; Aya Nakamura vient par exemple d&rsquo;annoncer pas moins de 3 dates dans cette enceinte -, Florent Pagny a fait savoir qu&rsquo;il refusait cat\u00e9goriquement d&rsquo;y jouer\u2026 Pour des raisons financi\u00e8res\u00a0!\u00a0<\/p>\n<p>\u00ab\u00a0Tu pourrais faire le Stade de France, mais tu ne veux pas le faire parce que tu ne veux pas demander aux gens qui t&rsquo;aiment et qui te suivent de payer trop cher\u00a0?\u00a0\u00bb, lui a effectivement demand\u00e9 son interlocuteur.\u00a0Ce \u00e0 quoi Florent Pagny a imm\u00e9diatement r\u00e9pondu\u00a0: \u00ab\u00a0Quand on me fait un business plan et qu&rsquo;on m&rsquo;explique\u00a0: &lsquo;Ok, on peut faire les stades mais c&rsquo;est 140\u00a0balles devant et 90\u00a0euros derri\u00e8re&rsquo;. Tu te dis\u00a0: &lsquo;Arr\u00eatez on ne peut pas faire \u00e7a, c&rsquo;est pas gentil&rsquo;.\u00a0\u00bb <\/p>\n<p><a class=\"fancy\" href=\"https:\/\/img-3.journaldesfemmes.fr\/hxUxR-QddwumVsbrYY57Oc0UvCE=\/1080x\/smart\/e9d730dc9a3045f6a80858b682bf221a\/ccmcms-jdf\/40052752.jpg\" target=\"_blank\" rel=\"noopener\"><img decoding=\"async\" alt=\"\" src=\"https:\/\/www.europesays.com\/fr\/wp-content\/uploads\/2025\/11\/40052752.jpg\"\/><\/a><\/p>\n<p>Florent Pagny et sa femme \u00a9\u00a0Laurent VU\/SIPA <\/p>\n<p>En effet, les prix des places de concert ont \u00e9norm\u00e9ment augment\u00e9 ces derni\u00e8res ann\u00e9es et particuli\u00e8rement pour les concerts au Stade de France. Par exemple, Beyonc\u00e9 demandait jusqu&rsquo;\u00e0 277 euros en carr\u00e9 Or et\u00a0The Weeknd, pour ses concerts de l&rsquo;an prochain, r\u00e9clame de son c\u00f4t\u00e9 jusqu&rsquo;\u00e0 222 euros&#8230;\u00a0\u00ab\u00a0Alors je ne vais pas faire les stades\u00a0\u00bb, a finalement assur\u00e9 Florent Pagny.\u00a0<\/p>\n<p>\u00ab\u00a0C&rsquo;est vrai que c&rsquo;est un budget\u00a0\u00bb<\/p>\n<p>Dans la foul\u00e9e, celui qui partage sa vie avec Azucena depuis 1993, a d\u00e9taill\u00e9 ses propos\u00a0: \u00ab\u00a0\u00c0 la fin de toute fa\u00e7on, c&rsquo;est vrai que c&rsquo;est un budget (\u2026) Quand ils arrivent \u00e0 quatre \u00e7a fait un gros budget et donc il ne faut pas qu&rsquo;\u00e0 un moment ils se disent : &lsquo;Pourquoi je suis venu l\u00e0\u00a0?'\u00a0\u00bb\u00a0Et Florent Pagny de conclure\u00a0: \u00ab\u00a0Il faut que ce soit impeccable et que le spectacle soit au niveau de ce qu&rsquo;on doit vivre aujourd&rsquo;hui\u00a0\u00bb.\u00a0<\/p>\n<p>Coh\u00e9rent, Florent Pagny &#8211; qui partage donc la m\u00eame vision que Nicola Sirkis, qui plafonne le prix des places pour ses concerts avec Indochine &#8211; se tourne ainsi vers des salles \u00e0 taille humaine, comme des Z\u00e9niths, et cela ne l&#8217;emp\u00eache pas de se produire partout en France. Celui qui vient d&rsquo;acqu\u00e9rir une ferme sur ses terres natales, la Bourgogne, partira en effet en tourn\u00e9e d\u00e8s mars 2026.\u00a0<\/p>\n","protected":false},"excerpt":{"rendered":"Il n&rsquo;y a aucun sujet tabou pour Florent Pagny. M\u00eame celui de l&rsquo;argent. Le chanteur, qui gagne tr\u00e8s&hellip;\n","protected":false},"author":2,"featured_media":509361,"comment_status":"","ping_status":"","sticky":false,"template":"","format":"standard","meta":{"footnotes":""},"categories":[1355],"tags":[3723,63075,51761,58,59,3109,51763,1011,27,51766,1361,873,51767],"class_list":{"0":"post-509360","1":"post","2":"type-post","3":"status-publish","4":"format-standard","5":"has-post-thumbnail","7":"category-musique","8":"tag-actus","9":"tag-cms-journaldesfemmes-3246220","10":"tag-controller-content","11":"tag-divertissement","12":"tag-entertainment","13":"tag-florent-pagny","14":"tag-format-papier","15":"tag-fr","16":"tag-france","17":"tag-les-histoires-du-jdf","18":"tag-music","19":"tag-musique","20":"tag-parallaxeinfeed"},"share_on_mastodon":{"url":"https:\/\/pubeurope.com\/@fr\/115487103766547473","error":""},"_links":{"self":[{"href":"https:\/\/www.europesays.com\/fr\/wp-json\/wp\/v2\/posts\/509360","targetHints":{"allow":["GET"]}}],"collection":[{"href":"https:\/\/www.europesays.com\/fr\/wp-json\/wp\/v2\/posts"}],"about":[{"href":"https:\/\/www.europesays.com\/fr\/wp-json\/wp\/v2\/types\/post"}],"author":[{"embeddable":true,"href":"https:\/\/www.europesays.com\/fr\/wp-json\/wp\/v2\/users\/2"}],"replies":[{"embeddable":true,"href":"https:\/\/www.europesays.com\/fr\/wp-json\/wp\/v2\/comments?post=509360"}],"version-history":[{"count":0,"href":"https:\/\/www.europesays.com\/fr\/wp-json\/wp\/v2\/posts\/509360\/revisions"}],"wp:featuredmedia":[{"embeddable":true,"href":"https:\/\/www.europesays.com\/fr\/wp-json\/wp\/v2\/media\/509361"}],"wp:attachment":[{"href":"https:\/\/www.europesays.com\/fr\/wp-json\/wp\/v2\/media?parent=509360"}],"wp:term":[{"taxonomy":"category","embeddable":true,"href":"https:\/\/www.europesays.com\/fr\/wp-json\/wp\/v2\/categories?post=509360"},{"taxonomy":"post_tag","embeddable":true,"href":"https:\/\/www.europesays.com\/fr\/wp-json\/wp\/v2\/tags?post=509360"}],"curies":[{"name":"wp","href":"https:\/\/api.w.org\/{rel}","templated":true}]}}