{"id":509374,"date":"2025-11-03T18:14:14","date_gmt":"2025-11-03T18:14:14","guid":{"rendered":"https:\/\/www.europesays.com\/fr\/509374\/"},"modified":"2025-11-03T18:14:14","modified_gmt":"2025-11-03T18:14:14","slug":"pourquoi-la-polemique-sur-letroitesse-de-lespace-aerien-pour-les-f-35-est-un-peu-tiree-par-les-cheveux","status":"publish","type":"post","link":"https:\/\/www.europesays.com\/fr\/509374\/","title":{"rendered":"Pourquoi la pol\u00e9mique sur l\u2019\u00e9troitesse de l\u2019espace a\u00e9rien pour les F-35 est un peu tir\u00e9e par les cheveux\u00a0?"},"content":{"rendered":"<p>Un \u00ab\u00a0fiasco\u00a0\u00bb, voire un scandale, a-t-on pu lire\u2026 L\u2019espace a\u00e9rien de la <a href=\"https:\/\/www.20minutes.fr\/dossier\/belgique\" class=\"c-link c-link--is-underlined\" target=\"_blank\" rel=\"noopener\">Belgique<\/a> serait trop petit pour faire voler les <a href=\"https:\/\/www.20minutes.fr\/societe\/4144099-20250319-avion-chasse-f-35-kill-switch-etre-immobilise-distance-captif-etat-americain\" class=\"c-link c-link--is-underlined\" target=\"_blank\" rel=\"noopener\">F-35<\/a> am\u00e9ricains tout neufs que le pays commence \u00e0 r\u00e9ceptionner.<\/p>\n<p>La Belgique a command\u00e9 en tout 34 appareils, pour 5,6\u00a0milliards d\u2019euros, \u00e0 Lockheed Martin, pour remplacer les <a href=\"https:\/\/www.20minutes.fr\/monde\/4158332-20250613-guerre-ukraine-pourquoi-destruction-su-35-russe-f-16-consideree-comme-historique\" class=\"c-link c-link--is-underlined\" target=\"_blank\" rel=\"noopener\">F-16<\/a> de sa force a\u00e9rienne. Trois d\u2019entre eux &#8211; un quatri\u00e8me est rest\u00e9 bloqu\u00e9 aux A\u00e7ores en raison d\u2019un probl\u00e8me technique &#8211; sont arriv\u00e9s le 13\u00a0octobre sur la base a\u00e9rienne de Florennes.<\/p>\n<p>N\u00e9gociation d\u2019accords avec l\u2019Italie et les Pays-Bas<\/p>\n<p>Questionn\u00e9 il y a quelques jours lors d\u2019une audition parlementaire, Th\u00e9o Francken, le ministre belge de la D\u00e9fense, a effectivement indiqu\u00e9 que \u00ab\u00a0notre espace a\u00e9rien ne suffira pas pour absorber les missions de formation\u00a0\u00bb, et que la Belgique n\u00e9gociait \u00ab\u00a0des accords de coop\u00e9ration avec l\u2019<a href=\"https:\/\/www.20minutes.fr\/dossier\/italie\" class=\"c-link c-link--is-underlined\" target=\"_blank\" rel=\"noopener\">Italie<\/a> et d\u2019autres partenaires [certainement les <a href=\"https:\/\/www.20minutes.fr\/monde\/pays-bas\/\" class=\"c-link c-link--is-underlined\" target=\"_blank\" rel=\"noopener\">Pays-Bas<\/a>]\u00a0\u00bb, pour permettre l\u2019entra\u00eenement des pilotes. \u00ab\u00a0La Mer du Nord offre des possibilit\u00e9s d\u2019entra\u00eenement suppl\u00e9mentaires, mais elles sont limit\u00e9es et exigent une coop\u00e9ration \u00e9troite avec les autres usagers civils et militaires de l\u2019espace a\u00e9rien\u00a0\u00bb, a-t-il ajout\u00e9.<\/p>\n<p>Il n\u2019en fallait pas davantage pour que la pol\u00e9mique explose, et que la Belgique devienne la ris\u00e9e du Web avec son espace a\u00e9rien \u00ab\u00a0trop petit\u00a0\u00bb pour ses nouveaux avions de chasse.<\/p>\n<p>Le bruit des F-35 pourrait aussi poser probl\u00e8me<\/p>\n<p>Probl\u00e8me\u00a0: le ph\u00e9nom\u00e8ne n\u2019est pas nouveau, il \u00e9tait m\u00eame \u00e9videmment connu avant que les Belges ne passent commande de ces F-35, puisqu\u2019il se pose d\u00e9j\u00e0 avec les F-16 qui \u00e9quipent depuis des ann\u00e9es la Force a\u00e9rienne du pays. Le ministre de la D\u00e9fense l\u2019a d\u2019ailleurs rappel\u00e9 durant son audition, m\u00eame s\u2019il a aussi reconnu que les F-35 demandent un \u00ab\u00a0espace plus grand\u00a0\u00bb. Qu\u2019il s\u2019agisse de la Belgique, de la <a href=\"https:\/\/www.20minutes.fr\/dossier\/suisse\" class=\"c-link c-link--is-underlined\" target=\"_blank\" rel=\"noopener\">Suisse<\/a> ou des Pays-Bas, trois pays qui s\u2019\u00e9quipent en F-35 au passage, les espaces a\u00e9riens de ces pays n\u00e9cessitent r\u00e9guli\u00e8rement des accords de coop\u00e9ration avec les pays limitrophes pour permettre les entra\u00eenements. <a href=\"https:\/\/defencebelgium.com\/2025\/11\/03\/espace-aerien-trop-etroit-pour-le-f-35-histoire-dun-scandale-qui-nen-est-pas-un\/#:~:text=Depuis%202018%20et%20le%20choix,ses%20pilotes%20de%20F%2D35.\" rel=\"nofollow noopener\" target=\"_blank\" class=\"c-link c-link--is-underlined\">Le site sp\u00e9cialis\u00e9 belgiumdefence<\/a> rappelle d\u2019ailleurs que les F-16 belges s\u2019entra\u00eenent d\u00e9j\u00e0 en France, et que cela n\u2019a \u00ab\u00a0rien d\u2019exceptionnel\u00a0\u00bb.<\/p>\n<\/p>\n<p><a href=\"https:\/\/www.opex360.com\/2025\/10\/24\/la-belgique-cherche-un-pays-daccueil-pour-les-vols-dentrainement-de-ses-f-35a\/\" rel=\"nofollow noopener\" target=\"_blank\" class=\"c-link c-link--is-underlined\">Le site sp\u00e9cialis\u00e9 opex360<\/a> ajoute de son c\u00f4t\u00e9, qu\u2019une autre probl\u00e9matique est \u00e0 prendre en compte avec les F-35\u00a0: le bruit, qui pourrait poser probl\u00e8me aux riverains des bases a\u00e9riennes, car ces nouveaux chaseurs-bombardiers seraient jusqu\u2019\u00e0 cinq fois plus bruyants que leurs pr\u00e9d\u00e9cesseurs. Une brochure distribu\u00e9e par le minist\u00e8re de la D\u00e9fense aux riverains explique que le \u00ab\u00a0F-35 dispose d\u2019une puissance moteur presque deux fois sup\u00e9rieure \u00e0 celle du F-16\u00a0\u00bb et \u00ab\u00a0produit donc un son plus lourd et puls\u00e9\u00a0\u00bb.<\/p>\n<p><a href=\"https:\/\/www.20minutes.fr\/dossier\/defense\" class=\"c-link c-btn c-btn--primary\" target=\"_blank\" rel=\"noopener\">Notre dossier sur la D\u00e9fense<\/a><\/p>\n<p>Autre probl\u00e8me, peut-\u00eatre encore plus contraignant celui-l\u00e0\u00a0: \u00e0 40.000 ou 50.000 euros l\u2019heure de vol, le F-35 se pose comme l\u2019un des avions de chasse les plus cher \u00e0 exploiter. A ce tarif, on peut supposer que leurs sorties seront chronom\u00e9tr\u00e9es et qu\u2019il n\u2019y aura pas beaucoup de d\u00e9passements.<\/p>\n","protected":false},"excerpt":{"rendered":"Un \u00ab\u00a0fiasco\u00a0\u00bb, voire un scandale, a-t-on pu lire\u2026 L\u2019espace a\u00e9rien de la Belgique serait trop petit pour faire&hellip;\n","protected":false},"author":2,"featured_media":509375,"comment_status":"","ping_status":"","sticky":false,"template":"","format":"standard","meta":{"footnotes":""},"categories":[5],"tags":[47,11,1813,37,828,554,1011,27,14,58890,74,12,28],"class_list":{"0":"post-509374","1":"post","2":"type-post","3":"status-publish","4":"format-standard","5":"has-post-thumbnail","7":"category-international","8":"tag-actualite","9":"tag-actualites","10":"tag-armee","11":"tag-avion","12":"tag-belgique","13":"tag-defense","14":"tag-fr","15":"tag-france","16":"tag-international","17":"tag-ministre-de-la-defense","18":"tag-monde","19":"tag-news","20":"tag-world"},"share_on_mastodon":{"url":"https:\/\/pubeurope.com\/@fr\/115487130595330687","error":""},"_links":{"self":[{"href":"https:\/\/www.europesays.com\/fr\/wp-json\/wp\/v2\/posts\/509374","targetHints":{"allow":["GET"]}}],"collection":[{"href":"https:\/\/www.europesays.com\/fr\/wp-json\/wp\/v2\/posts"}],"about":[{"href":"https:\/\/www.europesays.com\/fr\/wp-json\/wp\/v2\/types\/post"}],"author":[{"embeddable":true,"href":"https:\/\/www.europesays.com\/fr\/wp-json\/wp\/v2\/users\/2"}],"replies":[{"embeddable":true,"href":"https:\/\/www.europesays.com\/fr\/wp-json\/wp\/v2\/comments?post=509374"}],"version-history":[{"count":0,"href":"https:\/\/www.europesays.com\/fr\/wp-json\/wp\/v2\/posts\/509374\/revisions"}],"wp:featuredmedia":[{"embeddable":true,"href":"https:\/\/www.europesays.com\/fr\/wp-json\/wp\/v2\/media\/509375"}],"wp:attachment":[{"href":"https:\/\/www.europesays.com\/fr\/wp-json\/wp\/v2\/media?parent=509374"}],"wp:term":[{"taxonomy":"category","embeddable":true,"href":"https:\/\/www.europesays.com\/fr\/wp-json\/wp\/v2\/categories?post=509374"},{"taxonomy":"post_tag","embeddable":true,"href":"https:\/\/www.europesays.com\/fr\/wp-json\/wp\/v2\/tags?post=509374"}],"curies":[{"name":"wp","href":"https:\/\/api.w.org\/{rel}","templated":true}]}}