{"id":509376,"date":"2025-11-03T18:15:19","date_gmt":"2025-11-03T18:15:19","guid":{"rendered":"https:\/\/www.europesays.com\/fr\/509376\/"},"modified":"2025-11-03T18:15:19","modified_gmt":"2025-11-03T18:15:19","slug":"tout-cela-me-touche-une-fleuriste-cambriolee-apres-la-toussaint-appelle-a-laide-un-millionnaire-lui-repond","status":"publish","type":"post","link":"https:\/\/www.europesays.com\/fr\/509376\/","title":{"rendered":"\u00ab\u00a0Tout cela me touche\u00a0\u00bb\u00a0: une fleuriste cambriol\u00e9e apr\u00e8s la Toussaint appelle \u00e0 l\u2019aide, un millionnaire lui r\u00e9pond"},"content":{"rendered":"<p class=\"lp-f-subtitle-01\">Une jeune fleuriste de Caudry, dans le Nord, a sollicit\u00e9 l\u2019aide des r\u00e9seaux sociaux apr\u00e8s s\u2019\u00eatre fait voler sa recette de la Toussaint. Son message a \u00e9mu \u00c9ric Larchev\u00eaque, entrepreneur et investisseur fran\u00e7ais, qui a d\u00e9cid\u00e9 de lui venir en aide.<\/p>\n<p class=\"paragraph text_align_left lp-f-body-02\">La Toussaint est une p\u00e9riode cruciale pour tous <a href=\"https:\/\/www.leparisien.fr\/environnement\/comme-on-ne-mange-pas-les-fleurs-ce-nest-pas-controle-les-pesticides-danger-mortel-pour-les-fleuristes-14-02-2025-SADWT4LZTZF3DGYDWLHVA4UZFA.php\" target=\"_self\" rel=\"nofollow noopener\">les fleuristes<\/a> de France, d\u00e9sireux de satisfaire leurs clients, nombreux \u00e0 fleurir les tombes de leurs proches. Des voleurs bien avis\u00e9s ont attendu le passage de cette f\u00eate pour d\u00e9valiser la recette d\u2019une fleuriste de Caudry, dans les Hauts-de-France.<\/p>\n<p class=\"paragraph text_align_left lp-f-body-02\">\u00ab Pendant que je travaillais hier, mon domicile s\u2019est fait cambrioler, et ils sont partis avec l\u2019int\u00e9gralit\u00e9 de la recette de la Toussaint \u00bb, explique Juliette dans une vid\u00e9o sur Facebook.<\/p>\n<p class=\"paragraph text_align_left lp-f-body-02\">Elle explique faire cette publication sur conseil de la gendarmerie, pour alerter ceux qui ont pay\u00e9 en ch\u00e8que. \u00ab M\u00eame si l\u2019ordre Floraison (le nom de son magasin) a \u00e9t\u00e9 mis sur chaque ch\u00e8que devant vous, au comptoir, on sait jamais \u00bb.<\/p>\n<p class=\"paragraph text_align_left lp-f-body-02\">Tr\u00e8s \u00e9mue, la jeune femme en appelle \u00e0 la g\u00e9n\u00e9rosit\u00e9 de ses clients. \u00ab \u00c7a fait une semaine qu\u2019on se bat, qu\u2019on travaille de 6h30 \u00e0 22 heures le soir pour vous satisfaire, pour vous faire une Toussaint incroyable, avec de fleurs vraiment tr\u00e8s jolies. \u00bb Des efforts r\u00e9duits \u00e0 n\u00e9ant en quelques minutes \u00ab par des abrutis qui ne se rendent pas compte qu\u2019ils peuvent d\u00e9truire quelqu\u2019un et surtout un commerce \u00bb.<\/p>\n<p>\u00ab J\u2019ai d\u00e9cid\u00e9 en effet de fleurir ma maison \u00bb<\/p>\n<p class=\"paragraph text_align_left lp-f-body-02\"><a href=\"https:\/\/www.leparisien.fr\/culture-loisirs\/tv\/eric-larcheveque-apres-lenlevement-de-son-associe-david-balland-je-suis-oblige-daugmenter-mon-niveau-de-securite-04-02-2025-PH6Z6RUHIJBU5KL3ULC23MIEH4.php\" target=\"_self\" rel=\"nofollow noopener\">\u00c9ric Larchev\u00eaque<\/a>, entrepreneur, investisseur fran\u00e7ais et jury de \u00ab Qui veut \u00eatre mon associ\u00e9 \u00bb, a r\u00e9pondu \u00e0 cet appel \u00e0 l\u2019aide. \u00ab Je viens de la contacter. Elle n\u2019est pas pr\u00eate pour la commande qui va arriver ! J\u2019ai d\u00e9cid\u00e9 en effet de fleurir ma maison. Et chez moi, c\u2019est grand. Soutien total aux artisans ! \u00bb, <a href=\"https:\/\/x.com\/EricLarch\/status\/1985099836408869088?ref_src=twsrc%5Etfw%7Ctwcamp%5Etweetembed%7Ctwterm%5E1985099836408869088%7Ctwgr%5E351c1de4da66311a22b4d425ae174c3668da6d83%7Ctwcon%5Es1_&amp;ref_url=https%3A%2F%2Fleparisien.arcpublishing.com%2Fcomposer%2Fstory%2Fv2%2Fedit%2FIYLUHDJO3VG7DEAXUGIK5T7TEY\" target=\"_self\" rel=\"nofollow\">\u00e9crit-il sur X<\/a>.<\/p>\n<p class=\"paragraph text_align_left lp-f-body-02\">La fortune du fondateur de la licorne Ledger, une entreprise de portefeuille de cryptomonnaies, est estim\u00e9e \u00e0 340 millions d\u2019euros, ce qui le classe dans les 500 plus grandes fortunes de France, selon le magazine <a href=\"https:\/\/www.challenges.fr\/classements\/fortune\/eric-larcheveque_26885\" target=\"_self\" rel=\"nofollow noopener\">Challenge<\/a>.<\/p>\n<p class=\"paragraph text_align_left lp-f-body-02\">\u00ab Je tiens \u00e0 remercier tout le monde pour cet \u00e9lan de g\u00e9n\u00e9rosit\u00e9 et de solidarit\u00e9 incroyable. Je ne m\u2019attendais pas \u00e0 tant de messages, commentaires, partages, etc. Sachez que tout cela me touche au plus profond de mon c\u0153ur \u00bb, a r\u00e9agi la fleuriste ce lundi.<\/p>\n<p>Aucune cagnotte officielle en ligne<\/p>\n<p class=\"paragraph text_align_left lp-f-body-02\">Mais les arnaqueurs ne sont jamais loin. Depuis la publication de sa vid\u00e9o, des internautes ont eu l\u2019id\u00e9e de cr\u00e9er des cagnottes en son nom. Juliette indique n\u2019y \u00eatre pour rien. \u00ab Il n\u2019y a actuellement aucune cagnotte officielle en ligne, les seules actions officielles sont celles de mes coll\u00e8gues commer\u00e7ants \u00e0 Caudry. Ainsi je veux que chacun d\u2019entre vous ne se fasse pas arnaquer en donnant \u00e0 des cagnottes pour lesquelles je ne suis pas \u00e0 l\u2019origine et pour lesquelles je ne dirige rien. \u00bb<\/p>\n<p class=\"paragraph text_align_left lp-f-body-02\">Et d\u2019ajouter : \u00ab Le meilleur moyen de soutenir mon commerce est de le faire vivre, pas seulement lors d\u2019un drame mais au quotidien, et je souhaite que ce soit mon travail qui me rapporte de l\u2019argent et non le buzz d\u2019une vid\u00e9o. \u00bb<\/p>\n","protected":false},"excerpt":{"rendered":"Une jeune fleuriste de Caudry, dans le Nord, a sollicit\u00e9 l\u2019aide des r\u00e9seaux sociaux apr\u00e8s s\u2019\u00eatre fait voler&hellip;\n","protected":false},"author":2,"featured_media":509377,"comment_status":"","ping_status":"","sticky":false,"template":"","format":"standard","meta":{"footnotes":""},"categories":[4],"tags":[11,459,1011,27,12,25,104],"class_list":{"0":"post-509376","1":"post","2":"type-post","3":"status-publish","4":"format-standard","5":"has-post-thumbnail","7":"category-france","8":"tag-actualites","9":"tag-departements-horsidfo","10":"tag-fr","11":"tag-france","12":"tag-news","13":"tag-republique-francaise","14":"tag-societe"},"share_on_mastodon":{"url":"https:\/\/pubeurope.com\/@fr\/115487134546809214","error":""},"_links":{"self":[{"href":"https:\/\/www.europesays.com\/fr\/wp-json\/wp\/v2\/posts\/509376","targetHints":{"allow":["GET"]}}],"collection":[{"href":"https:\/\/www.europesays.com\/fr\/wp-json\/wp\/v2\/posts"}],"about":[{"href":"https:\/\/www.europesays.com\/fr\/wp-json\/wp\/v2\/types\/post"}],"author":[{"embeddable":true,"href":"https:\/\/www.europesays.com\/fr\/wp-json\/wp\/v2\/users\/2"}],"replies":[{"embeddable":true,"href":"https:\/\/www.europesays.com\/fr\/wp-json\/wp\/v2\/comments?post=509376"}],"version-history":[{"count":0,"href":"https:\/\/www.europesays.com\/fr\/wp-json\/wp\/v2\/posts\/509376\/revisions"}],"wp:featuredmedia":[{"embeddable":true,"href":"https:\/\/www.europesays.com\/fr\/wp-json\/wp\/v2\/media\/509377"}],"wp:attachment":[{"href":"https:\/\/www.europesays.com\/fr\/wp-json\/wp\/v2\/media?parent=509376"}],"wp:term":[{"taxonomy":"category","embeddable":true,"href":"https:\/\/www.europesays.com\/fr\/wp-json\/wp\/v2\/categories?post=509376"},{"taxonomy":"post_tag","embeddable":true,"href":"https:\/\/www.europesays.com\/fr\/wp-json\/wp\/v2\/tags?post=509376"}],"curies":[{"name":"wp","href":"https:\/\/api.w.org\/{rel}","templated":true}]}}