{"id":509384,"date":"2025-11-03T18:19:18","date_gmt":"2025-11-03T18:19:18","guid":{"rendered":"https:\/\/www.europesays.com\/fr\/509384\/"},"modified":"2025-11-03T18:19:18","modified_gmt":"2025-11-03T18:19:18","slug":"dommartin-sous-amance-les-petits-monstres-chassent-les-bonbons","status":"publish","type":"post","link":"https:\/\/www.europesays.com\/fr\/509384\/","title":{"rendered":"Dommartin-sous-Amance. Les petits monstres chassent les bonbons"},"content":{"rendered":"<p>\u00c0 la tomb\u00e9e de la nuit, le Pirou\u00e9, lieu-dit de la commune de Dommartin-sous-Amance, est devenu l\u2019espace d\u2019un bon, moment le terrain de chasse des petits monstres. \u00c0 l\u2019initiative du Foyer rural local, les nombreux jeunes Dommartinois ont fait passer un agr\u00e9able moment aux riverains. Les parents n\u2019\u00e9taient pas en reste, puisque nombre d\u2019entre eux s\u2019\u00e9taient \u00e9galement costum\u00e9s.<\/p>\n","protected":false},"excerpt":{"rendered":"\u00c0 la tomb\u00e9e de la nuit, le Pirou\u00e9, lieu-dit de la commune de Dommartin-sous-Amance, est devenu l\u2019espace d\u2019un&hellip;\n","protected":false},"author":2,"featured_media":509385,"comment_status":"","ping_status":"","sticky":false,"template":"","format":"standard","meta":{"footnotes":""},"categories":[9635],"tags":[1111,11,12080,1687,20383,1704,1777,674,3326,1011,27,775,1702,12,25],"class_list":{"0":"post-509384","1":"post","2":"type-post","3":"status-publish","4":"format-standard","5":"has-post-thumbnail","7":"category-nancy","8":"tag-actu","9":"tag-actualites","10":"tag-cc-de-seille-et-grand-couronne-54b","11":"tag-culture-loisirs","12":"tag-dommartin-sous-amance","13":"tag-edition-nancy-et-agglomeration","14":"tag-eu","15":"tag-europe","16":"tag-fete-locale","17":"tag-fr","18":"tag-france","19":"tag-grand-est","20":"tag-nancy","21":"tag-news","22":"tag-republique-francaise"},"share_on_mastodon":{"url":"https:\/\/pubeurope.com\/@fr\/115487150107462203","error":""},"_links":{"self":[{"href":"https:\/\/www.europesays.com\/fr\/wp-json\/wp\/v2\/posts\/509384","targetHints":{"allow":["GET"]}}],"collection":[{"href":"https:\/\/www.europesays.com\/fr\/wp-json\/wp\/v2\/posts"}],"about":[{"href":"https:\/\/www.europesays.com\/fr\/wp-json\/wp\/v2\/types\/post"}],"author":[{"embeddable":true,"href":"https:\/\/www.europesays.com\/fr\/wp-json\/wp\/v2\/users\/2"}],"replies":[{"embeddable":true,"href":"https:\/\/www.europesays.com\/fr\/wp-json\/wp\/v2\/comments?post=509384"}],"version-history":[{"count":0,"href":"https:\/\/www.europesays.com\/fr\/wp-json\/wp\/v2\/posts\/509384\/revisions"}],"wp:featuredmedia":[{"embeddable":true,"href":"https:\/\/www.europesays.com\/fr\/wp-json\/wp\/v2\/media\/509385"}],"wp:attachment":[{"href":"https:\/\/www.europesays.com\/fr\/wp-json\/wp\/v2\/media?parent=509384"}],"wp:term":[{"taxonomy":"category","embeddable":true,"href":"https:\/\/www.europesays.com\/fr\/wp-json\/wp\/v2\/categories?post=509384"},{"taxonomy":"post_tag","embeddable":true,"href":"https:\/\/www.europesays.com\/fr\/wp-json\/wp\/v2\/tags?post=509384"}],"curies":[{"name":"wp","href":"https:\/\/api.w.org\/{rel}","templated":true}]}}