{"id":509392,"date":"2025-11-03T18:25:15","date_gmt":"2025-11-03T18:25:15","guid":{"rendered":"https:\/\/www.europesays.com\/fr\/509392\/"},"modified":"2025-11-03T18:25:15","modified_gmt":"2025-11-03T18:25:15","slug":"rodeo-nocturne-en-pleine-zone-pietonne-pourquoi-des-mineurs-ont-pris-tous-les-risques","status":"publish","type":"post","link":"https:\/\/www.europesays.com\/fr\/509392\/","title":{"rendered":"rod\u00e9o nocturne en pleine zone pi\u00e9tonne, pourquoi des mineurs ont pris tous les risques\u00a0?"},"content":{"rendered":"<p>            Par<br \/>\n        <strong><br \/>\n            <a href=\"https:\/\/actu.fr\/auteur\/lea-pippinato\" title=\"Consulter tous les articles de L\u00e9a Pippinato\" target=\"_blank\" rel=\"noopener\">L\u00e9a Pippinato<\/a><br \/>\n        <\/strong><\/p>\n<p>        Publi\u00e9 le<\/p>\n<p>            3 nov. 2025 \u00e0 18h56        <\/p>\n<p><strong>Ce dimanche 2 novembre 2025<\/strong> vers 21h20, la police municipale re\u00e7oit un signalement. Trois motocross circulent rue Parlier, puis empruntent l\u2019avenue de Maurin. Le trio poursuit ensuite rue Catalan, rue Jules Ferry, place Auguste Gilbert, rue de Maguelone et rue de la Loge. Les deux-roues entrent dans des secteurs pi\u00e9tons. Les pilotes zigzaguent entre les passants et roulent \u00e0 vive allure. Ils effectuent un demi-tour place Jean Jaur\u00e8s avant de descendre rue de l\u2019Argenterie et se diriger vers la Grand Rue Jean Moulin.<\/p>\n<p>    <a href=\"https:\/\/www.google.com\/maps\/embed?pb=!1m18!1m12!1m3!1d23115.45733114043!2d3.8566243!3d43.5975426!2m3!1f0!2f0!3f0!3m2!1i1024!2i768!4f13.1!3m3!1m2!1s0x12b6afa5ddbe354d%3A0xc4b81f563fce8d2a!2sRue%20Parlier%2C%2034000%20Montpellier!5e0!3m2!1sfr!2sfr!4v1762187159894!5m2!1sfr!2sfr\" title=\"Ouvrie le lien\" target=\"_blank\" rel=\"noopener\">Cliquez ici pour visualiser le contenu<\/a><\/p>\n<p class=\" wall-content\">Vers 21h30, les trois motos croisent une patrouille de la police municipale. Les pilotes font demi-tour pour fuir. L\u2019un d\u2019eux cale et les agents l\u2019interpellent imm\u00e9diatement. Le jeune homme de 17 ans conduit une moto de 150 cm\u00b3. Il est conduit au commissariat et son v\u00e9hicule part en fourri\u00e8re.<\/p>\n<p>Une chute et une deuxi\u00e8me arrestation<\/p>\n<p class=\" wall-content\">Pendant la m\u00eame course, un autre conducteur chute en tentant de fuir. Il est rapidement arr\u00eat\u00e9 et n\u2019a que 15 ans. Sa moto est, elle aussi, envoy\u00e9e \u00e0 la fourri\u00e8re. Le jeune bless\u00e9 souffre d\u2019un pied cass\u00e9. Il est remis \u00e0 ses responsables l\u00e9gaux et n\u2019est pas plac\u00e9 en garde \u00e0 vue. Le premier interpell\u00e9, \u00e2g\u00e9 de 17 ans, fait l\u2019objet d\u2019une composition p\u00e9nale. Il devra compara\u00eetre devant le tribunal judiciaire <strong>le 10 d\u00e9cembre<\/strong>.\u00a0<\/p>\n<p class=\" wall-content\">Personnalisez votre actualit\u00e9 en ajoutant vos villes et m\u00e9dias en favori avec <a href=\"https:\/\/moncompte.actu.fr\" title=\"D\u00e9couvez Mon Actu\" rel=\"nofollow noopener\" data-trk=\"{&quot;cta&quot;:{&quot;action&quot;:&quot;https:\\\/\\\/moncompte.actu.fr&quot;,&quot;category&quot;:&quot;mon compte&quot;,&quot;from&quot;:&quot;article footer&quot;,&quot;name&quot;:&quot;Mon actu&quot;,&quot;type&quot;:&quot;cta&quot;}}\" target=\"_blank\">Mon Actu<\/a>.<\/p>\n","protected":false},"excerpt":{"rendered":"Par L\u00e9a Pippinato Publi\u00e9 le 3 nov. 2025 \u00e0 18h56 Ce dimanche 2 novembre 2025 vers 21h20, la&hellip;\n","protected":false},"author":2,"featured_media":509393,"comment_status":"","ping_status":"","sticky":false,"template":"","format":"standard","meta":{"footnotes":""},"categories":[9599],"tags":[1111,11,1777,674,118,1011,27,303,2208,12,2680,1072,25,5575],"class_list":{"0":"post-509392","1":"post","2":"type-post","3":"status-publish","4":"format-standard","5":"has-post-thumbnail","7":"category-montpellier","8":"tag-actu","9":"tag-actualites","10":"tag-eu","11":"tag-europe","12":"tag-faits-divers","13":"tag-fr","14":"tag-france","15":"tag-justice","16":"tag-montpellier","17":"tag-news","18":"tag-occitanie","19":"tag-police","20":"tag-republique-francaise","21":"tag-rodeos-urbains"},"share_on_mastodon":{"url":"https:\/\/pubeurope.com\/@fr\/115487173924483359","error":""},"_links":{"self":[{"href":"https:\/\/www.europesays.com\/fr\/wp-json\/wp\/v2\/posts\/509392","targetHints":{"allow":["GET"]}}],"collection":[{"href":"https:\/\/www.europesays.com\/fr\/wp-json\/wp\/v2\/posts"}],"about":[{"href":"https:\/\/www.europesays.com\/fr\/wp-json\/wp\/v2\/types\/post"}],"author":[{"embeddable":true,"href":"https:\/\/www.europesays.com\/fr\/wp-json\/wp\/v2\/users\/2"}],"replies":[{"embeddable":true,"href":"https:\/\/www.europesays.com\/fr\/wp-json\/wp\/v2\/comments?post=509392"}],"version-history":[{"count":0,"href":"https:\/\/www.europesays.com\/fr\/wp-json\/wp\/v2\/posts\/509392\/revisions"}],"wp:featuredmedia":[{"embeddable":true,"href":"https:\/\/www.europesays.com\/fr\/wp-json\/wp\/v2\/media\/509393"}],"wp:attachment":[{"href":"https:\/\/www.europesays.com\/fr\/wp-json\/wp\/v2\/media?parent=509392"}],"wp:term":[{"taxonomy":"category","embeddable":true,"href":"https:\/\/www.europesays.com\/fr\/wp-json\/wp\/v2\/categories?post=509392"},{"taxonomy":"post_tag","embeddable":true,"href":"https:\/\/www.europesays.com\/fr\/wp-json\/wp\/v2\/tags?post=509392"}],"curies":[{"name":"wp","href":"https:\/\/api.w.org\/{rel}","templated":true}]}}