{"id":5094,"date":"2025-04-06T11:02:25","date_gmt":"2025-04-06T11:02:25","guid":{"rendered":"https:\/\/www.europesays.com\/fr\/5094\/"},"modified":"2025-04-06T11:02:25","modified_gmt":"2025-04-06T11:02:25","slug":"rennes-auxerre-basculer-dans-la-premiere-partie-de-tableau-doit-etre-un-objectif-immediat-habib-beye-livre-ses-ambitions-pour-la-fin-de-saison","status":"publish","type":"post","link":"https:\/\/www.europesays.com\/fr\/5094\/","title":{"rendered":"Rennes &#8211; Auxerre : \u00ab\u00a0Basculer dans la premi\u00e8re partie de tableau doit \u00eatre un objectif imm\u00e9diat \u00bb, Habib Beye livre ses ambitions pour la fin de saison"},"content":{"rendered":"<p>Ligue 1 (28e journ\u00e9e). Rennes &#8211; Auxerre, ce dimanche (17\u00a0h\u00a015)<\/p>\n<p>Relanc\u00e9 par sa victoire \u00e0 Angers (3-0) le week-end dernier, apr\u00e8s deux revers logiques face \u00e0 Lens (0-1) et le PSG (1-4), le Stade Rennais vise d\u00e9sormais un retour dans le top 10. Une place occup\u00e9e par Auxerre, adversaire du jour, plac\u00e9 trois points devant\u2026 Habib Beye s\u2019en est ouvert, vendredi, devant les m\u00e9dias. \u00ab\u00a0Basculer dans la premi\u00e8re partie de tableau doit \u00eatre un objectif imm\u00e9diat pour nous. Il y a plein d\u2019objectifs devant nous pour continuer de gagner des matchs, pour garder cette passion, qui doit \u00eatre omnipr\u00e9sente, celle du r\u00e9sultat, du travail. On a \u00e9t\u00e9 tr\u00e8s concentr\u00e9 \u00e0 la maintenir cette semaine\u00a0: on a la volont\u00e9 d\u2019encha\u00eener, de continuer \u00e0 prendre des points, \u00e0 construire encore plus de confiance \u00e0 travers des r\u00e9sultats, \u00e0 construire un peu plus une identit\u00e9 d\u2019\u00e9quipe, qui s\u2019enrichit match apr\u00e8s match\u00a0\u00bb, livrait le coach rennais, bien d\u00e9cid\u00e9 \u00e0 remonter, bien plus pour le rang que doit tenir le Stade Rennais que pour les (petits) droits TV qui seront redistribu\u00e9s en fonction de la place sur la ligne d\u2019arriv\u00e9e.<\/p>\n<p>\u00ab\u00a0Bien finir et pr\u00e9parer <br \/>la saison suivante\u00a0\u00bb<\/p>\n<p>\u00ab\u00a0Il nous reste sept matchs. Notre ambition doit \u00eatre d\u2019en gagner le plus possible. \u00c7a a \u00e9t\u00e9 une saison compliqu\u00e9e, avec beaucoup de changements, des mauvais r\u00e9sultats. Une dynamique positive est revenue. Il faut qu\u2019on poursuive dans ce sens pour bien finir et commencer \u00e0 pr\u00e9parer la suivante\u00a0\u00bb, livre, de son c\u00f4t\u00e9, Hans Hateboer. Cette fin de l\u2019exercice le plus compliqu\u00e9 de la derni\u00e8re d\u00e9cennie doit aussi permettre de poursuivre le d\u00e9veloppement des jeunes promus du centre de formation. \u00c0 l\u2019instar de ce qui se d\u00e9roule lors de la saison r\u00e9guli\u00e8re en NBA\u00a0: pr\u00e9parer sereinement l\u2019avenir en donnant du temps de jeu, m\u00e9rit\u00e9 bien entendu, \u00e0 des \u00e9l\u00e9ments sur lesquels on entend s\u2019appuyer pour les saisons suivantes. \u00c9videmment, <a href=\"https:\/\/www.letelegramme.fr\/sports\/football\/stade-rennais\/djaoui-cisse-prolonge-jusquen-2029-au-stade-rennais-6790429.php\" title=\"www.letelegramme.fr\" rel=\"nofollow noopener\" target=\"_blank\">Djaoui Ciss\u00e9, qui a prolong\u00e9 de deux ans cette semaine<\/a> et Mohamed Kader Me\u00eft\u00e9 sont les premiers concern\u00e9s.<\/p>\n<p class=\"titre-tech\">Les compositions probables<\/p>\n<p class=\"tech\"><strong class=\"tech\">RENNES :<\/strong> Samba &#8211; Jacquet, Rouault, Brassier &#8211; Assignon, Dj. Ciss\u00e9, Fofana, Truffert &#8211; Kalimuendo, Meit\u00e9, Olaigbe. Entra\u00eeneur\u00a0: Habib Beye.<\/p>\n<p class=\"tech\"><strong class=\"tech\">A<\/strong><strong class=\"tech\">UXERRE :<\/strong> L\u00e9on &#8211; Hoever, Akpa, Jubal, Osho, Mensah &#8211; Perrin, Owusu, Danois, Traor\u00e9 &#8211; Bair. Entra\u00eeneur\u00a0: Christophe P\u00e9lissier.<\/p>\n","protected":false},"excerpt":{"rendered":"Ligue 1 (28e journ\u00e9e). Rennes &#8211; Auxerre, ce dimanche (17\u00a0h\u00a015) Relanc\u00e9 par sa victoire \u00e0 Angers (3-0) le&hellip;\n","protected":false},"author":2,"featured_media":5095,"comment_status":"","ping_status":"","sticky":false,"template":"","format":"standard","meta":{"footnotes":""},"categories":[2821],"tags":[1111,11,829,1777,674,63,1011,27,66,12,584,25,60,3087],"class_list":{"0":"post-5094","1":"post","2":"type-post","3":"status-publish","4":"format-standard","5":"has-post-thumbnail","7":"category-rennes","8":"tag-actu","9":"tag-actualites","10":"tag-bretagne","11":"tag-eu","12":"tag-europe","13":"tag-football","14":"tag-fr","15":"tag-france","16":"tag-ligue-1","17":"tag-news","18":"tag-rennes","19":"tag-republique-francaise","20":"tag-sports","21":"tag-stade-rennais"},"share_on_mastodon":{"url":"https:\/\/pubeurope.com\/@fr\/114290684435878738","error":""},"_links":{"self":[{"href":"https:\/\/www.europesays.com\/fr\/wp-json\/wp\/v2\/posts\/5094","targetHints":{"allow":["GET"]}}],"collection":[{"href":"https:\/\/www.europesays.com\/fr\/wp-json\/wp\/v2\/posts"}],"about":[{"href":"https:\/\/www.europesays.com\/fr\/wp-json\/wp\/v2\/types\/post"}],"author":[{"embeddable":true,"href":"https:\/\/www.europesays.com\/fr\/wp-json\/wp\/v2\/users\/2"}],"replies":[{"embeddable":true,"href":"https:\/\/www.europesays.com\/fr\/wp-json\/wp\/v2\/comments?post=5094"}],"version-history":[{"count":0,"href":"https:\/\/www.europesays.com\/fr\/wp-json\/wp\/v2\/posts\/5094\/revisions"}],"wp:featuredmedia":[{"embeddable":true,"href":"https:\/\/www.europesays.com\/fr\/wp-json\/wp\/v2\/media\/5095"}],"wp:attachment":[{"href":"https:\/\/www.europesays.com\/fr\/wp-json\/wp\/v2\/media?parent=5094"}],"wp:term":[{"taxonomy":"category","embeddable":true,"href":"https:\/\/www.europesays.com\/fr\/wp-json\/wp\/v2\/categories?post=5094"},{"taxonomy":"post_tag","embeddable":true,"href":"https:\/\/www.europesays.com\/fr\/wp-json\/wp\/v2\/tags?post=5094"}],"curies":[{"name":"wp","href":"https:\/\/api.w.org\/{rel}","templated":true}]}}