{"id":509408,"date":"2025-11-03T18:34:21","date_gmt":"2025-11-03T18:34:21","guid":{"rendered":"https:\/\/www.europesays.com\/fr\/509408\/"},"modified":"2025-11-03T18:34:21","modified_gmt":"2025-11-03T18:34:21","slug":"le-groupe-salaun-commerciale-groupes-h-f-cdi-strasbourg-67-petites-annonces","status":"publish","type":"post","link":"https:\/\/www.europesays.com\/fr\/509408\/","title":{"rendered":"LE GROUPE SALAUN &#8211; Commercial(e) Groupes H\/F &#8211; CDI &#8211; (Strasbourg (67)) | Petites annonces"},"content":{"rendered":"<p>\n\t\t\t\t <br \/>Qui sommes-nous ? <\/p>\n<p style=\"margin: 30px;\"><b>Le Groupe SALAUN<\/b>, (Autocariste, Tour-op\u00e9rateur, Agent de voyages) est pr\u00e9sent sur diff\u00e9rents m\u00e9tiers du tourisme, <b>RECHERCHE pour la soci\u00e9t\u00e9 LA BOUTIQUE DES GROUPES : un COMMERCIAL GROUPES (H\/F) dans le cadre d&rsquo;un CDI.<\/b>&#13;\t\t\t\t <br \/><b>&#13;\t\t\t\t <br \/>Poste bas\u00e9 \u00e0 STRASBOURG (67)<\/b><\/p>\n<p>\n\t\t\t\t  Description du poste<\/p>\n<ul style=\"margin: 30px;\">Dans le cadre de son d\u00e9veloppement, <b>La Boutique des Groupes<\/b> recherche <b>un(e) Commercial(e) passionn\u00e9(e) par le monde du tourisme<\/b> pour rejoindre son \u00e9quipe dynamique et ce dans une ambiance conviviale.&#13;\t\t\t\t <\/p>\n<p><b>Au sein de l\u2019\u00e9quipe commerciale, vos principales missions seront de :<\/b>&#13;\t\t\t\t <\/p>\n<p>&#8211; Participer au d\u00e9veloppement de l\u2019activit\u00e9 de notre service Groupes ;&#13;\t\t\t\t <br \/>&#8211; D\u00e9marcher et vendre des forfaits voyages aux groupes constitu\u00e9s ;&#13;\t\t\t\t <br \/>&#8211; Assurer le suivi commercial et la fid\u00e9lisation du portefeuille clients.&#13;\t\t\t\t <\/p>\n<p>La progression des ventes qui n\u00e9cessite motivation, esprit d\u2019initiative et dynamisme, sera votre objectif prioritaire.<\/p>\n<\/ul>\n<p>\t\t\t\t  Profil recherch\u00e9 <\/p>\n<p style=\"margin: 30px;\">Vous \u00eates dot\u00e9(e) <b>d\u2019un fort temp\u00e9rament commercial<\/b>, vous connaissez <b>le secteur du tourisme<\/b> et vous disposez <b>d\u2019une exp\u00e9rience r\u00e9ussie d\u2019au moins 3 ans chez un Groupiste<\/b>. De nature tenace et autonome, vous faites preuve d\u2019organisation, de rigueur et de disponibilit\u00e9.&#13;\t\t\t\t <\/p>\n<p>Vos qualit\u00e9s relationnelles et commerciales, votre rigueur ainsi que votre esprit d\u2019\u00e9quipe et d\u2019analyse seront des atouts afin de r\u00e9ussir dans cette fonction.<\/p>\n<p>\n\t\t\t\t  Conditions <\/p>\n<p style=\"margin: 30px;\"> &#8211; Contrat en <b>CDI<\/b>&#13;\t\t\t\t <br \/>&#8211; Fixe + Variable + Voiture + PC Portable + T\u00e9l\u00e9phone mobile.<\/p>\n<p><\/p>\n<p>Merci de nous transmettre votre CV, dossier de candidature et lettre de motivation via notre page recrutement<\/p>\n","protected":false},"excerpt":{"rendered":"Qui sommes-nous ? Le Groupe SALAUN, (Autocariste, Tour-op\u00e9rateur, Agent de voyages) est pr\u00e9sent sur diff\u00e9rents m\u00e9tiers du tourisme,&hellip;\n","protected":false},"author":2,"featured_media":462942,"comment_status":"","ping_status":"","sticky":false,"template":"","format":"standard","meta":{"footnotes":""},"categories":[2820],"tags":[1111,11,6421,2408,2105,1777,674,1011,27,775,6417,4662,3754,12,6422,25,640,6419,6420,602,6418],"class_list":{"0":"post-509408","1":"post","2":"type-post","3":"status-publish","4":"format-standard","5":"has-post-thumbnail","7":"category-strasbourg","8":"tag-actu","9":"tag-actualites","10":"tag-agences-de-voyage","11":"tag-appels-d","12":"tag-distribution","13":"tag-eu","14":"tag-europe","15":"tag-fr","16":"tag-france","17":"tag-grand-est","18":"tag-information","19":"tag-journal","20":"tag-media","21":"tag-news","22":"tag-place-de-marche","23":"tag-republique-francaise","24":"tag-strasbourg","25":"tag-tour-operateurs","26":"tag-tour-operators","27":"tag-tourisme","28":"tag-voyagistes"},"share_on_mastodon":{"url":"https:\/\/pubeurope.com\/@fr\/115487209135322795","error":""},"_links":{"self":[{"href":"https:\/\/www.europesays.com\/fr\/wp-json\/wp\/v2\/posts\/509408","targetHints":{"allow":["GET"]}}],"collection":[{"href":"https:\/\/www.europesays.com\/fr\/wp-json\/wp\/v2\/posts"}],"about":[{"href":"https:\/\/www.europesays.com\/fr\/wp-json\/wp\/v2\/types\/post"}],"author":[{"embeddable":true,"href":"https:\/\/www.europesays.com\/fr\/wp-json\/wp\/v2\/users\/2"}],"replies":[{"embeddable":true,"href":"https:\/\/www.europesays.com\/fr\/wp-json\/wp\/v2\/comments?post=509408"}],"version-history":[{"count":0,"href":"https:\/\/www.europesays.com\/fr\/wp-json\/wp\/v2\/posts\/509408\/revisions"}],"wp:featuredmedia":[{"embeddable":true,"href":"https:\/\/www.europesays.com\/fr\/wp-json\/wp\/v2\/media\/462942"}],"wp:attachment":[{"href":"https:\/\/www.europesays.com\/fr\/wp-json\/wp\/v2\/media?parent=509408"}],"wp:term":[{"taxonomy":"category","embeddable":true,"href":"https:\/\/www.europesays.com\/fr\/wp-json\/wp\/v2\/categories?post=509408"},{"taxonomy":"post_tag","embeddable":true,"href":"https:\/\/www.europesays.com\/fr\/wp-json\/wp\/v2\/tags?post=509408"}],"curies":[{"name":"wp","href":"https:\/\/api.w.org\/{rel}","templated":true}]}}