{"id":509415,"date":"2025-11-03T18:38:14","date_gmt":"2025-11-03T18:38:14","guid":{"rendered":"https:\/\/www.europesays.com\/fr\/509415\/"},"modified":"2025-11-03T18:38:14","modified_gmt":"2025-11-03T18:38:14","slug":"johanna-rolland-la-maire-qui-voulait-bifurquer-nantes","status":"publish","type":"post","link":"https:\/\/www.europesays.com\/fr\/509415\/","title":{"rendered":"Johanna Rolland, la maire qui voulait \u00ab\u00a0bifurquer\u00a0\u00bb Nantes"},"content":{"rendered":"<p>Quitter <a class=\"Link\" href=\"https:\/\/www.lepoint.fr\/tags\/nantes\" data-gtm=\"click:capsule\" data-capsule=\"Lien\" target=\"_blank\" rel=\"noopener\">Nantes<\/a>\u00a0? Longtemps, cette question n&rsquo;a pas eu cours dans la cit\u00e9 des Ducs. La ville a incarn\u00e9 un mod\u00e8le de d\u00e9veloppement \u00e9quilibr\u00e9 qui faisait r\u00eaver les m\u00e9tropoles fran\u00e7aises. B\u00e9n\u00e9ficiant d&rsquo;une image de ville dynamique, cr\u00e9ative et verte, Nantes figurait r\u00e9guli\u00e8rement en t\u00eate des classements de la qualit\u00e9 de vie. Les choses ont-elles r\u00e9ellement chang\u00e9 \u00e0 l&rsquo;heure o\u00f9 Johanna Rolland s&rsquo;appr\u00eate \u00e0 solliciter un troisi\u00e8me mandat\u00a0? Sans surprise, l&rsquo;opposition assure que la cit\u00e9 des Ducs a atteint un point d&rsquo;inflexion. \u00ab\u00a0Entre\u00a02016 et\u00a02020, les constantes vitales de la ville se sont d\u00e9grad\u00e9es, assure Foulques Chombart de Lauwe, le candidat LR \u00e0 la mairie. L&rsquo;ins\u00e9curit\u00e9 a fini par toucher les gens intimement. L&rsquo;image de Nantes s&rsquo;est ab\u00eem\u00e9e. Certains parents pr\u00e9f\u00e8rent d\u00e9sormais voir leurs e&#8230;<\/p>\n<p>Toute l\u2019actualit\u00e9 \u00e0 1\u20ac le premier mois<\/p>\n<p><a href=\"https:\/\/abo.lepoint.fr\/?provenance=21EDI020098\" class=\"btn\" title=\"S&#039;abonner\" data-gtm=\"click:abo|display:abo\" data-campaign=\"paywall_maison\" target=\"_blank\" rel=\"noopener\">S&rsquo;abonner<\/a><\/p>\n<p>ou<\/p>\n<p>La newsletter politique<\/p>\n<p class=\"period\">Tous les lundis \u00e0 11h30<\/p>\n<p>Recevez en avant-premi\u00e8re les informations et analyses politiques de la r\u00e9daction du Point.<\/p>\n<p>Merci !<br \/>Votre inscription a bien \u00e9t\u00e9 prise en compte avec l&rsquo;adresse email :<\/p>\n<p>Pour d\u00e9couvrir toutes nos autres newsletters, rendez-vous ici : <a href=\"https:\/\/moncompte.lepoint.fr\/\" title=\"\" target=\"_blank\" rel=\"noopener\">MonCompte<\/a><\/p>\n<p>En vous inscrivant, vous acceptez les <a href=\"https:\/\/www.lepoint.fr\/html\/cgu\/\" title=\"Conditions g\u00e9n\u00e9rales d&#039;utilisation\" target=\"_blank\" rel=\"noopener\">conditions g\u00e9n\u00e9rales d\u2019utilisations<\/a> et notre <a href=\"https:\/\/www.lepoint.fr\/html\/politique-de-protection-donnees-personnelles\/\" title=\"Politique de confidentialit\u00e9\" target=\"_blank\" rel=\"noopener\">politique de confidentialit\u00e9<\/a>.<\/p>\n","protected":false},"excerpt":{"rendered":"Quitter Nantes\u00a0? Longtemps, cette question n&rsquo;a pas eu cours dans la cit\u00e9 des Ducs. La ville a incarn\u00e9&hellip;\n","protected":false},"author":2,"featured_media":509416,"comment_status":"","ping_status":"","sticky":false,"template":"","format":"standard","meta":{"footnotes":""},"categories":[2818],"tags":[1111,11,1777,674,1011,27,6945,766,12,2636,25],"class_list":{"0":"post-509415","1":"post","2":"type-post","3":"status-publish","4":"format-standard","5":"has-post-thumbnail","7":"category-nantes","8":"tag-actu","9":"tag-actualites","10":"tag-eu","11":"tag-europe","12":"tag-fr","13":"tag-france","14":"tag-johanna-rolland","15":"tag-nantes","16":"tag-news","17":"tag-pays-de-la-loire","18":"tag-republique-francaise"},"share_on_mastodon":{"url":"https:\/\/pubeurope.com\/@fr\/115487225002588077","error":""},"_links":{"self":[{"href":"https:\/\/www.europesays.com\/fr\/wp-json\/wp\/v2\/posts\/509415","targetHints":{"allow":["GET"]}}],"collection":[{"href":"https:\/\/www.europesays.com\/fr\/wp-json\/wp\/v2\/posts"}],"about":[{"href":"https:\/\/www.europesays.com\/fr\/wp-json\/wp\/v2\/types\/post"}],"author":[{"embeddable":true,"href":"https:\/\/www.europesays.com\/fr\/wp-json\/wp\/v2\/users\/2"}],"replies":[{"embeddable":true,"href":"https:\/\/www.europesays.com\/fr\/wp-json\/wp\/v2\/comments?post=509415"}],"version-history":[{"count":0,"href":"https:\/\/www.europesays.com\/fr\/wp-json\/wp\/v2\/posts\/509415\/revisions"}],"wp:featuredmedia":[{"embeddable":true,"href":"https:\/\/www.europesays.com\/fr\/wp-json\/wp\/v2\/media\/509416"}],"wp:attachment":[{"href":"https:\/\/www.europesays.com\/fr\/wp-json\/wp\/v2\/media?parent=509415"}],"wp:term":[{"taxonomy":"category","embeddable":true,"href":"https:\/\/www.europesays.com\/fr\/wp-json\/wp\/v2\/categories?post=509415"},{"taxonomy":"post_tag","embeddable":true,"href":"https:\/\/www.europesays.com\/fr\/wp-json\/wp\/v2\/tags?post=509415"}],"curies":[{"name":"wp","href":"https:\/\/api.w.org\/{rel}","templated":true}]}}