{"id":50942,"date":"2025-04-25T05:08:07","date_gmt":"2025-04-25T05:08:07","guid":{"rendered":"https:\/\/www.europesays.com\/fr\/50942\/"},"modified":"2025-04-25T05:08:07","modified_gmt":"2025-04-25T05:08:07","slug":"laeticia-hallyday-extenuee-par-la-vente-de-la-maison-de-johnny-a-marnes-la-coquette-elle-tente-le-tout-pour-le-tout","status":"publish","type":"post","link":"https:\/\/www.europesays.com\/fr\/50942\/","title":{"rendered":"Laeticia Hallyday ext\u00e9nu\u00e9e par la vente de la maison de Johnny \u00e0 Marnes-la-Coquette : elle tente le tout pour le tout"},"content":{"rendered":"<p>      R\u00e9sum\u00e9<\/p>\n<p>Ne parvenant toujours pas \u00e0 vendre l&rsquo;ancienne demeure de Johnny Hallyday \u00e0 Marnes-la-Coquette, Laeticia Hallyday a d\u00e9cid\u00e9 de faire appel \u00e0 deux agences internationales selon les informations de Closer.<\/p>\n<p>        Sommaire<\/p>\n<p>Si elle ne trouve aucun acheteur en France, peut-\u00eatre y parviendra-t-elle avec des \u00e9trangers. Nous devrions avoir la r\u00e9ponse sous peu. Depuis 2018, \u00ab\u00a0La Savannah\u00a0\u00bb, ancienne demeure de <a href=\"https:\/\/www.public.fr\/tag\/johnny-hallyday\" target=\"_blank\" rel=\"noopener\">Johnny Hallyday<\/a>, ne trouve pas preneur. Et cela n\u2019arrange pas les affaires de <a href=\"https:\/\/www.public.fr\/tag\/laeticia-hallyday\" target=\"_blank\" rel=\"noopener\">Laeticia Hallyday<\/a>, qui a besoin de vendre ce bien pour \u00e9ponger une partie de ses dettes.\u00a0<\/p>\n<p>Comme l\u2019indique L\u2019Inform\u00e9, <a href=\"https:\/\/vsd.fr\/tag\/laeticia-hallyday\/\" target=\"_blank\" rel=\"noopener\">la maman de Jade et Joy<\/a> a tent\u00e9\u00a0\u00ab\u00a0d&rsquo;obtenir une ristourne\u00a0\u00bb\u00a0financi\u00e8re pour que l&rsquo;administration\u00a0\u00ab\u00a0oublie\u00a0\u00bb\u00a09 millions d&rsquo;euros. Nos confr\u00e8res de Closer rappellent, de leur c\u00f4t\u00e9, qu\u2019elle a eu droit \u00e0 une \u00ab\u00a0offre\u00a0\u00bb de la part du minist\u00e8re de l\u2019\u00c9conomie en 2022. Celui-ci\u00a0 lui \u00ab\u00a0faisait cadeau\u00a0\u00bb plus de 3 millions d&rsquo;euros si elle acceptait de ne pas contester son redressement fiscal.<\/p>\n<p>Laeticia Hallyday ne parvient pas \u00e0 vendre Marnes-la-Coquette<\/p>\n<p>N\u00e9anmoins, elle compte \u00e0 pr\u00e9sent sur la vente de la maison \u00e0 Marnes-la-Coquette pour \u00e9ponger ses dettes pour de bon. Mais depuis 7 ans \u00e0 pr\u00e9sent, personne ne semble vouloir l\u2019acheter. Sur le plateau de <strong>\u00ab\u00a0TPMP\u00a0\u00bb<\/strong>, <a href=\"https:\/\/www.public.fr\/tag\/cyril-hanouna\" target=\"_blank\" rel=\"noopener\">Cyril Hanouna<\/a> indiquait que le prix fix\u00e9 se trouvait bien trop haut pour les travaux dont la demeure aurait besoin.<\/p>\n<p>La famille Kretz a \u00e9galement donn\u00e9 son avis sur la l\u2019ancienne demeure de Johnny Hallyday, que Laeticia Hallyday tente de vendre. Invit\u00e9e sur <strong>\u00ab\u00a0Quotidien\u00a0\u00bb<\/strong>, la famille sp\u00e9cialis\u00e9e dans l\u2019immobilier indiquait : \u00ab\u00a0Elle n\u2019est pas invendable. Elle a un charme fou, elle est bien plac\u00e9e.\u00a0<strong>Il faut \u00eatre \u00e0 la hauteur de Johnny<\/strong>\u00a0pour acqu\u00e9rir cette propri\u00e9t\u00e9. C\u2019est difficile de mettre un prix sur un mus\u00e9e\u00a0\u00bb.<\/p>\n<p>Deux agences internationales mandat\u00e9es<\/p>\n<p>Au d\u00e9part, Laeticia Hallyday <strong>a tent\u00e9 de vendre la maison \u00e0 26 millions d\u2019euros<\/strong>, avant de diminuer son prix qui se trouve <strong>aujourd\u2019hui \u00e9valu\u00e9 \u00e0 10,5 millions d\u2019euros.<\/strong> Mais \u00e0 l\u2019heure actuelle, m\u00eame \u00e0 ce prix, aucun acheteur ne pointe le bout de son nez. De fait, la maman de Jade et Joy aurait pris une grande d\u00e9cision selon Closer.<\/p>\n<p>D\u2019apr\u00e8s nos confr\u00e8res elle a d\u00e9cid\u00e9 de frapper fort. \u00ab\u00a0Laeticia Hallyday <strong>a en effet mandat\u00e9 deux agences immobili\u00e8res internationales pour acc\u00e9l\u00e9rer la vente de cette maison de 1 000 m\u00b2<\/strong>. Peut-\u00eatre auront-elles plus de chance que les autres agents sp\u00e9cialis\u00e9s\u2026\u00a0\u00bb, note le m\u00e9dia.\u00a0<\/p>\n<p>Rappelons que le bien dispose de onze pi\u00e8ces, cinq chambres, une salle de cin\u00e9ma, un autre de gym, une piscine, ou encore un court de tennis. Un bien d\u2019exception mais visiblement sur\u00e9valu\u00e9 pour le moment.\u00a0<\/p>\n<p>      Mentionn\u00e9s dans cet article<\/p>\n<p>\u00c0 lire aussi<\/p>\n","protected":false},"excerpt":{"rendered":"R\u00e9sum\u00e9 Ne parvenant toujours pas \u00e0 vendre l&rsquo;ancienne demeure de Johnny Hallyday \u00e0 Marnes-la-Coquette, Laeticia Hallyday a d\u00e9cid\u00e9&hellip;\n","protected":false},"author":2,"featured_media":50943,"comment_status":"","ping_status":"","sticky":false,"template":"","format":"standard","meta":{"footnotes":""},"categories":[1359],"tags":[1083,58,59,1011,27,8750,1304,3033,7648,973],"class_list":{"0":"post-50942","1":"post","2":"type-post","3":"status-publish","4":"format-standard","5":"has-post-thumbnail","7":"category-people","8":"tag-cyril-hanouna","9":"tag-divertissement","10":"tag-entertainment","11":"tag-fr","12":"tag-france","13":"tag-jade-hallyday","14":"tag-johnny-hallyday","15":"tag-joy-hallyday","16":"tag-laeticia-hallyday","17":"tag-people"},"share_on_mastodon":{"url":"https:\/\/pubeurope.com\/@fr\/114396876179717267","error":""},"_links":{"self":[{"href":"https:\/\/www.europesays.com\/fr\/wp-json\/wp\/v2\/posts\/50942","targetHints":{"allow":["GET"]}}],"collection":[{"href":"https:\/\/www.europesays.com\/fr\/wp-json\/wp\/v2\/posts"}],"about":[{"href":"https:\/\/www.europesays.com\/fr\/wp-json\/wp\/v2\/types\/post"}],"author":[{"embeddable":true,"href":"https:\/\/www.europesays.com\/fr\/wp-json\/wp\/v2\/users\/2"}],"replies":[{"embeddable":true,"href":"https:\/\/www.europesays.com\/fr\/wp-json\/wp\/v2\/comments?post=50942"}],"version-history":[{"count":0,"href":"https:\/\/www.europesays.com\/fr\/wp-json\/wp\/v2\/posts\/50942\/revisions"}],"wp:featuredmedia":[{"embeddable":true,"href":"https:\/\/www.europesays.com\/fr\/wp-json\/wp\/v2\/media\/50943"}],"wp:attachment":[{"href":"https:\/\/www.europesays.com\/fr\/wp-json\/wp\/v2\/media?parent=50942"}],"wp:term":[{"taxonomy":"category","embeddable":true,"href":"https:\/\/www.europesays.com\/fr\/wp-json\/wp\/v2\/categories?post=50942"},{"taxonomy":"post_tag","embeddable":true,"href":"https:\/\/www.europesays.com\/fr\/wp-json\/wp\/v2\/tags?post=50942"}],"curies":[{"name":"wp","href":"https:\/\/api.w.org\/{rel}","templated":true}]}}