{"id":509423,"date":"2025-11-03T18:42:16","date_gmt":"2025-11-03T18:42:16","guid":{"rendered":"https:\/\/www.europesays.com\/fr\/509423\/"},"modified":"2025-11-03T18:42:16","modified_gmt":"2025-11-03T18:42:16","slug":"faute-deffectifs-suffisants-les-urgences-hospitalieres-de-toulouse-mettent-en-place-des-restrictions","status":"publish","type":"post","link":"https:\/\/www.europesays.com\/fr\/509423\/","title":{"rendered":"Faute d\u2019effectifs suffisants, les urgences hospitali\u00e8res de Toulouse mettent en place des restrictions"},"content":{"rendered":"<p class=\"lp-f-subtitle-01\">La direction \u00e9voque ce lundi une r\u00e9organisation \u00ab\u00a0temporaire\u00a0\u00bb des urgences au CHU de Toulouse. \u00ab\u00a0C\u2019est bien la fermeture qui est pr\u00e9vue\u00a0\u00bb, a de son c\u00f4t\u00e9 d\u00e9nonc\u00e9 la CGT.<\/p>\n<p class=\"paragraph text_align_left lp-f-body-02\">Les services d\u2019urgence du CHU de Toulouse restreignent \u00e0 partir de ce lundi et au moins jusqu\u2019\u00e0 fin d\u00e9cembre leur capacit\u00e9 d\u2019accueil, <a href=\"https:\/\/www.leparisien.fr\/societe\/sante\/crise-des-urgences-le-desengorgement-cest-pour-quand-23-11-2024-OWULAWPPKNA4DAL5M33DBZJP5Y.php\" target=\"_blank\" rel=\"noreferrer nofollow noopener\">faute d\u2019effectifs suffisants<\/a>, a-t-on appris de sources concordantes. Dans un communiqu\u00e9, la direction du CHU de Toulouse annonce une \u00ab organisation temporaire des urgences adultes \u00bb pour novembre et d\u00e9cembre, avec une activit\u00e9 \u00ab recentr\u00e9e \u00bb sur la \u00ab prise en charge des patients n\u00e9cessitant des soins hospitaliers ou une hospitalisation \u00bb.<\/p>\n<p class=\"paragraph text_align_left lp-f-body-02\">Les autres patients seront \u00ab accueillis et r\u00e9orient\u00e9s par un infirmier et\/ou un m\u00e9decin d\u2019accueil et d\u2019orientation vers un m\u00e9decin de ville ou une structure adapt\u00e9e \u00bb, pr\u00e9cise la direction, en notant que \u00ab les urgences sont destin\u00e9es aux situations les plus graves \u00bb.<\/p>\n<p class=\"paragraph text_align_left lp-f-body-02\">\u00ab Derri\u00e8re la modification temporaire de l\u2019organisation, c\u2019est bien la FERMETURE des urgences ambulatoires (\u2026) qui est pr\u00e9vue \u00bb, a d\u00e9nonc\u00e9 de son c\u00f4t\u00e9 la CGT, premier syndicat du CHU, qui estime \u00e0 25 \u00e9quivalents temps plein l\u2019effectif manquant pour<a href=\"https:\/\/www.leparisien.fr\/paris-75\/les-hopitaux-de-paris-encore-extremement-fragiles-malgre-louverture-de-600-lits-selon-le-directeur-general-14-01-2025-XSEIFWSEU5GJBJJAP3V6WPFZWI.php\" target=\"_blank\" rel=\"noreferrer nofollow noopener\"> assurer l\u2019accueil aux urgences<\/a> tel qu\u2019il se faisait jusqu\u2019\u00e0 pr\u00e9sent.<\/p>\n<p class=\"paragraph text_align_left lp-f-body-02\">\u00ab C\u2019est vraiment tr\u00e8s hypocrite de continuer \u00e0 renvoyer les gens sur les m\u00e9decins traitants et les maisons m\u00e9dicales \u00bb, alors qu\u2019en r\u00e9gion toulousaine pr\u00e8s de 100 000 patients n\u2019ont pas de m\u00e9decin traitant et que les maisons \u00e9voqu\u00e9es sont satur\u00e9es, a soulign\u00e9 aupr\u00e8s de l\u2019AFP Marie Moulinier, infirmi\u00e8re et secr\u00e9taire g\u00e9n\u00e9rale adjointe de la CGT du CHU.<\/p>\n<p>Pour ceux \u00ab qui en ont le plus besoin \u00bb<\/p>\n<p class=\"paragraph text_align_left lp-f-body-02\">\u00ab Ce qu\u2019on veut pr\u00e9server absolument, c\u2019est la prise en charge des patients qui ont besoin d\u2019un recours \u00e0 l\u2019urgence \u00bb, a expliqu\u00e9 \u00e0 l\u2019AFP la professeure Sandrine Charpentier, qui dirige les urgences adultes depuis 2013. Et \u00ab c\u2019est une fa\u00e7on aussi de pr\u00e9server le syst\u00e8me de soins pour les patients qui en ont le plus besoin \u00bb, a-t-elle relev\u00e9.<\/p>\n<p class=\"paragraph text_align_left lp-f-body-02\">Selon la CGT, les difficult\u00e9s de recrutement nationales pour les urgences ne sont pas le seul facteur \u00e0 l\u2019origine des probl\u00e8mes du CHU toulousain. Le syndicat met en cause un \u00ab <a href=\"https:\/\/www.leparisien.fr\/societe\/sante\/crise-des-urgences-on-a-une-gouvernance-ultrabureaucratique-incapable-de-reagir-23-11-2024-Z65HLRHET5HZTHF5KJ77S3HVV4.php\" target=\"_blank\" rel=\"noreferrer nofollow noopener\">management pathog\u00e8ne<\/a> \u00bb refusant \u00ab tout am\u00e9nagement du temps de travail compatible avec un minimum de vie priv\u00e9e qui a conduit \u00e0 la fuite de m\u00e9decins \u00bb.<\/p>\n<p class=\"paragraph text_align_left lp-f-body-02\">Cet argument est r\u00e9fut\u00e9 par Sandrine Charpentier qui met en avant <a href=\"https:\/\/www.leparisien.fr\/societe\/sante\/face-au-manque-de-personnel-les-urgences-d-une-cinquantaine-dhopitaux-francais-en-tension-20-08-2024-6P6H6MVP45HUZBRRAD3ZCS3AN4.php\" target=\"_blank\" rel=\"noreferrer nofollow noopener\">l\u2019augmentation des besoins de sant\u00e9 li\u00e9e \u00e0 la croissance d\u00e9mographique<\/a> toulousaine, coupl\u00e9e \u00e0 un manque de praticiens pour y faire face. La r\u00e9organisation, \u00ab transitoire \u00bb selon la direction, devrait \u00ab durer au-del\u00e0 du mois de d\u00e9cembre \u00bb, juge la CGT qui estime tr\u00e8s improbable la perspective de recrutements d\u2019ici l\u00e0.<\/p>\n<p class=\"paragraph text_align_left lp-f-body-02\">\u00c0 ce sujet, Sandrine Charpentier a reconnu qu\u2019il n\u2019y avait aucune certitude sur une reprise des activit\u00e9s du service tel qu\u2019il existait jusqu\u2019\u00e0 d\u00e9but novembre. \u00ab Il faut vraiment que \u00e7a nous pousse \u00e0 nous r\u00e9organiser tous ensemble sur cet acc\u00e8s aux soins non programm\u00e9s qui ne peuvent pas \u00eatre que les urgences \u00bb, a-t-elle insist\u00e9.<\/p>\n","protected":false},"excerpt":{"rendered":"La direction \u00e9voque ce lundi une r\u00e9organisation \u00ab\u00a0temporaire\u00a0\u00bb des urgences au CHU de Toulouse. \u00ab\u00a0C\u2019est bien la fermeture&hellip;\n","protected":false},"author":2,"featured_media":509424,"comment_status":"","ping_status":"","sticky":false,"template":"","format":"standard","meta":{"footnotes":""},"categories":[2816],"tags":[1111,11,459,1777,674,1011,27,12,2680,25,71,104,2312],"class_list":{"0":"post-509423","1":"post","2":"type-post","3":"status-publish","4":"format-standard","5":"has-post-thumbnail","7":"category-toulouse","8":"tag-actu","9":"tag-actualites","10":"tag-departements-horsidfo","11":"tag-eu","12":"tag-europe","13":"tag-fr","14":"tag-france","15":"tag-news","16":"tag-occitanie","17":"tag-republique-francaise","18":"tag-sante","19":"tag-societe","20":"tag-toulouse"},"share_on_mastodon":{"url":"https:\/\/pubeurope.com\/@fr\/115487240595799163","error":""},"_links":{"self":[{"href":"https:\/\/www.europesays.com\/fr\/wp-json\/wp\/v2\/posts\/509423","targetHints":{"allow":["GET"]}}],"collection":[{"href":"https:\/\/www.europesays.com\/fr\/wp-json\/wp\/v2\/posts"}],"about":[{"href":"https:\/\/www.europesays.com\/fr\/wp-json\/wp\/v2\/types\/post"}],"author":[{"embeddable":true,"href":"https:\/\/www.europesays.com\/fr\/wp-json\/wp\/v2\/users\/2"}],"replies":[{"embeddable":true,"href":"https:\/\/www.europesays.com\/fr\/wp-json\/wp\/v2\/comments?post=509423"}],"version-history":[{"count":0,"href":"https:\/\/www.europesays.com\/fr\/wp-json\/wp\/v2\/posts\/509423\/revisions"}],"wp:featuredmedia":[{"embeddable":true,"href":"https:\/\/www.europesays.com\/fr\/wp-json\/wp\/v2\/media\/509424"}],"wp:attachment":[{"href":"https:\/\/www.europesays.com\/fr\/wp-json\/wp\/v2\/media?parent=509423"}],"wp:term":[{"taxonomy":"category","embeddable":true,"href":"https:\/\/www.europesays.com\/fr\/wp-json\/wp\/v2\/categories?post=509423"},{"taxonomy":"post_tag","embeddable":true,"href":"https:\/\/www.europesays.com\/fr\/wp-json\/wp\/v2\/tags?post=509423"}],"curies":[{"name":"wp","href":"https:\/\/api.w.org\/{rel}","templated":true}]}}