{"id":509429,"date":"2025-11-03T18:45:18","date_gmt":"2025-11-03T18:45:18","guid":{"rendered":"https:\/\/www.europesays.com\/fr\/509429\/"},"modified":"2025-11-03T18:45:18","modified_gmt":"2025-11-03T18:45:18","slug":"brasserie-longchamp-une-bistronomie-a-la-francaise","status":"publish","type":"post","link":"https:\/\/www.europesays.com\/fr\/509429\/","title":{"rendered":"Brasserie Longchamp, une bistronomie \u00ab\u00a0\u00e0 la fran\u00e7aise\u00a0\u00bb"},"content":{"rendered":"<p><img loading=\"lazy\" decoding=\"async\" width=\"1000\" height=\"666\" src=\"https:\/\/www.europesays.com\/fr\/wp-content\/uploads\/2025\/11\/BRASSERIE-LONGCHAMP-facade.jpg\" alt=\"Brasserie Longchamp, une bistronomie &quot;\u00e0 la fran\u00e7aise&quot;\" class=\"wp-image-47243\"  \/><\/p>\n<p><strong>C\u2019est une toute jeune adresse qui r\u00e9pond \u00e0 toutes les envies. Sept jours sur sept, on vient ici d\u00e9jeuner, boire un cocktail avec des amis, go\u00fbter \u00e0 l\u2019heure du shopping. Axel et S\u00e9verine accueillent avec le sourire et proposent une carte dans un style bistronomique de bon go\u00fbt. Un bistrot dans le style parisien, \u00e0 deux pas du Vieux-Port\u00a0? Ultra s\u00e9duisant\u00a0!<\/strong><\/p>\n<p>S\u00e9verine et Axel Terzian r\u00eavaient d\u2019un <a href=\"https:\/\/www.le-grand-pastis.com\/brasserie-longchamp-pmu-bistronomique-vieux-port-marseille\/\" target=\"_blank\" rel=\"noopener\">bistrot parisien<\/a>. Leur v\u0153u a pris forme \u00e0 quelques encablures du Vieux-Port : leur nouvelle brasserie Longchamp \u00e9pouse tous les codes des belles adresses parisiennes, de celles qui renouent avec les grandes heures de ce genre tr\u00e8s fran\u00e7ais. Une curiosit\u00e9 dans Marseille qui, depuis plusieurs d\u00e9cennies, voue un culte aux bars de quartier. \u00ab\u00a0Fa\u00e7ade en bois moulur\u00e9 couleur vert profond, tables et pieds en fonte, on voulait donner une image \u00e9l\u00e9gante et faire d\u00e9couvrir l\u2019ambiance du pari mutuel urbain \u00e0 des clients, souvent jeunes, qui s\u2019en sont d\u00e9tourn\u00e9s\u00a0\u00bb, explique Axel.<br \/>En cuisine, un r\u00e9duit de quelque 8 m\u00e8tres carr\u00e9s tout au plus, le chef Papis Gadio, et son second, Octave Grossu, jouent une partition tr\u00e8s hexagonale, \u00ab\u00a0et j\u2019y tiens car je veux rester en coh\u00e9rence avec les lieux et l\u2019atmosph\u00e8re\u00a0\u00bb, confie S\u00e9verine. Du tartare de loup-ni\u00e7oise de l\u00e9gumes-olives taggiasche \u00e0 la soupe de poissons, de la sole \u00e0 la grenobloise-pommes au paprika et haricots verts persillade au carr\u00e9 d\u2019agneau cro\u00fbte d\u2019herbes-sauce paloise et asperges r\u00f4ties l\u00e9gumes po\u00eal\u00e9s au thym, chaque d\u00e9jeuner r\u00e9conforte, redonne le sourire et \u00e9voque de gourmands souvenirs sur de solides bases bistronomiques. \u00ab\u00a0Chez nous, la journ\u00e9e commence \u00e0 7 heures chaque matin avec des viennoiseries, du caf\u00e9, des th\u00e9s, des omelettes, tartines et des jus de fruits\u00a0\u00bb, \u00e9num\u00e8re S\u00e9verine. Et pour le go\u00fbter, ce sont gaufres, cr\u00eapes et glaces qui escortent le tea time.\u00a0<\/p>\n<p>A l\u2019heure de l\u2019afterwork, planches de fromages, charcuteries et panisses accompagnent la carte des cocktails avec les ind\u00e9tr\u00f4nables mojito et spritz, \u00ab\u00a0mais les bi\u00e8res pression ont la cote\u00a0\u00bb, sourit la jeune patronne. De la terrasse ensoleill\u00e9e \u00e0 la salle qui brille de tous ses cuivres, on savoure le moment. Le service est joyeux et chacun trouve une bonne excuse pour d\u00e9jeuner ou grignoter \u00e0 toute heure de la journ\u00e9e.<\/p>\n<p>Brasserie Longchamp, 4, rue Bailli de Suffren, Marseille 1er arr. ; infos au 04 91 39 01 31.<br \/><a href=\"https:\/\/www.instagram.com\/brasserie_longchamp\/\" target=\"_blank\" rel=\"noopener\">Egalement sur Insta<\/a><\/p>\n<p>Photos <a href=\"https:\/\/www.instagram.com\/studiophilippeconti\/\" target=\"_blank\" rel=\"noopener\">@studiophilippeconti<\/a><\/p>\n<p>\t\t\t\t<script async src=\"\/\/www.instagram.com\/embed.js\"><\/script><\/p>\n","protected":false},"excerpt":{"rendered":"C\u2019est une toute jeune adresse qui r\u00e9pond \u00e0 toutes les envies. Sept jours sur sept, on vient ici&hellip;\n","protected":false},"author":2,"featured_media":509430,"comment_status":"","ping_status":"","sticky":false,"template":"","format":"standard","meta":{"footnotes":""},"categories":[2814],"tags":[1111,11,1777,674,1011,27,884,12,882,25],"class_list":{"0":"post-509429","1":"post","2":"type-post","3":"status-publish","4":"format-standard","5":"has-post-thumbnail","7":"category-marseille","8":"tag-actu","9":"tag-actualites","10":"tag-eu","11":"tag-europe","12":"tag-fr","13":"tag-france","14":"tag-marseille","15":"tag-news","16":"tag-provence-alpes-cote-dazur","17":"tag-republique-francaise"},"share_on_mastodon":{"url":"https:\/\/pubeurope.com\/@fr\/115487252956216388","error":""},"_links":{"self":[{"href":"https:\/\/www.europesays.com\/fr\/wp-json\/wp\/v2\/posts\/509429","targetHints":{"allow":["GET"]}}],"collection":[{"href":"https:\/\/www.europesays.com\/fr\/wp-json\/wp\/v2\/posts"}],"about":[{"href":"https:\/\/www.europesays.com\/fr\/wp-json\/wp\/v2\/types\/post"}],"author":[{"embeddable":true,"href":"https:\/\/www.europesays.com\/fr\/wp-json\/wp\/v2\/users\/2"}],"replies":[{"embeddable":true,"href":"https:\/\/www.europesays.com\/fr\/wp-json\/wp\/v2\/comments?post=509429"}],"version-history":[{"count":0,"href":"https:\/\/www.europesays.com\/fr\/wp-json\/wp\/v2\/posts\/509429\/revisions"}],"wp:featuredmedia":[{"embeddable":true,"href":"https:\/\/www.europesays.com\/fr\/wp-json\/wp\/v2\/media\/509430"}],"wp:attachment":[{"href":"https:\/\/www.europesays.com\/fr\/wp-json\/wp\/v2\/media?parent=509429"}],"wp:term":[{"taxonomy":"category","embeddable":true,"href":"https:\/\/www.europesays.com\/fr\/wp-json\/wp\/v2\/categories?post=509429"},{"taxonomy":"post_tag","embeddable":true,"href":"https:\/\/www.europesays.com\/fr\/wp-json\/wp\/v2\/tags?post=509429"}],"curies":[{"name":"wp","href":"https:\/\/api.w.org\/{rel}","templated":true}]}}