{"id":509434,"date":"2025-11-03T18:48:17","date_gmt":"2025-11-03T18:48:17","guid":{"rendered":"https:\/\/www.europesays.com\/fr\/509434\/"},"modified":"2025-11-03T18:48:17","modified_gmt":"2025-11-03T18:48:17","slug":"lhistoire-dun-casse-record-a-28-millions-deuros","status":"publish","type":"post","link":"https:\/\/www.europesays.com\/fr\/509434\/","title":{"rendered":"l\u2019histoire d\u2019un casse record \u00e0 28\u00a0millions d\u2019euros"},"content":{"rendered":"<p>Cela aurait pu \u00eatre le casse du si\u00e8cle. Un coup \u00e0 28\u00a0millions d\u2019euros, a r\u00e9v\u00e9l\u00e9 lundi Thierry Dran, le procureur de la R\u00e9publique en revenant sur le braquage du laboratoire de m\u00e9taux pr\u00e9cieux Pourquery le 30\u00a0octobre \u00e0 Lyon 7e.<\/p>\n<p><a href=\"https:\/\/www.leprogres.fr\/faits-divers-justice\/2025\/10\/31\/ils-etaient-tres-tranquilles-sous-les-yeux-de-riverains-meduses-recit-d-un-braquage-d-or-en-sept-minutes-chrono\" target=\"_blank\" rel=\"noopener\">Un premier chiffre de 18\u00a0millions d\u2019euros<\/a> avait fuit\u00e9 au lendemain des faits, correspondant \u00e0 la quantit\u00e9 de m\u00e9taux pr\u00e9cieux, essentiellement de l\u2019or, vol\u00e9e. On \u00e9tait loin du compte.<\/p>\n<p><a href=\"https:\/\/www.leprogres.fr\/encadres\/2019\/02\/12\/il-y-a-dix-ans-l-affaire-musulin-a-lyon\" target=\"_blank\" rel=\"noopener\">Depuis Tony Musulin en novembre\u00a02009<\/a> , et les 11,6\u00a0millions d\u2019euros envol\u00e9s, on n\u2019avait pas vu en quinze ans un pr\u00e9judice atteignant de tels montants. Et cela m\u00eame si la r\u00e9gion lyonnaise est malheureusement trop souvent le th\u00e9\u00e2tre de braquages. Une \u00ab\u00a0sp\u00e9cialit\u00e9&#8230;<\/p>\n","protected":false},"excerpt":{"rendered":"Cela aurait pu \u00eatre le casse du si\u00e8cle. Un coup \u00e0 28\u00a0millions d\u2019euros, a r\u00e9v\u00e9l\u00e9 lundi Thierry Dran,&hellip;\n","protected":false},"author":2,"featured_media":509435,"comment_status":"","ping_status":"","sticky":false,"template":"","format":"standard","meta":{"footnotes":""},"categories":[1889],"tags":[1111,11,2430,271,272,3152,2757,1777,674,274,107,1011,27,3367,2428,2756,12,25,2429,4375],"class_list":{"0":"post-509434","1":"post","2":"type-post","3":"status-publish","4":"format-standard","5":"has-post-thumbnail","7":"category-lyon","8":"tag-actu","9":"tag-actualites","10":"tag-auvergne-rhone-alpes","11":"tag-crime","12":"tag-delit-et-contravention","13":"tag-edition-est-lyonnais","14":"tag-edition-lyon-villeurbanne","15":"tag-eu","16":"tag-europe","17":"tag-faits-divers-justice","18":"tag-fil-info","19":"tag-fr","20":"tag-france","21":"tag-loire","22":"tag-lyon","23":"tag-lyon-bassin","24":"tag-news","25":"tag-republique-francaise","26":"tag-rhone","27":"tag-venissieux"},"share_on_mastodon":{"url":"https:\/\/pubeurope.com\/@fr\/115487264173067888","error":""},"_links":{"self":[{"href":"https:\/\/www.europesays.com\/fr\/wp-json\/wp\/v2\/posts\/509434","targetHints":{"allow":["GET"]}}],"collection":[{"href":"https:\/\/www.europesays.com\/fr\/wp-json\/wp\/v2\/posts"}],"about":[{"href":"https:\/\/www.europesays.com\/fr\/wp-json\/wp\/v2\/types\/post"}],"author":[{"embeddable":true,"href":"https:\/\/www.europesays.com\/fr\/wp-json\/wp\/v2\/users\/2"}],"replies":[{"embeddable":true,"href":"https:\/\/www.europesays.com\/fr\/wp-json\/wp\/v2\/comments?post=509434"}],"version-history":[{"count":0,"href":"https:\/\/www.europesays.com\/fr\/wp-json\/wp\/v2\/posts\/509434\/revisions"}],"wp:featuredmedia":[{"embeddable":true,"href":"https:\/\/www.europesays.com\/fr\/wp-json\/wp\/v2\/media\/509435"}],"wp:attachment":[{"href":"https:\/\/www.europesays.com\/fr\/wp-json\/wp\/v2\/media?parent=509434"}],"wp:term":[{"taxonomy":"category","embeddable":true,"href":"https:\/\/www.europesays.com\/fr\/wp-json\/wp\/v2\/categories?post=509434"},{"taxonomy":"post_tag","embeddable":true,"href":"https:\/\/www.europesays.com\/fr\/wp-json\/wp\/v2\/tags?post=509434"}],"curies":[{"name":"wp","href":"https:\/\/api.w.org\/{rel}","templated":true}]}}