{"id":509440,"date":"2025-11-03T18:52:13","date_gmt":"2025-11-03T18:52:13","guid":{"rendered":"https:\/\/www.europesays.com\/fr\/509440\/"},"modified":"2025-11-03T18:52:13","modified_gmt":"2025-11-03T18:52:13","slug":"financement-du-terrorisme-le-groupe-lafarge-juge-a-paris-pour-son-activite-en-syrie-jusquen-2014","status":"publish","type":"post","link":"https:\/\/www.europesays.com\/fr\/509440\/","title":{"rendered":"Financement du terrorisme : le groupe Lafarge jug\u00e9 \u00e0 Paris pour son activit\u00e9 en Syrie jusqu&rsquo;en 2014"},"content":{"rendered":"<ul class=\"jsx-862013697 ArticleChapo__List\">\n<li class=\"jsx-862013697 ArticleChapo__List_Item flex\">Le groupe Lafarge et certains de ses anciens responsables seront jug\u00e9s \u00e0 partir du mardi 4 novembre \u00e0 Paris.<\/li>\n<li class=\"jsx-862013697 ArticleChapo__List_Item flex\">Le cimentier fran\u00e7ais est soup\u00e7onn\u00e9 d&rsquo;avoir pay\u00e9 des groupes jihadistes pour maintenir son activit\u00e9 en Syrie jusqu&rsquo;en 2014.<\/li>\n<li class=\"jsx-862013697 ArticleChapo__List_Item flex\">Une accusation pour laquelle l&rsquo;entreprise, rachet\u00e9e entretemps par un groupe suisse, a d\u00e9j\u00e0 plaid\u00e9 coupable aux \u00c9tats-Unis.<\/li>\n<\/ul>\n<p data-module=\"article-paragraph\" class=\"jsx-3046738180 Paragraph Paragraph__End\">Le groupe Lafarge et d&rsquo;anciens hauts responsables comparaissent \u00e0 partir du mardi 4 novembre \u00e0 Paris, soup\u00e7onn\u00e9s d&rsquo;avoir <a href=\"https:\/\/www.tf1info.fr\/justice-faits-divers\/lafarge-en-syrie-un-proces-ordonne-pour-financement-d-entreprises-terroristes-contre-le-cimentier-et-huit-personnes-2328952.html\" target=\"_blank\" rel=\"noopener\">pay\u00e9 des groupes jihadistes<\/a> en Syrie jusqu&rsquo;en 2014 dans le but d&rsquo;y maintenir l&rsquo;activit\u00e9 d&rsquo;une cimenterie. Aux c\u00f4t\u00e9s de Lafarge, aval\u00e9 en 2015 par le groupe suisse Holcim, seront jug\u00e9s au tribunal correctionnel de Paris l&rsquo;ancien PDG du cimentier, Bruno Lafont, cinq ex-responsables de la cha\u00eene op\u00e9rationnelle ou de la cha\u00eene de s\u00fbret\u00e9, et deux interm\u00e9diaires syriens \u2013 dont l&rsquo;un est vis\u00e9 par un mandat d&rsquo;arr\u00eat international et devrait donc \u00eatre absent au proc\u00e8s.<\/p>\n<p>Paiements \u00e0 des groupes jihadistes<\/p>\n<p data-module=\"article-paragraph\" class=\"jsx-3046738180 Paragraph\">Dans ce dossier, les pr\u00e9venus devront r\u00e9pondre de <a href=\"https:\/\/www.tf1info.fr\/justice-faits-divers\/lafarge-en-syrie-le-parquet-veut-un-proces-contre-le-cimentier-pour-financement-du-terrorisme-2285713.html\" target=\"_blank\" rel=\"noopener\">financement d&rsquo;entreprise terroriste<\/a> et, pour certains, de non-respect de sanctions financi\u00e8res internationales.\u00a0Le groupe fran\u00e7ais est soup\u00e7onn\u00e9 d&rsquo;avoir vers\u00e9 en 2013 et 2014, via sa filiale syrienne Lafarge Cement Syria (LCS), plusieurs millions d&rsquo;euros \u00e0 des groupes rebelles jihadistes dont certains, comme l&rsquo;organisation \u00c9tat islamique (EI) et Jabhat al-Nosra, ont \u00e9t\u00e9 class\u00e9s comme \u00ab\u00a0terroristes\u00a0\u00bb, afin de maintenir l&rsquo;activit\u00e9 d&rsquo;une cimenterie \u00e0 Jalabiya, dans le nord du pays.<\/p>\n<p data-module=\"article-paragraph\" class=\"jsx-3046738180 Paragraph Paragraph__End\">La soci\u00e9t\u00e9 avait investi 680 millions d&rsquo;euros dans ce site, dont la construction a \u00e9t\u00e9 achev\u00e9e en 2010. Alors que les autres multinationales avaient quitt\u00e9 le pays en 2012, Lafarge n&rsquo;a \u00e9vacu\u00e9 cette ann\u00e9e-l\u00e0 que ses employ\u00e9s de nationalit\u00e9 \u00e9trang\u00e8re, et maintenu l&rsquo;activit\u00e9 de ses salari\u00e9s syriens jusqu&rsquo;en septembre 2014, date \u00e0 laquelle l&rsquo;EI a pris le contr\u00f4le de l&rsquo;usine. Dans ce laps de temps, LCS aurait r\u00e9mun\u00e9r\u00e9 des interm\u00e9diaires pour s&rsquo;approvisionner en mati\u00e8res premi\u00e8res aupr\u00e8s de l&rsquo;EI et d&rsquo;autres groupes, et pour que ces derniers facilitent la circulation des employ\u00e9s et des marchandises.<\/p>\n<p>Le groupe d\u00e9j\u00e0 sanctionn\u00e9 aux \u00c9tats-Unis<\/p>\n<p data-module=\"article-paragraph\" class=\"jsx-3046738180 Paragraph\">L&rsquo;information judiciaire avait \u00e9t\u00e9 ouverte \u00e0 Paris en 2017 apr\u00e8s plusieurs r\u00e9v\u00e9lations m\u00e9diatiques et deux plaintes en 2016, une du minist\u00e8re de l&rsquo;\u00c9conomie pour violation d&#8217;embargo, et l&rsquo;autre des associations comme Sherpa, le Centre europ\u00e9en pour les droits constitutionnels (ECCHR) et de onze anciens salari\u00e9s de LCS pour financement du terrorisme.<\/p>\n<p data-module=\"article-paragraph\" class=\"jsx-3046738180 Paragraph Paragraph__End\">Le nouveau groupe issu de la fusion de 2015, qui a toujours pris soin de dire qu&rsquo;il n&rsquo;avait rien \u00e0 voir avec les faits ant\u00e9rieurs \u00e0 cette op\u00e9ration, avait entretemps lanc\u00e9 une enqu\u00eate interne. Confi\u00e9e aux cabinets d&rsquo;avocats am\u00e9ricain Baker McKenzie et fran\u00e7ais Darrois, elle avait conclu en 2017 \u00e0 des \u00ab\u00a0violations du code de conduite des affaires de Lafarge\u00a0\u00bb. Et en octobre 2022, Lafarge SA avait plaid\u00e9 coupable aux \u00c9tats-Unis d&rsquo;avoir vers\u00e9 \u00e0 l&rsquo;EI et Jabhat al-Nosra pr\u00e8s de 6 millions de dollars, et accept\u00e9 d&rsquo;y payer une sanction financi\u00e8re de 778 millions de dollars.\u00a0<\/p>\n<p>Plusieurs pr\u00e9venus contestent<\/p>\n<p data-module=\"article-paragraph\" class=\"jsx-3046738180 Paragraph\">Une d\u00e9cision d\u00e9nonc\u00e9e par plusieurs pr\u00e9venus du dossier fran\u00e7ais, \u00e0 commencer par Bruno Lafont, qui conteste avoir \u00e9t\u00e9 inform\u00e9 des paiements aux groupes terroristes. Selon ses avocats, ce plaider-coupable, sur lequel s&rsquo;appuient en partie les juges d&rsquo;instruction fran\u00e7ais dans leur ordonnance, \u00ab\u00a0est une atteinte criante \u00e0 la pr\u00e9somption d&rsquo;innocence, qui jette en p\u00e2ture les anciens cadres de Lafarge\u00a0\u00bb et avait \u00ab\u00a0pour objectif de pr\u00e9server les int\u00e9r\u00eats \u00e9conomiques d&rsquo;un grand groupe\u00a0\u00bb.\u00a0<\/p>\n<p data-module=\"article-paragraph\" class=\"jsx-3046738180 Paragraph Paragraph__End\">Pour la d\u00e9fense de l&rsquo;ex-PDG, le proc\u00e8s qui s&rsquo;ouvre permettra d'\u00a0\u00bb\u00e9claircir\u00a0\u00bb plusieurs \u00ab\u00a0zones d&rsquo;ombre du dossier\u00a0\u00bb, comme le r\u00f4le des services de renseignement fran\u00e7ais. Les magistrats instructeurs ont estim\u00e9 que si des remont\u00e9es d&rsquo;informations avaient eu lieu entre les responsables s\u00fbret\u00e9 de Lafarge et les services secrets sur la situation autour du site, cela ne d\u00e9montrait \u00ab\u00a0absolument pas la validation par l&rsquo;\u00c9tat fran\u00e7ais des pratiques de financement d&rsquo;entit\u00e9s terroristes mises en place par Lafarge en Syrie\u00a0\u00bb.<\/p>\n<p><a href=\"https:\/\/www.tf1info.fr\/justice-faits-divers\/lafarge-en-syrie-la-cour-d-appel-de-paris-confirme-la-mise-en-examen-pour-complicite-de-crimes-contre-l-humanite-2220154.html\" rel=\"noopener\" class=\"jsx-3308031228 Link flex\" target=\"_blank\"><img decoding=\"async\" src=\"https:\/\/www.europesays.com\/fr\/wp-content\/uploads\/2025\/11\/lafarge-usine-de-beton-dans-paris-790aaf-0@1x.jpeg\" alt=\"L'usine de b\u00e9ton Lafarge, au bord de Seine\" loading=\"lazy\" importance=\"low\" fetchpriority=\"low\" class=\"\" aria-hidden=\"true\"\/><\/p>\n<p class=\"jsx-3657663356 ReadMoreArticle__Title\">Lire aussi<\/p>\n<p class=\"jsx-3657663356\">Lafarge en Syrie : la cour d&rsquo;appel de Paris confirme la mise en examen pour \u00ab\u00a0complicit\u00e9 de crimes contre l&rsquo;humanit\u00e9\u00a0\u00bb<\/p>\n<p><\/a><\/p>\n<p data-module=\"article-paragraph\" class=\"jsx-3046738180 Paragraph\">Au total, 241 parties civiles se sont \u00e0 ce jour constitu\u00e9es dans ce dossier. \u00ab\u00a0Plus de dix ans apr\u00e8s les faits, les anciens salari\u00e9s syriens pourront enfin t\u00e9moigner de ce qu&rsquo;ils ont endur\u00e9 : les passages de checkpoints, les enl\u00e8vements et la menace permanente planant sur leurs vies\u00a0\u00bb, souligne Anna Kiefer, de Sherpa. Lafarge encourt jusqu&rsquo;\u00e0 1,125 million d&rsquo;euros d&rsquo;amende pour le financement du terrorisme. Pour la violation d&#8217;embargo, l&rsquo;amende encourue est nettement plus lourde, allant jusqu&rsquo;\u00e0 10 fois le montant de l&rsquo;infraction qui sera retenu in fine par la justice.\u00a0<\/p>\n<p data-module=\"article-paragraph\" class=\"jsx-3046738180 Paragraph Paragraph__End\">Un autre volet de ce dossier est toujours \u00e0 l&rsquo;instruction, le groupe ayant aussi \u00e9t\u00e9 mis en examen pour complicit\u00e9 de crimes contre l&rsquo;humanit\u00e9 en Syrie et en Irak.\u00a0<\/p>\n<p>F.Se avec AFP<\/p>\n","protected":false},"excerpt":{"rendered":"Le groupe Lafarge et certains de ses anciens responsables seront jug\u00e9s \u00e0 partir du mardi 4 novembre \u00e0&hellip;\n","protected":false},"author":2,"featured_media":509441,"comment_status":"","ping_status":"","sticky":false,"template":"","format":"standard","meta":{"footnotes":""},"categories":[1888],"tags":[1111,1928,11,1927,1921,5925,33711,1777,674,1011,27,1922,2954,12,1926,626,1925,8200,2543,25,32,1254,133,2953],"class_list":{"0":"post-509440","1":"post","2":"type-post","3":"status-publish","4":"format-standard","5":"has-post-thumbnail","7":"category-paris","8":"tag-actu","9":"tag-actu-paris","10":"tag-actualites","11":"tag-actualites-paris","12":"tag-article-video","13":"tag-conflits-et-guerre","14":"tag-daech","15":"tag-eu","16":"tag-europe","17":"tag-fr","18":"tag-france","19":"tag-info","20":"tag-justice-et-faits-divers","21":"tag-news","22":"tag-news-paris","23":"tag-paris","24":"tag-paris-news","25":"tag-politique-et-crise-dun-pays-etranger","26":"tag-relations-internationales","27":"tag-republique-francaise","28":"tag-syrie","29":"tag-terrorisme","30":"tag-video","31":"tag-video-police"},"share_on_mastodon":{"url":"https:\/\/pubeurope.com\/@fr\/115487280560773630","error":""},"_links":{"self":[{"href":"https:\/\/www.europesays.com\/fr\/wp-json\/wp\/v2\/posts\/509440","targetHints":{"allow":["GET"]}}],"collection":[{"href":"https:\/\/www.europesays.com\/fr\/wp-json\/wp\/v2\/posts"}],"about":[{"href":"https:\/\/www.europesays.com\/fr\/wp-json\/wp\/v2\/types\/post"}],"author":[{"embeddable":true,"href":"https:\/\/www.europesays.com\/fr\/wp-json\/wp\/v2\/users\/2"}],"replies":[{"embeddable":true,"href":"https:\/\/www.europesays.com\/fr\/wp-json\/wp\/v2\/comments?post=509440"}],"version-history":[{"count":0,"href":"https:\/\/www.europesays.com\/fr\/wp-json\/wp\/v2\/posts\/509440\/revisions"}],"wp:featuredmedia":[{"embeddable":true,"href":"https:\/\/www.europesays.com\/fr\/wp-json\/wp\/v2\/media\/509441"}],"wp:attachment":[{"href":"https:\/\/www.europesays.com\/fr\/wp-json\/wp\/v2\/media?parent=509440"}],"wp:term":[{"taxonomy":"category","embeddable":true,"href":"https:\/\/www.europesays.com\/fr\/wp-json\/wp\/v2\/categories?post=509440"},{"taxonomy":"post_tag","embeddable":true,"href":"https:\/\/www.europesays.com\/fr\/wp-json\/wp\/v2\/tags?post=509440"}],"curies":[{"name":"wp","href":"https:\/\/api.w.org\/{rel}","templated":true}]}}