{"id":509446,"date":"2025-11-03T18:58:14","date_gmt":"2025-11-03T18:58:14","guid":{"rendered":"https:\/\/www.europesays.com\/fr\/509446\/"},"modified":"2025-11-03T18:58:14","modified_gmt":"2025-11-03T18:58:14","slug":"la-ville-de-pokrovsk-infiltree-par-lennemi-liberation","status":"publish","type":"post","link":"https:\/\/www.europesays.com\/fr\/509446\/","title":{"rendered":"la ville de Pokrovsk infiltr\u00e9e par l\u2019ennemi \u2013 Lib\u00e9ration"},"content":{"rendered":"<p class=\"sc-cPiKLX AiZTS text-element\">Les Russes sont dans Pokrovsk. Selon l\u2019\u00e9tat-major ukrainien, \u00abpr\u00e8s de 200 soldats ennemis\u00bb ont r\u00e9ussi \u00e0 se fixer dans la ville de l\u2019est de l\u2019Ukraine, autour de laquelle l\u2019\u00e9tau se resserre depuis de longs mois. Dans ce n\u0153ud logistique strat\u00e9gique de la r\u00e9gion de Donetsk, le dernier magasin d\u2019alimentation a ferm\u00e9 ses portes en ao\u00fbt, en raison des bombardements constants. <a href=\"https:\/\/www.liberation.fr\/international\/europe\/guerre-en-ukraine-dans-lest-les-russes-aux-portes-de-pokrovsk-20240822_KRPJ4VR3LBCX7OF4TQKG6UVWHI\/\" target=\"_blank\" rel=\"nofollow noopener\" title=\"https:\/\/www.liberation.fr\/international\/europe\/guerre-en-ukraine-dans-lest-les-russes-aux-portes-de-pokrovsk-20240822_KRPJ4VR3LBCX7OF4TQKG6UVWHI\/\">Au c\u0153ur des combats depuis l\u2019\u00e9t\u00e9 2024<\/a>, la ville n\u2019abrite gu\u00e8re plus que 1 000 habitants aujourd\u2019hui, contre 60 000 avant le d\u00e9but de l\u2019invasion. L\u2019\u00e9t\u00e9 dernier, l\u2019arm\u00e9e russe \u00e9tait parvenue assez rapidement jusqu\u2019aux abords de la ville, pour s\u2019y retrouver bloqu\u00e9e. \u00abLes Russes avaient pour la premi\u00e8re fois d\u00e9clar\u00e9 qu\u2019ils allaient \u201cbient\u00f4t prendre Pokrovsk\u201d il y a un an et trois mois, a rappel\u00e9 le chef du service de s\u00e9curit\u00e9 d\u2019Ukraine, Vassyl Maliouk, lors d\u2019un briefing \u00e0 Kyiv le 31 octobre. Mais depuis, ils ont avanc\u00e9 de 7 kilom\u00e8tres et perdu des dizaines de milliers d\u2019hommes.\u00bb<\/p>\n<p class=\"sc-cPiKLX AiZTS text-element\">Mais \u00e0 l\u2019\u00e9t\u00e9 2025, la Russie a chang\u00e9 de tactique. De petites unit\u00e9s de reconnaissance et de sabotage \u2013 de deux \u00e0 cinq hommes \u2013 ont commenc\u00e9 \u00e0 s\u2019infiltrer dans Pokrovsk. Ils<\/p>\n","protected":false},"excerpt":{"rendered":"Les Russes sont dans Pokrovsk. Selon l\u2019\u00e9tat-major ukrainien, \u00abpr\u00e8s de 200 soldats ennemis\u00bb ont r\u00e9ussi \u00e0 se fixer&hellip;\n","protected":false},"author":2,"featured_media":509447,"comment_status":"","ping_status":"","sticky":false,"template":"","format":"standard","meta":{"footnotes":""},"categories":[1591],"tags":[11,1887,12,1885,1886,132,220,297,135,134],"class_list":{"0":"post-509446","1":"post","2":"type-post","3":"status-publish","4":"format-standard","5":"has-post-thumbnail","7":"category-russie","8":"tag-actualites","9":"tag-federation-de-russie","10":"tag-news","11":"tag-russia","12":"tag-russian-federation","13":"tag-russie","14":"tag-ukraine","15":"tag-ukraine-la-crise","16":"tag-vladimir-poutine","17":"tag-volodymyr-zelensky"},"share_on_mastodon":{"url":"https:\/\/pubeurope.com\/@fr\/115487303738203935","error":""},"_links":{"self":[{"href":"https:\/\/www.europesays.com\/fr\/wp-json\/wp\/v2\/posts\/509446","targetHints":{"allow":["GET"]}}],"collection":[{"href":"https:\/\/www.europesays.com\/fr\/wp-json\/wp\/v2\/posts"}],"about":[{"href":"https:\/\/www.europesays.com\/fr\/wp-json\/wp\/v2\/types\/post"}],"author":[{"embeddable":true,"href":"https:\/\/www.europesays.com\/fr\/wp-json\/wp\/v2\/users\/2"}],"replies":[{"embeddable":true,"href":"https:\/\/www.europesays.com\/fr\/wp-json\/wp\/v2\/comments?post=509446"}],"version-history":[{"count":0,"href":"https:\/\/www.europesays.com\/fr\/wp-json\/wp\/v2\/posts\/509446\/revisions"}],"wp:featuredmedia":[{"embeddable":true,"href":"https:\/\/www.europesays.com\/fr\/wp-json\/wp\/v2\/media\/509447"}],"wp:attachment":[{"href":"https:\/\/www.europesays.com\/fr\/wp-json\/wp\/v2\/media?parent=509446"}],"wp:term":[{"taxonomy":"category","embeddable":true,"href":"https:\/\/www.europesays.com\/fr\/wp-json\/wp\/v2\/categories?post=509446"},{"taxonomy":"post_tag","embeddable":true,"href":"https:\/\/www.europesays.com\/fr\/wp-json\/wp\/v2\/tags?post=509446"}],"curies":[{"name":"wp","href":"https:\/\/api.w.org\/{rel}","templated":true}]}}