{"id":509450,"date":"2025-11-03T19:00:30","date_gmt":"2025-11-03T19:00:30","guid":{"rendered":"https:\/\/www.europesays.com\/fr\/509450\/"},"modified":"2025-11-03T19:00:30","modified_gmt":"2025-11-03T19:00:30","slug":"paralysie-budgetaire-aux-etats-unis-laide-alimentaire-reduite-pour-42-millions-damericains-en-novembre","status":"publish","type":"post","link":"https:\/\/www.europesays.com\/fr\/509450\/","title":{"rendered":"Paralysie budg\u00e9taire aux \u00c9tats-Unis\u00a0: l\u2019aide alimentaire r\u00e9duite pour 42\u00a0millions d\u2019Am\u00e9ricains en novembre"},"content":{"rendered":"<p>L\u2019administration Trump a d\u00e9clar\u00e9 ce lundi que l\u2019aide alimentaire dont b\u00e9n\u00e9ficient quelque 42 millions d\u2019Am\u00e9ricains serait r\u00e9duite en novembre en raison de <a href=\"https:\/\/www.letelegramme.fr\/monde\/shutdown-quelles-seront-les-consequences-dune-paralysie-budgetaire-aux-etats-unis-6900616.php\" target=\"_blank\" rel=\"noopener\">la paralysie budg\u00e9taire qui dure depuis un mois<\/a>.<\/p>\n<p>Fonds d\u2019urgence de plus de 4,5 Mds<\/p>\n<p>Le gouvernement va utiliser 4,65 milliards d\u2019un fonds d\u2019urgence pour financer les versements li\u00e9s au programme Snap, principal programme public d\u2019aide alimentaire aux \u00c9tats-Unis, ce qui couvrira environ \u00ab 50 % des aides des foyers \u00e9ligibles \u00bb, a affirm\u00e9 un responsable du minist\u00e8re de l\u2019Agriculture dans des documents judiciaires.<\/p>\n<p>Cette annonce fait suite \u00e0 une d\u00e9cision d\u2019un juge f\u00e9d\u00e9ral de Providence (nord-est), l\u2019un des deux \u00e0 avoir ordonn\u00e9 la semaine derni\u00e8re \u00e0 l\u2019ex\u00e9cutif d\u2019utiliser des fonds d\u2019urgence <a href=\"https:\/\/www.letelegramme.fr\/monde\/paralysie-budgetaire-aux-etats-unis-un-juge-ordonne-a-ladministration-trump-de-maintenir-le-principal-programme-daide-alimentaire-6920007.php\" target=\"_blank\" rel=\"noopener\">pour assurer la continuit\u00e9 du programme Snap<\/a>. L\u2019administration Trump affirme que le programme est \u00e0 court de fonds apr\u00e8s un mois de \u00ab shutdown \u00bb, d\u00e9mocrates et r\u00e9publicains ne parvenant pas \u00e0 s\u2019entendre pour adopter un nouveau budget et s\u2019en rejetant mutuellement la faute.<\/p>\n<p>\u00ab Instrumentaliser la faim \u00bb<\/p>\n<p>Le pr\u00e9sident Donald Trump avait assur\u00e9 vendredi qu\u2019il \u00e9tait pr\u00eat \u00e0 d\u00e9bloquer les fonds n\u00e9cessaires si la justice le d\u00e9cidait, disant \u00ab ne pas vouloir que les Am\u00e9ricains aient faim \u00bb. Hakeem Jeffries, chef de la minorit\u00e9 d\u00e9mocrate \u00e0 la Chambre des repr\u00e9sentants, a accus\u00e9 dimanche Trump et son parti r\u00e9publicain \u00ab d\u2019instrumentaliser la faim \u00bb des 42 millions b\u00e9n\u00e9ficiaires de ce programme.<\/p>\n","protected":false},"excerpt":{"rendered":"L\u2019administration Trump a d\u00e9clar\u00e9 ce lundi que l\u2019aide alimentaire dont b\u00e9n\u00e9ficient quelque 42 millions d\u2019Am\u00e9ricains serait r\u00e9duite en&hellip;\n","protected":false},"author":2,"featured_media":509451,"comment_status":"","ping_status":"","sticky":false,"template":"","format":"standard","meta":{"footnotes":""},"categories":[1589],"tags":[11,765,73,1866,74,12,1864,1865,1863,308],"class_list":{"0":"post-509450","1":"post","2":"type-post","3":"status-publish","4":"format-standard","5":"has-post-thumbnail","7":"category-etats-unis","8":"tag-actualites","9":"tag-en-continu","10":"tag-etats-unis","11":"tag-etats-unis-damerique","12":"tag-monde","13":"tag-news","14":"tag-united-states","15":"tag-united-states-of-america","16":"tag-us","17":"tag-usa"},"share_on_mastodon":{"url":"https:\/\/pubeurope.com\/@fr\/115487311329038414","error":""},"_links":{"self":[{"href":"https:\/\/www.europesays.com\/fr\/wp-json\/wp\/v2\/posts\/509450","targetHints":{"allow":["GET"]}}],"collection":[{"href":"https:\/\/www.europesays.com\/fr\/wp-json\/wp\/v2\/posts"}],"about":[{"href":"https:\/\/www.europesays.com\/fr\/wp-json\/wp\/v2\/types\/post"}],"author":[{"embeddable":true,"href":"https:\/\/www.europesays.com\/fr\/wp-json\/wp\/v2\/users\/2"}],"replies":[{"embeddable":true,"href":"https:\/\/www.europesays.com\/fr\/wp-json\/wp\/v2\/comments?post=509450"}],"version-history":[{"count":0,"href":"https:\/\/www.europesays.com\/fr\/wp-json\/wp\/v2\/posts\/509450\/revisions"}],"wp:featuredmedia":[{"embeddable":true,"href":"https:\/\/www.europesays.com\/fr\/wp-json\/wp\/v2\/media\/509451"}],"wp:attachment":[{"href":"https:\/\/www.europesays.com\/fr\/wp-json\/wp\/v2\/media?parent=509450"}],"wp:term":[{"taxonomy":"category","embeddable":true,"href":"https:\/\/www.europesays.com\/fr\/wp-json\/wp\/v2\/categories?post=509450"},{"taxonomy":"post_tag","embeddable":true,"href":"https:\/\/www.europesays.com\/fr\/wp-json\/wp\/v2\/tags?post=509450"}],"curies":[{"name":"wp","href":"https:\/\/api.w.org\/{rel}","templated":true}]}}