{"id":509454,"date":"2025-11-03T19:03:21","date_gmt":"2025-11-03T19:03:21","guid":{"rendered":"https:\/\/www.europesays.com\/fr\/509454\/"},"modified":"2025-11-03T19:03:21","modified_gmt":"2025-11-03T19:03:21","slug":"lallemagne-fournit-de-nouveaux-systemes-de-defense-aerienne-patriot-a-lukraine","status":"publish","type":"post","link":"https:\/\/www.europesays.com\/fr\/509454\/","title":{"rendered":"L&rsquo;Allemagne fournit de nouveaux syst\u00e8mes de d\u00e9fense a\u00e9rienne Patriot \u00e0 l&rsquo;Ukraine"},"content":{"rendered":"<p class=\"mb-4 text-lg md:leading-8 break-words\">L&rsquo;Ukraine a re\u00e7u de nouveaux syst\u00e8mes de d\u00e9fense a\u00e9rienne Patriot pour l&rsquo;aider \u00e0 contrer les barrages a\u00e9riens quotidiens de la Russie, a d\u00e9clar\u00e9 lundi le pr\u00e9sident ukrainien Volodymyr Zelensky.<\/p>\n<p class=\"mb-4 text-lg md:leading-8 break-words\">\u00ab\u00a0Davantage de Patriots sont maintenant en Ukraine et sont en train d&rsquo;\u00eatre mis en service\u00a0\u00bb, a-t-il d\u00e9clar\u00e9 dans un message sur les r\u00e9seaux sociaux dimanche en fin de journ\u00e9e.<\/p>\n<p class=\"mb-4 text-lg md:leading-8 break-words\">\u00ab\u00a0Bien s\u00fbr, davantage de syst\u00e8mes sont n\u00e9cessaires pour prot\u00e9ger les sites d&rsquo;infrastructures cl\u00e9s et nos villes sur l&rsquo;ensemble du territoire de notre \u00c9tat\u00a0\u00bb.<\/p>\n<p class=\"mb-4 text-lg md:leading-8 break-words\">Dans son message, Volodymyr Zelensky remercie l&rsquo;Allemagne et son chancelier Friedrich Merz pour ces syst\u00e8mes.<\/p>\n<p>Des achats d&rsquo;armes am\u00e9ricaines coordonn\u00e9s par l&rsquo;OTAN<\/p>\n<p class=\"mb-4 text-lg md:leading-8 break-words\">Les syst\u00e8mes Patriot, de fabrication am\u00e9ricaine, constituent l&rsquo;arme la plus efficace contre les missiles russes.<\/p>\n<p class=\"mb-4 text-lg md:leading-8 break-words\">Voldoymyr Zelensky exhorte ses partenaires occidentaux \u00e0 lui en fournir davantage, mais les limitations de production et la n\u00e9cessit\u00e9 de maintenir les stocks ont jusqu&rsquo;\u00e0 pr\u00e9sent ralenti leur livraison.<\/p>\n<p class=\"mb-4 text-lg md:leading-8 break-words\">Il y a trois mois, l&rsquo;Allemagne a annonc\u00e9 qu&rsquo;elle livrerait deux syst\u00e8mes de d\u00e9fense a\u00e9rienne Patriot suppl\u00e9mentaires \u00e0 l&rsquo;Ukraine. Berlin a donn\u00e9 son accord apr\u00e8s avoir obtenu l&rsquo;assurance que les \u00c9tats-Unis donneraient la priorit\u00e9 \u00e0 la livraison de nouveaux Patriot \u00e0 l&rsquo;Allemagne afin de reconstituer ses stocks.<\/p>\n<p><img alt=\"Le pr\u00e9sident ukrainien Volodymyr Zelensky devant un syst\u00e8me de missiles de d\u00e9fense a\u00e9rienne Patriot en Pom\u00e9ranie occidentale, le 11 juin 2024\" loading=\"lazy\" width=\"808\" height=\"550\" decoding=\"async\" data-nimg=\"1\" class=\"rounded-lg\" style=\"color:transparent\" src=\"https:\/\/www.europesays.com\/fr\/wp-content\/uploads\/2025\/11\/41ee2151ce8cc823705b2dd0b486e795.jpeg\"\/><\/p>\n<p> Le pr\u00e9sident ukrainien Volodymyr Zelensky devant un syst\u00e8me de missiles de d\u00e9fense a\u00e9rienne Patriot en Pom\u00e9ranie occidentale, le 11 juin 2024   &#8211; AP Photo <\/p>\n<p class=\"mb-4 text-lg md:leading-8 break-words\">L&rsquo;Allemagne a fourni \u00e0 l&rsquo;Ukraine plus de syst\u00e8mes Patriot provenant de ses propres forces arm\u00e9es que n&rsquo;importe quel autre pays, a d\u00e9clar\u00e9 lundi le minist\u00e8re allemand de la D\u00e9fense.<\/p>\n<p class=\"mb-4 text-lg md:leading-8 break-words\">Berlin a \u00e9galement livr\u00e9 \u00e0 Kyiv des syst\u00e8mes de d\u00e9fense a\u00e9rienne de diff\u00e9rentes port\u00e9es, tels que IRIS-T et Skynex.<\/p>\n<p class=\"mb-4 text-lg md:leading-8 break-words\"><b class=\"c-widget-related__title__text\">Related<\/b><\/p>\n<p class=\"mb-4 text-lg md:leading-8 break-words\">L&rsquo;OTAN coordonne des livraisons r\u00e9guli\u00e8res d&rsquo;importants lots d&rsquo;armes \u00e0 l&rsquo;Ukraine. Les alli\u00e9s europ\u00e9ens et le Canada ach\u00e8tent une grande partie de leur \u00e9quipement aux \u00c9tats-Unis, qui disposent de stocks plus importants d&rsquo;\u00e9quipements militaires et d&rsquo;armes plus efficaces.<\/p>\n<p class=\"mb-4 text-lg md:leading-8 break-words\">L&rsquo;administration Trump ne donne aucune arme \u00e0 l&rsquo;Ukraine, contrairement au gouvernement pr\u00e9c\u00e9dent de Joe Biden.<\/p>\n<p>Frappes russes et riposte ukrainienne<\/p>\n<p class=\"mb-4 text-lg md:leading-8 break-words\">Le pilonnage incessant par la Russie des zones urbaines situ\u00e9es derri\u00e8re la ligne de front a tu\u00e9 des milliers de civils depuis le lancement de l&rsquo;invasion de l&rsquo;Ukraine il y a pr\u00e8s de quatre ans.<\/p>\n<p class=\"mb-4 text-lg md:leading-8 break-words\">Chaque automne, Moscou prend \u00e9galement pour cible le r\u00e9seau \u00e9nerg\u00e9tique du pays afin de priver les civils de chauffage et d&rsquo;eau courante en hiver, et de perturber <a href=\"https:\/\/fr.news.yahoo.com\/construits-lombre-lanc%C3%A9s-nuit-drones-070056940.html\" data-ylk=\"slk:la production industrielle de drones;elm:context_link;itc:0;sec:content-canvas;outcm:mb_qualified_link;_E:mb_qualified_link;ct:story;\" class=\"link  yahoo-link\" target=\"_blank\" rel=\"noopener\"><strong>la production industrielle de drones<\/strong><\/a> et de missiles par l&rsquo;Ukraine.<\/p>\n<p class=\"mb-4 text-lg md:leading-8 break-words\">Selon l&rsquo;arm\u00e9e de l&rsquo;air ukrainienne, la Russie a lanc\u00e9 12 missiles de diff\u00e9rents types et 138 drones de frappe et de leurre sur l&rsquo;Ukraine dans la nuit de dimanche \u00e0 lundi.<\/p>\n<p class=\"mb-4 text-lg md:leading-8 break-words\">Dans la r\u00e9gion de Soumy, dans le nord-est de l&rsquo;Ukraine, des drones russes ont frapp\u00e9 une maison o\u00f9 ils ont tu\u00e9 un homme et bless\u00e9 cinq membres de sa famille, selon les autorit\u00e9s. Deux femmes ont \u00e9galement \u00e9t\u00e9 bless\u00e9es lors d&rsquo;une autre attaque dans la m\u00eame r\u00e9gion.<\/p>\n<p class=\"mb-4 text-lg md:leading-8 break-words\">\u00ab\u00a0Les Russes ont pris les gens pour cible de mani\u00e8re cynique, d\u00e9lib\u00e9r\u00e9ment, la nuit, pendant qu&rsquo;ils dormaient\u00a0\u00bb, a \u00e9crit le chef de la r\u00e9gion, Oleh Hryhorov, sur Telegram, en r\u00e9ponse aux attaques.<\/p>\n<p><img alt=\"Un lance-roquettes multiple russe Grad automoteur de 122 mm tire en direction des positions ukrainiennes sur un site non divulgu\u00e9 en Ukraine, le 31 octobre 2025\" loading=\"lazy\" width=\"808\" height=\"539\" decoding=\"async\" data-nimg=\"1\" class=\"rounded-lg\" style=\"color:transparent\" src=\"https:\/\/www.europesays.com\/fr\/wp-content\/uploads\/2025\/11\/b09b3b50bed603024d077fb61c140348.jpeg\"\/><\/p>\n<p> Un lance-roquettes multiple russe Grad automoteur de 122 mm tire en direction des positions ukrainiennes sur un site non divulgu\u00e9 en Ukraine, le 31 octobre 2025   &#8211; AP Photo <\/p>\n<p class=\"mb-4 text-lg md:leading-8 break-words\">Des missiles russes ont \u00e9galement d\u00e9clench\u00e9 un incendie dans une entreprise de la r\u00e9gion centrale de Dnipro, faisant un bless\u00e9, tandis que des drones russes ont frapp\u00e9 des infrastructures \u00e9nerg\u00e9tiques dans la r\u00e9gion m\u00e9ridionale de Mykola\u00efv.<\/p>\n<p class=\"mb-4 text-lg md:leading-8 break-words\">Dans le m\u00eame temps, l&rsquo;Ukraine a tent\u00e9 d&rsquo;endommager l&rsquo;industrie p\u00e9troli\u00e8re de la Russie, pilier de son \u00e9conomie.<\/p>\n<p class=\"mb-4 text-lg md:leading-8 break-words\">Selon l&rsquo;\u00e9tat-major ukrainien, les forces ukrainiennes ont <a href=\"https:\/\/fr.news.yahoo.com\/forces-ukrainiennes-frappent-%C3%A0-nouveau-110940993.html\" data-ylk=\"slk:attaqu\u00e9 la nuit derni\u00e8re la raffinerie de p\u00e9trole russe de Saratov;elm:context_link;itc:0;sec:content-canvas;outcm:mb_qualified_link;_E:mb_qualified_link;ct:story;\" class=\"link  yahoo-link\" target=\"_blank\" rel=\"noopener\"><strong>attaqu\u00e9 la nuit derni\u00e8re la raffinerie de p\u00e9trole russe de Saratov<\/strong><\/a>, provoquant un important incendie. Il s&rsquo;agit de la quatri\u00e8me attaque de l&rsquo;Ukraine contre cette installation en pr\u00e8s de sept semaines.<\/p>\n<p class=\"mb-4 text-lg md:leading-8 break-words\">La raffinerie, situ\u00e9e \u00e0 quelque 500 kilom\u00e8tres de la fronti\u00e8re ukrainienne, est capable de traiter plusieurs millions de tonnes de p\u00e9trole par an.<\/p>\n<p class=\"mb-4 text-lg md:leading-8 break-words\">Volodymyr Zelensky a affirm\u00e9 la semaine derni\u00e8re que les frappes \u00e0 longue port\u00e9e sur les raffineries russes avaient <a href=\"https:\/\/fr.news.yahoo.com\/frappes-ukrainiennes-r%C3%A9duisent-20-capacit%C3%A9-191342765.html\" data-ylk=\"slk:r\u00e9duit de 20 % la capacit\u00e9 de raffinage du p\u00e9trole de Moscou;elm:context_link;itc:0;sec:content-canvas;outcm:mb_qualified_link;_E:mb_qualified_link;ct:story;\" class=\"link  yahoo-link\" target=\"_blank\" rel=\"noopener\"><strong>r\u00e9duit de 20 % la capacit\u00e9 de raffinage du p\u00e9trole de Moscou<\/strong><\/a>.<\/p>\n","protected":false},"excerpt":{"rendered":"L&rsquo;Ukraine a re\u00e7u de nouveaux syst\u00e8mes de d\u00e9fense a\u00e9rienne Patriot pour l&rsquo;aider \u00e0 contrer les barrages a\u00e9riens quotidiens&hellip;\n","protected":false},"author":2,"featured_media":509455,"comment_status":"","ping_status":"","sticky":false,"template":"","format":"standard","meta":{"footnotes":""},"categories":[1587],"tags":[11,672,1804,1805,15470,1803,1777,674,1801,5493,12,38068,1802,17917,17406],"class_list":{"0":"post-509454","1":"post","2":"type-post","3":"status-publish","4":"format-standard","5":"has-post-thumbnail","7":"category-allemagne","8":"tag-actualites","9":"tag-allemagne","10":"tag-bundesrepublik-deutschland","11":"tag-de","12":"tag-defense-aerienne","13":"tag-deutschland","14":"tag-eu","15":"tag-europe","16":"tag-germany","17":"tag-lukraine","18":"tag-news","19":"tag-patriot","20":"tag-republique-federale-dallemagne","21":"tag-systemes-de-defense","22":"tag-volodymyr"},"share_on_mastodon":{"url":"https:\/\/pubeurope.com\/@fr\/115487324313844351","error":""},"_links":{"self":[{"href":"https:\/\/www.europesays.com\/fr\/wp-json\/wp\/v2\/posts\/509454","targetHints":{"allow":["GET"]}}],"collection":[{"href":"https:\/\/www.europesays.com\/fr\/wp-json\/wp\/v2\/posts"}],"about":[{"href":"https:\/\/www.europesays.com\/fr\/wp-json\/wp\/v2\/types\/post"}],"author":[{"embeddable":true,"href":"https:\/\/www.europesays.com\/fr\/wp-json\/wp\/v2\/users\/2"}],"replies":[{"embeddable":true,"href":"https:\/\/www.europesays.com\/fr\/wp-json\/wp\/v2\/comments?post=509454"}],"version-history":[{"count":0,"href":"https:\/\/www.europesays.com\/fr\/wp-json\/wp\/v2\/posts\/509454\/revisions"}],"wp:featuredmedia":[{"embeddable":true,"href":"https:\/\/www.europesays.com\/fr\/wp-json\/wp\/v2\/media\/509455"}],"wp:attachment":[{"href":"https:\/\/www.europesays.com\/fr\/wp-json\/wp\/v2\/media?parent=509454"}],"wp:term":[{"taxonomy":"category","embeddable":true,"href":"https:\/\/www.europesays.com\/fr\/wp-json\/wp\/v2\/categories?post=509454"},{"taxonomy":"post_tag","embeddable":true,"href":"https:\/\/www.europesays.com\/fr\/wp-json\/wp\/v2\/tags?post=509454"}],"curies":[{"name":"wp","href":"https:\/\/api.w.org\/{rel}","templated":true}]}}