{"id":509456,"date":"2025-11-03T19:04:19","date_gmt":"2025-11-03T19:04:19","guid":{"rendered":"https:\/\/www.europesays.com\/fr\/509456\/"},"modified":"2025-11-03T19:04:19","modified_gmt":"2025-11-03T19:04:19","slug":"un-parc-lumineux-et-sonore-va-ouvrir-dans-leure","status":"publish","type":"post","link":"https:\/\/www.europesays.com\/fr\/509456\/","title":{"rendered":"un parc lumineux et sonore va ouvrir dans l&rsquo;Eure"},"content":{"rendered":"<p>            Par<br \/>\n        <strong><br \/>\n            <a href=\"https:\/\/actu.fr\/auteur\/anthony-bonnet\" title=\"Consulter tous les articles de Anthony Bonnet\" rel=\"nofollow noopener\" target=\"_blank\">Anthony Bonnet<\/a><br \/>\n        <\/strong><\/p>\n<p>        Publi\u00e9 le<\/p>\n<p>            3 nov. 2025 \u00e0 20h00        <\/p>\n<p>Le Domaine d\u2019Harcourt (Eure) avait marqu\u00e9 les esprits au cours des hivers 2023 et 2024 en proposant <b>un parcours lumineux et sonore <\/b>intitul\u00e9 \u00ab Merveilleux \u00bb. Cette balade enchant\u00e9e au milieu des arbres, pens\u00e9e comme \u00ab un ballon d\u2019essai \u00bb, avait s\u00e9duit 26 000 visiteurs la premi\u00e8re ann\u00e9e, <a href=\"https:\/\/actu.fr\/normandie\/harcourt_27311\/domaine-dharcourt-le-parcours-lumineux-a-franchi-le-cap-des-40-000-visiteurs_60551470.html\" rel=\"nofollow noopener\" target=\"_blank\">puis 40 000 lors de l\u2019\u00e9dition suivante<\/a>, des chiffres au-del\u00e0 des esp\u00e9rances.<\/p>\n<p class=\" wall-content\">Ce que les spectateurs vont d\u00e9couvrir \u00e0 partir du samedi 6 d\u00e9cembre 2025 sera d\u2019un niveau d\u2019\u00e9merveillement bien sup\u00e9rieur, s\u2019enthousiasme <b>Alexandre Rassa\u00ebrt<\/b>, pr\u00e9sident du <b>D\u00e9partement de l\u2019Eure<\/b>, propri\u00e9taire du site. \u00ab Nous passons un cap tr\u00e8s important \u00bb, confie-t-il au groupe Actu.<\/p>\n<p>La fusion de la nature et de la lumi\u00e8re<\/p>\n<p class=\" wall-content\"><a href=\"https:\/\/actu.fr\/normandie\/harcourt_27311\/domaine-dharcourt-le-departement-de-leure-mise-cinq-millions-deuros-pour-booster-le-tourisme_54905451.html\" rel=\"nofollow noopener\" target=\"_blank\">Peu d\u2019informations avaient filtr\u00e9 jusque-l\u00e0 <\/a>sur ce projet d\u2019envergure. Le voile a \u00e9t\u00e9 lev\u00e9 ce lundi 3\u00a0novembre <b>au cin\u00e9ma d\u2019\u00c9vreux<\/b> devant un parterre d\u2019invit\u00e9s. Gr\u00e2ce \u00e0 de nombreux \u00e9quipements techniques, <b>Arbora Lumina <\/b>rend hommage \u00e0 l\u2019h\u00e9ritage v\u00e9g\u00e9tal et min\u00e9ral du Domaine.<\/p>\n<p class=\" wall-content\">Une fusion de la nature et de la lumi\u00e8re qui se d\u00e9ploie <b>en neuf tableaux immersifs<\/b>, chacun r\u00e9v\u00e9lant une facette des lieux.<\/p>\n<blockquote class=\"ac-article-quote wall-content\">\n<p>C\u2019est un parcours lumineux en ext\u00e9rieur, le plus grand de France voire d\u2019Europe \u00e0 ce stade, sur un temps d\u2019environ une heure. En entrant dans la for\u00eat d\u2019Harcourt, on p\u00e9n\u00e8tre dans un autre monde, on se d\u00e9connecte de tous les soucis possibles. L\u2019objectif est de profiter avec sa famille d\u2019une exp\u00e9rience qui nous marquera longtemps.<\/p>\n<p>Alexandre Rassa\u00ebrt<\/p><\/blockquote>\n<p>Vid\u00e9os : en ce moment sur Actu<\/p>\n<p class=\" wall-content\">Le D\u00e9partement de l\u2019Eure a fait appel \u00e0 <b>la soci\u00e9t\u00e9 Moment Factory<\/b>, fond\u00e9e \u00e0 Montr\u00e9al en 2001. \u00c0 l\u2019origine de pr\u00e8s de 600 projets aux quatre coins du monde, <b>ce studio multim\u00e9dia<\/b> combine des sp\u00e9cialit\u00e9s dans la vid\u00e9o, l\u2019\u00e9clairage, l\u2019architecture, le son, l\u2019interactivit\u00e9 et les effets\u00a0sp\u00e9ciaux pour cr\u00e9er des exp\u00e9riences m\u00e9morables.<\/p>\n<p>    <a href=\"https:\/\/www.youtube.com\/embed\/FLHHJMlDh_U?si=98wNNiRH-r-p1_9S\" title=\"Ouvrie le lien\" rel=\"nofollow noopener\" target=\"_blank\">Cliquez ici pour visualiser le contenu<\/a><\/p>\n<p>Votre r\u00e9gion, votre actu !<\/p>\n<p>Recevez chaque jour les infos qui comptent pour vous.<\/p>\n<p>\t<a href=\"https:\/\/actu.fr\/newsletter\" class=\"ac-btn ac-btn--corner ac-btn--medium ac-btn--blue800\" rel=\"nofollow noopener\" target=\"_blank\">S&rsquo;incrire<\/a><\/p>\n<p class=\" wall-content\">\u00ab Nous avons re\u00e7u plusieurs prestataires dans le cadre d\u2019une proc\u00e9dure tr\u00e8s carr\u00e9e, souligne le pr\u00e9sident. J\u2019ai assist\u00e9 \u00e0 toutes les \u00e9tapes. Ce qui a \u00e9t\u00e9 d\u00e9terminant, c\u2019est la qualit\u00e9 de ce qu\u2019ils ont propos\u00e9 et leur <b>expertise internationale<\/b>. Nous avons \u00e9t\u00e9 tr\u00e8s regardants sur le choix du prestataire pour \u00eatre certain de toucher \u00e0 l\u2019exception. \u00bb<\/p>\n<p>Un projet sur mesure<\/p>\n<p class=\" wall-content\">Moment Factory a beau avoir collabor\u00e9 avec de grandes institutions culturelles et sportives, jamais encore ses \u00e9quipes n\u2019avaient imagin\u00e9 une d\u00e9ambulation lumineuse dans un site historique aussi ancien qu\u2019Harcourt.<\/p>\n<p class=\" wall-content\">Le Domaine r\u00e9unit deux patrimoines singuliers : <b>un ch\u00e2teau fort du XIIe\u00a0si\u00e8cle <\/b>et <b>un arboretum <\/b>cr\u00e9\u00e9 en 1802, l\u2019un des plus anciens de France.<\/p>\n<blockquote class=\"ac-article-quote wall-content\">\n<p>La sc\u00e9nographie sera bas\u00e9e sur l\u2019histoire du site et sur la nature, c\u2019est \u00e0 la jonction de ces deux sujets-l\u00e0, et c\u2019\u00e9tait une volont\u00e9 dans le cahier des charges.<\/p>\n<p>Alexandre Rassa\u00ebrt<\/p><\/blockquote>\n<p class=\" wall-content\">Arbora Lumina a \u00e9t\u00e9 con\u00e7u sur mesure pour Harcourt. \u00ab C\u2019est un projet adapt\u00e9 et travaill\u00e9 sur site et ce n\u2019est pas un projet existant que l\u2019on d\u00e9ploie dans la for\u00eat, c\u2019est pour cela que \u00e7a a demand\u00e9 des ann\u00e9es de conception, insiste-t-il. Il y a eu un vrai travail en lien avec les \u00e9quipes du Domaine sur les diff\u00e9rents tableaux. Avec l\u2019objectif que ce soit <b>le plus accessible possible<\/b> et que les enfants s\u2019y retrouvent. Nous sommes vraiment sur un projet familial. \u00bb<\/p>\n<p>130 000 visiteurs annuels<\/p>\n<p class=\" wall-content\">Le D\u00e9partement de l\u2019Eure esp\u00e8re attirer entre 130 000\u00a0et 150 000 visiteurs \u00e0 l\u2019ann\u00e9e \u00e0 Harcourt gr\u00e2ce \u00e0 cette <b>nouvelle offre hivernale<\/b>, ouverte pendant quatre mois, en plus des animations habituelles (Automnales, M\u00e9di\u00e9vales, etc.).<\/p>\n<p>    <img   decoding=\"async\" loading=\"lazy\" class=\"size-large\" src=\"https:\/\/www.europesays.com\/fr\/wp-content\/uploads\/2025\/11\/914ed2ce6b186954ed2ce6b18794edv-960x640.jpg\" alt=\"Alexandre Rassaert\" width=\"960\" height=\"640\"\/><br \/>\n    Alexandre Rassa\u00ebrt pr\u00e9side le D\u00e9partement de l\u2019Eure. \u00a9photo d\u2019archives<\/p>\n<p class=\" wall-content\">Une programmation culturelle quatre saisons et <b>une augmentation de la fr\u00e9quentation<\/b> cruciale sur le plan financier pour booster les recettes de billetterie.<\/p>\n<p class=\" wall-content\">\u00ab La question de l\u2019avenir du site se posait, reconnait l\u2019ancien maire de Gisors. Le Domaine d\u2019Harcourt nous co\u00fbte en exploitation<b> 500 000\u00a0\u20ac par an<\/b>. Donc soit on le d\u00e9veloppait davantage avec un niveau d\u2019investissement assez fort, soit on l\u2019abandonnait, car le D\u00e9partement n\u2019en avait plus les moyens. \u00bb<\/p>\n<p>Des am\u00e9nagements pour accueillir le public<\/p>\n<p class=\" wall-content\">Des travaux de grande ampleur ont \u00e9t\u00e9 n\u00e9cessaires pour accueillir le public dans de bonnes conditions. <b>Une aire de stationnement<\/b> v\u00e9g\u00e9talis\u00e9e a \u00e9t\u00e9 construite. Gr\u00e2ce \u00e0 l\u2019acquisition d\u2019une parcelle mitoyenne de 1,8 hectare, <b>un nouvel acc\u00e8s<\/b> a \u00e9galement \u00e9t\u00e9 cr\u00e9\u00e9. Il n\u2019y aura plus besoin d\u2019emprunter l\u2019\u00e9troite rue du Ch\u00e2teau pour rejoindre le Domaine\u2026<\/p>\n<blockquote class=\"ac-article-quote wall-content\">\n<p>Si on propose une Formule 1 en termes de spectacle, il n\u2019\u00e9tait pas possible d\u2019avoir un parking o\u00f9 les gens se retrouvent les pieds dans la boue. On ne pouvait pas tripler l\u2019affluence sans pr\u00e9voir les am\u00e9nagements autour. L\u2019exp\u00e9rience, elle est totale sur une attraction de ce type. Et l\u2019exp\u00e9rience client, c\u2019est aussi pouvoir se garer dans de bonnes conditions et avoir des sanitaires propres.\u00a0<\/p>\n<p>Alexandre Rassa\u00ebrt<\/p><\/blockquote>\n<p class=\" wall-content\">Engag\u00e9 \u00e0 la fin du mois de mars\u00a02025, le chantier a permis \u00e9galement d\u2019\u00e9tendre l\u2019arboretum de collection avec<b> 150 arbres remarquables<\/b> et 450\u00a0m\u00e8tres lin\u00e9aires de haies bocag\u00e8res, et de<b> restaurer une zone humide<\/b>.<\/p>\n<p class=\" wall-content\">La pr\u00e9servation de la biodiversit\u00e9 \u00e9tait une exigence, y compris dans l\u2019utilisation de la technologie pour donner vie au parcours lumineux. Chaque installation doit se fondre harmonieusement <b>dans l\u2019environnement naturel <\/b>et r\u00e9sister aux conditions m\u00e9t\u00e9orologiques.<\/p>\n<p>Un investissement de 14,7\u00a0millions d\u2019euros<\/p>\n<p class=\" wall-content\">Arbora Lumina p\u00e8se \u00e0 lui seul<b> 5,8\u00a0millions d\u2019euros<\/b>. En comptant l\u2019ensemble du projet, c\u2019est un investissement de 14,7\u00a0millions d\u2019euros. \u00ab C\u2019est cons\u00e9quent, convient Alexandre Rassa\u00ebrt. Mais si on faisait moins, autant ne pas le faire. Soit on faisait quelque chose d\u2019exceptionnel, soit on bricolait. Et je n\u2019avais pas envie de bricoler. \u00bb<\/p>\n<p>    <img   decoding=\"async\" loading=\"lazy\" class=\"size-large\" src=\"https:\/\/www.europesays.com\/fr\/wp-content\/uploads\/2025\/11\/39939e96930962d939e96930901a39v-960x640.jpg\" alt=\"parcours lumineux\" width=\"960\" height=\"640\"\/><br \/>\n    Cette exp\u00e9rience multim\u00e9dia transporte les visiteurs dans un univers enchant\u00e9. \u00a9Oceana Lumina \u2013 Moment Factory<\/p>\n<p class=\" wall-content\">Mais \u00e0 l\u2019heure o\u00f9 les d\u00e9partements fran\u00e7ais sont confront\u00e9s <a href=\"https:\/\/actu.fr\/societe\/eure-pour-son-budget-2025-le-departement-rogne-sur-le-sport-la-culture-et-lattractivite_62423040.html\" rel=\"nofollow noopener\" target=\"_blank\">\u00e0 de s\u00e9rieuses difficult\u00e9s budg\u00e9taires<\/a>, entre chute des recettes li\u00e9es au march\u00e9 immobilier et explosion des d\u00e9penses sociales, les responsables ont-ils envisag\u00e9 de ne pas aller jusqu\u2019au bout de leur ambition pour Harcourt ?<\/p>\n<p class=\" wall-content\">\u00ab Oui, je vais \u00eatre honn\u00eate, nous r\u00e9pond le pr\u00e9sident. Ne s\u2019agissant pas d\u2019une comp\u00e9tence obligatoire, c\u2019est un des projets que nous avons <b>trait\u00e9 en priorit\u00e9<\/b> pour savoir ce que nous faisions. Nous l\u2019avons maintenu parce que nous n\u2019avons pas de grosses agglom\u00e9rations capables de porter cela. Le D\u00e9partement a donc un r\u00f4le de porter ces projets. Si nous ne le faisons pas, qui va le faire ? \u00bb<\/p>\n<p>Les tarifs du parcours lumineux<\/p>\n<p>Arbora Lumina sera ouvert du 6\u00a0d\u00e9cembre 2025 au 28\u00a0f\u00e9vrier 2026, les vendredis, samedis et dimanches. Et tous les soirs durant les vacances scolaires.<br \/>&#13;<br \/>\nLe billet de ce parcours lumineux co\u00fbtera 16\u00a0\u20ac pour les adultes en haute saison (12\u00a0\u20ac en basse saison), 8\u00a0\u20ac pour les enfants de 6 \u00e0 17\u00a0ans (6\u00a0\u20ac en basse saison), l&rsquo;entr\u00e9e \u00e9tant gratuite pour les moins de 6\u00a0ans. Un pass famille, valable pour deux adultes et deux enfants, sera disponible au prix de 40\u00a0\u20ac en haute saison (31\u00a0\u20ac en basse saison). Un tarif r\u00e9duit de 12\u00a0\u20ac est \u00e9galement pr\u00e9vu (9\u00a0\u20ac en basse saison). \u00ab\u00a0\u2009Ces tarifs sont dans la moyenne basse. Et par rapport \u00e0 ce qui se pratique ailleurs et \u00e9tant donn\u00e9 la qualit\u00e9, c&rsquo;est attractif\u2009\u00a0\u00bb, commente Alexandre Rassa\u00ebrt, le pr\u00e9sident du conseil d\u00e9partemental de l&rsquo;Eure. Les r\u00e9servations seront obligatoires, en ligne, sur le site harcourt-normandie.fr avec une jauge limit\u00e9e \u00e0 100 personnes par cr\u00e9neau.<\/p>\n<p>Cr\u00e9er de la richesse<\/p>\n<p class=\" wall-content\">Au moment o\u00f9 la crise financi\u00e8re a commenc\u00e9 \u00e0 prendre de l\u2019ampleur, plus de deux millions d\u2019euros avaient d\u00e9j\u00e0 \u00e9t\u00e9 engag\u00e9s. \u00ab S\u2019arr\u00eater, cela aurait \u00e9t\u00e9 de l\u2019argent jet\u00e9 par les fen\u00eatres. J\u2019ai quand m\u00eame demand\u00e9 <b>des efforts de plusieurs centaines de milliers d\u2019euros<\/b>, qui porteront sur le b\u00e2timent de stockage. J\u2019ai estim\u00e9 qu\u2019il y avait capacit\u00e9 \u00e0 faire moins cher. Je n\u2019ai pas voulu rogner sur la proposition artistique et sur la qualit\u00e9 d\u2019accueil. \u00bb<\/p>\n<p>    <img   decoding=\"async\" loading=\"lazy\" class=\"size-large\" src=\"https:\/\/www.europesays.com\/fr\/wp-content\/uploads\/2025\/11\/5cd0248f74096a0e0248f7409d4e02v-960x640.jpg\" alt=\"ch\u00e2teau Harcourt\" width=\"960\" height=\"640\"\/><br \/>\n    Le ch\u00e2teau m\u00e9di\u00e9val d\u2019Harcourt, un tr\u00e9sor du patrimoine normand.\u00a0 \u00a9Eveil Normand \/ Anthony Bonnet<\/p>\n<p class=\" wall-content\">L\u2019effort financier consenti doit contribuer \u00e0 soutenir le d\u00e9veloppement d\u2019Harcourt, <b>village de 1 076\u00a0habitants<\/b>. Et, plus largement, celui des communes environnantes, \u00e0 proximit\u00e9 du r\u00e9put\u00e9<a href=\"https:\/\/actu.fr\/normandie\/le-neubourg_27428\/nouveau-parking-salon-de-the-boutique-dexception-le-champ-de-bataille-entre-dans-une-nouvelle-ere_62854840.html\" rel=\"nofollow noopener\" target=\"_blank\"> domaine du Champ de Bataille <\/a>et de<a href=\"https:\/\/actu.fr\/normandie\/le-bec-hellouin_27052\/joyau-de-notre-patrimoine-labbaye-du-bec-hellouin-est-un-des-lieux-les-plus-visites-de-normandie_62055807.html\" rel=\"nofollow noopener\" target=\"_blank\"> l\u2019abbaye du Bec-Hellouin. <\/a><\/p>\n<blockquote class=\"ac-article-quote wall-content\">\n<p>Nous, notre responsabilit\u00e9 est de faire venir les touristes. Charge ensuite au tissu \u00e9conomique de se saisir de cet afflux de presque 100 000 personnes suppl\u00e9mentaires par an. Cela va forc\u00e9ment susciter des initiatives et des emplois, et c\u2019est le but aussi. Quand on investit aussi fort sur un site, nous attendons un retour sur investissement par de la cr\u00e9ation de richesses sur le territoire.\u00a0<\/p>\n<p>Alexandre Rassa\u00ebrt<\/p><\/blockquote>\n<p>Changer le regard sur la ruralit\u00e9<\/p>\n<p class=\" wall-content\">Le D\u00e9partement entend r\u00e9\u00e9quilibrer l\u2019attractivit\u00e9 dans l\u2019Eure en faisant d\u2019Harcourt <b>un centre touristique incontournable <\/b>et compl\u00e9mentaire de Giverny. \u00ab Il n\u2019y a pas que l\u2019axe Seine, m\u00eame si c\u2019est un p\u00f4le de d\u00e9veloppement formidable, abonde l\u2019\u00e9lu. Nous avons \u00e0 c\u0153ur de montrer que le d\u00e9partement compte <b>des tr\u00e9sors <\/b>qui ne sont pas sur cet axe et qui m\u00e9ritent d\u2019\u00eatre mis en valeur. \u00bb<\/p>\n<p>    <a href=\"https:\/\/www.facebook.com\/plugins\/video.php?height=476&amp;href=https%3A%2F%2Fwww.facebook.com%2Freel%2F1160171828873613%2F&amp;show_text=false&amp;width=350&amp;t=0\" title=\"Ouvrie le lien\" rel=\"nofollow noopener\" target=\"_blank\">Cliquez ici pour visualiser le contenu<\/a><\/p>\n<p class=\" wall-content\">En proposant cette <b>exp\u00e9rience familiale de tr\u00e8s haute qualit\u00e9<\/b>, l\u2019objectif est aussi de\u00a0changer le regard sur la ruralit\u00e9. \u00ab Et de la montrer telle qu\u2019elle est avec de l\u2019innovation, <b>de la modernit\u00e9,<\/b> des projets ambitieux qui fassent parler bien au-del\u00e0 de l\u2019Eure et de la Normandie, alors que j\u2019ai parfois l\u2019impression en regardant la t\u00e9l\u00e9 que l\u2019on pr\u00e9sente la ruralit\u00e9 comme si c\u2019\u00e9tait \u2018Martine \u00e0 la ferme\u2019, sourit Alexandre Rassa\u00ebrt. Arbora Lumina, c\u2019est une vitrine. \u00bb<\/p>\n<p class=\" wall-content\">\u00c0 partir du samedi 6\u00a0d\u00e9cembre, le Domaine d\u2019Harcourt entre dans une nouvelle \u00e8re.<\/p>\n<p><a href=\"https:\/\/harcourt-normandie.fr\/\" rel=\"nofollow noopener\" target=\"_blank\">https:\/\/harcourt-normandie.fr\/<\/a><\/p>\n<p class=\" wall-content\">Personnalisez votre actualit\u00e9 en ajoutant vos villes et m\u00e9dias en favori avec <a href=\"https:\/\/moncompte.actu.fr\" title=\"D\u00e9couvez Mon Actu\" rel=\"nofollow noopener\" data-trk=\"{&quot;cta&quot;:{&quot;action&quot;:&quot;https:\\\/\\\/moncompte.actu.fr&quot;,&quot;category&quot;:&quot;mon compte&quot;,&quot;from&quot;:&quot;article footer&quot;,&quot;name&quot;:&quot;Mon actu&quot;,&quot;type&quot;:&quot;cta&quot;}}\" target=\"_blank\">Mon Actu<\/a>.<\/p>\n","protected":false},"excerpt":{"rendered":"Par Anthony Bonnet Publi\u00e9 le 3 nov. 2025 \u00e0 20h00 Le Domaine d\u2019Harcourt (Eure) avait marqu\u00e9 les esprits&hellip;\n","protected":false},"author":2,"featured_media":509457,"comment_status":"","ping_status":"","sticky":false,"template":"","format":"standard","meta":{"footnotes":""},"categories":[1586],"tags":[11,1063,1777,674,1011,27,5701,1652,12,25],"class_list":{"0":"post-509456","1":"post","2":"type-post","3":"status-publish","4":"format-standard","5":"has-post-thumbnail","7":"category-europe","8":"tag-actualites","9":"tag-animations","10":"tag-eu","11":"tag-europe","12":"tag-fr","13":"tag-france","14":"tag-innovation","15":"tag-loisirs-culture","16":"tag-news","17":"tag-republique-francaise"},"share_on_mastodon":{"url":"https:\/\/pubeurope.com\/@fr\/115487328102268782","error":""},"_links":{"self":[{"href":"https:\/\/www.europesays.com\/fr\/wp-json\/wp\/v2\/posts\/509456","targetHints":{"allow":["GET"]}}],"collection":[{"href":"https:\/\/www.europesays.com\/fr\/wp-json\/wp\/v2\/posts"}],"about":[{"href":"https:\/\/www.europesays.com\/fr\/wp-json\/wp\/v2\/types\/post"}],"author":[{"embeddable":true,"href":"https:\/\/www.europesays.com\/fr\/wp-json\/wp\/v2\/users\/2"}],"replies":[{"embeddable":true,"href":"https:\/\/www.europesays.com\/fr\/wp-json\/wp\/v2\/comments?post=509456"}],"version-history":[{"count":0,"href":"https:\/\/www.europesays.com\/fr\/wp-json\/wp\/v2\/posts\/509456\/revisions"}],"wp:featuredmedia":[{"embeddable":true,"href":"https:\/\/www.europesays.com\/fr\/wp-json\/wp\/v2\/media\/509457"}],"wp:attachment":[{"href":"https:\/\/www.europesays.com\/fr\/wp-json\/wp\/v2\/media?parent=509456"}],"wp:term":[{"taxonomy":"category","embeddable":true,"href":"https:\/\/www.europesays.com\/fr\/wp-json\/wp\/v2\/categories?post=509456"},{"taxonomy":"post_tag","embeddable":true,"href":"https:\/\/www.europesays.com\/fr\/wp-json\/wp\/v2\/tags?post=509456"}],"curies":[{"name":"wp","href":"https:\/\/api.w.org\/{rel}","templated":true}]}}