{"id":50946,"date":"2025-04-25T05:10:09","date_gmt":"2025-04-25T05:10:09","guid":{"rendered":"https:\/\/www.europesays.com\/fr\/50946\/"},"modified":"2025-04-25T05:10:09","modified_gmt":"2025-04-25T05:10:09","slug":"franche-comte-contexte-economique-taxe-sur-loccasion-livres-vs-ecrans-quen-pensent-les-libraires-independants","status":"publish","type":"post","link":"https:\/\/www.europesays.com\/fr\/50946\/","title":{"rendered":"Franche-Comt\u00e9. Contexte \u00e9conomique, taxe sur l\u2019occasion, livres vs \u00e9crans\u00a0? Qu\u2019en pensent les libraires ind\u00e9pendants\u00a0?"},"content":{"rendered":"<p>Esprit es-tu l\u00e0 \u00a0? Tel est le titre de l\u2019ouvrage, tir\u00e9 \u00e0 26\u00a0000 exemplaires, offert cette ann\u00e9e aux clients des librairies participant, ce samedi, \u00e0 la 27e <a href=\"https:\/\/www.estrepublicain.fr\/culture-loisirs\/2024\/04\/23\/ils-seront-en-fete-ce-samedi-les-libraires-independants-a-livres-ouverts\" target=\"_blank\" rel=\"noopener\">F\u00eate de la librairie ind\u00e9pendante<\/a> organis\u00e9e par l\u2019association Verbe. Reste que l\u2019esprit n\u2019est pas des plus festifs dans un secteur qui, s\u2019il a \u00e9t\u00e9 faste pendant la p\u00e9riode Covid, a depuis connu une certaine \u00e9rosion.<\/p>\n<p>Ainsi, parmi la dizaine de librairies comtoises investies dans l\u2019op\u00e9ration de ce 26\u00a0avril, <a href=\"https:\/\/www.estrepublicain.fr\/culture-loisirs\/2024\/09\/17\/livres-dans-la-boucle-2024-les-coups-de-coeur-des-libraires-de-besancon-vlud\" target=\"_blank\" rel=\"noopener\">Les Sandales d\u2019Emp\u00e9docle<\/a> , \u00e0 Besan\u00e7on, parlent d\u2019un contexte \u00e9conomique \u00ab\u00a0tranquille\u2026\u00a0\u00bb quand <a href=\"https:\/\/www.estrepublicain.fr\/culture-loisirs\/2025\/03\/09\/son-livre-resonnait-avec-ce-que-je-vivais-partage-la-libraire-sandrine-jacquel-blanc\" target=\"_blank\" rel=\"noopener\">Au C\u0153ur de lettres<\/a> , \u00e0 Vesoul, le qualifie de \u00ab\u00a0pr\u00e9occupant\u00a0\u00bb. La <a href=\"https:\/\/www.estrepublicain.fr\/culture-loisirs\/2024\/09\/05\/rentree-litteraire-des-auteurs-locaux-a-retrouver-en-librairie\" target=\"_blank\" rel=\"noopener\">librairie du Chat Borgne<\/a> , \u00e0 Belfort, confirme ce caract\u00e8re \u00ab\u00a0pr\u00e9occupant\u00a0\u00bb et la Scop&#8230;<\/p>\n","protected":false},"excerpt":{"rendered":"Esprit es-tu l\u00e0 \u00a0? Tel est le titre de l\u2019ouvrage, tir\u00e9 \u00e0 26\u00a0000 exemplaires, offert cette ann\u00e9e aux&hellip;\n","protected":false},"author":2,"featured_media":50947,"comment_status":"","ping_status":"","sticky":false,"template":"","format":"standard","meta":{"footnotes":""},"categories":[1357],"tags":[10112,14382,1379,1687,58,10332,14383,14384,8698,59,1011,27,1380,2410,11058],"class_list":{"0":"post-50946","1":"post","2":"type-post","3":"status-publish","4":"format-standard","5":"has-post-thumbnail","7":"category-livres","8":"tag-besancon","9":"tag-besancon-ville-25a","10":"tag-books","11":"tag-culture-loisirs","12":"tag-divertissement","13":"tag-edition-belfort-hericourt-montbeliard","14":"tag-edition-besancon","15":"tag-edition-pontarlier-haut-doubs","16":"tag-edition-vesoul-haute-saone","17":"tag-entertainment","18":"tag-fr","19":"tag-france","20":"tag-livres","21":"tag-livres-bd","22":"tag-region-franche-comte"},"share_on_mastodon":{"url":"https:\/\/pubeurope.com\/@fr\/114396884075388932","error":""},"_links":{"self":[{"href":"https:\/\/www.europesays.com\/fr\/wp-json\/wp\/v2\/posts\/50946","targetHints":{"allow":["GET"]}}],"collection":[{"href":"https:\/\/www.europesays.com\/fr\/wp-json\/wp\/v2\/posts"}],"about":[{"href":"https:\/\/www.europesays.com\/fr\/wp-json\/wp\/v2\/types\/post"}],"author":[{"embeddable":true,"href":"https:\/\/www.europesays.com\/fr\/wp-json\/wp\/v2\/users\/2"}],"replies":[{"embeddable":true,"href":"https:\/\/www.europesays.com\/fr\/wp-json\/wp\/v2\/comments?post=50946"}],"version-history":[{"count":0,"href":"https:\/\/www.europesays.com\/fr\/wp-json\/wp\/v2\/posts\/50946\/revisions"}],"wp:featuredmedia":[{"embeddable":true,"href":"https:\/\/www.europesays.com\/fr\/wp-json\/wp\/v2\/media\/50947"}],"wp:attachment":[{"href":"https:\/\/www.europesays.com\/fr\/wp-json\/wp\/v2\/media?parent=50946"}],"wp:term":[{"taxonomy":"category","embeddable":true,"href":"https:\/\/www.europesays.com\/fr\/wp-json\/wp\/v2\/categories?post=50946"},{"taxonomy":"post_tag","embeddable":true,"href":"https:\/\/www.europesays.com\/fr\/wp-json\/wp\/v2\/tags?post=50946"}],"curies":[{"name":"wp","href":"https:\/\/api.w.org\/{rel}","templated":true}]}}