{"id":509471,"date":"2025-11-03T19:12:15","date_gmt":"2025-11-03T19:12:15","guid":{"rendered":"https:\/\/www.europesays.com\/fr\/509471\/"},"modified":"2025-11-03T19:12:15","modified_gmt":"2025-11-03T19:12:15","slug":"menee-dun-set-et-un-break-de-retard-amanda-anisimova-renverse-madison-keys-aux-finales-wta-lequipe","status":"publish","type":"post","link":"https:\/\/www.europesays.com\/fr\/509471\/","title":{"rendered":"Men\u00e9e d&#039;un set et un break de retard, Amanda Anisimova renverse Madison Keys aux Finales WTA &#8211; L&#039;\u00c9quipe"},"content":{"rendered":"<ol>\n<li><a href=\"https:\/\/news.google.com\/rss\/articles\/CBMi1wFBVV95cUxPd0NEbXdhY1pKZnRqazVzcFhqQkF5cHFTeG9LNWVPZFFacHhkNFdiUjQ2Rzg5WFlMZHc2b0Q3VWoxRm9zX29PZzFaMWZEOWtHZVJGY2h2UllzRm52SWx1N1FCX1BjUl9ucHRDRE5Fd0lBYk9GRW9sbFBaMEEtR3dVSnFCc3J6aE1LV0RQcXVCNHJ1YWczWkFJa2tYWFE0bnpWT2NWR1hfMlZfS2xfTGZUd1lvNklkbDZQeDl1ZmpRczY4TVdzRktpTVBLblFKNWtCUXhwSnB1SQ?oc=5\" target=\"_blank\" rel=\"nofollow noopener\">Men\u00e9e d&rsquo;un set et un break de retard, Amanda Anisimova renverse Madison Keys aux Finales WTA<\/a>&nbsp;&nbsp;L&rsquo;\u00c9quipe<\/li>\n<li><a href=\"https:\/\/news.google.com\/rss\/articles\/CBMi6wFBVV95cUxQeHhlQWZYX0s5YXRTMFRJek0zNXRkSk9aTDRsVXIwVDBCUV8tUDUzaGZ6bTEzMmdKTG8zY05WUllBc3dERnlTbTc4NFVDSldLUUdGSmJWeElIUXpQY1FFYTN5cERkQlhKNXc5YUpSYmdNUk80Wm56SHZtcERkT2dQZ19MdGR5c1FLVmx5T2NRbFpBYkh1V0YzLThqNm5OSDFld0NObnQzanB4aG95Yzg5ZlowOXBYMnBkaXdrcGUyd1l3VUdUUGstNUMzaW1wSV9ma2RaeHVzR1hINUM5MUhCZnRydm1MTEpTNzM0?oc=5\" target=\"_blank\" rel=\"nofollow noopener\">Swiatek surclass\u00e9e, Rybakina fonce vers le dernier carr\u00e9<\/a>&nbsp;&nbsp;Eurosport<\/li>\n<li><a href=\"https:\/\/news.google.com\/rss\/articles\/CBMipAFBVV95cUxQdTdzbWJ4eWhxT0pxNkN6ZEZ2eXNTcGhVZ1A3V09aVWtrMm5zTFRmV0lPYVN5aVRuYWZ6VFUwOVZfM0VYYldSdzJYVm9INmE0cjFUeDl2MTdaMkpVZzR6SGxpa2VLTVVzV0w0U3JPRXdUeGR4SXZ2LU1BNFdNcFZMaEhLU08yQmg4dm5kMmxyakJuWGMtOFloRVJpSTBweC1rd0VaRw?oc=5\" target=\"_blank\" rel=\"nofollow noopener\">Finales WTA &#8211; L&rsquo;incroyable finish de Rybakina<\/a>&nbsp;&nbsp;Sports &#8211; Orange<\/li>\n<li><a href=\"https:\/\/news.google.com\/rss\/articles\/CBMi0wFBVV95cUxPd05FSXh1SC14U3BHUjRHWUdvbDgwcnVmNXdHZzhzVVc2SzdXcHp6bHdWYnN5NUNLVzE2SE1NekdQRlFZUEJsWDFfMEp2cUFLZjZTU1FmeEZCN0xmNFFMd3l4dWkxZXZzM1FDOUhhSW5MXzJOcUQ4cTNKUVpJS2JxcVJhTVZRTnRncVBWZWZiSUktYmtDdFNpTTBJQjZPQ0RtaFNBbWpsZ0ZDeGxqc25DR0RieV9Ibml5RE9IaWFtUGxPLVFtakVXVTRZNkNuRVJJdDdN?oc=5\" target=\"_blank\" rel=\"nofollow noopener\">Masters WTA : Swiatek renvers\u00e9e et surclass\u00e9e par Rybakina, qui se rapproche des demi-finales<\/a>&nbsp;&nbsp;Le Figaro<\/li>\n<li><a href=\"https:\/\/news.google.com\/rss\/articles\/CBMikwJBVV95cUxOUTIyRHRZUTFPZmtXTGdvSjdLUkM5dUhHZlJoaFpzVVZqaXRncEtNLUx5a3hTTGFhMEZfbWlYNDZJNzNsU1JPYjZDWU9UdG5WSDlnWHBTUjJaVTR5VjVIb2tFRS1TRHdQVnk1YnROSFZCNkZpakNSMU96Z0JWVk12OFlmaEZGdlpIajk1ZldqdWxtaHdIYUZBQkFZTnJhWXJ6SWhJT0gyamE1TUxTS3dLYjg0MnEzNGZiekUzQThrcTBSU1dKSU1RYzVZMzFHTDUzb1FOeFhQV3hwREttUlN5SHB4QmpkRklUOHp0ekhsRHJDSUwyNWxVQXIzZFVUUkRaWDJHWkpnM3FkQ3BUbk1OcWdHZw?oc=5\" target=\"_blank\" rel=\"nofollow noopener\">WTA Finals &gt; Rybakina, apr\u00e8s avoir assomm\u00e9 Swiatek : \u00ab\u00a0J&rsquo;ai essay\u00e9 de suivre les tactiques de mon entra\u00eeneur et j&rsquo;ai pris confiance en menant dans le deuxi\u00e8me set\u00a0\u00bb<\/a>&nbsp;&nbsp;We Love Tennis<\/li>\n<\/ol>\n","protected":false},"excerpt":{"rendered":"Men\u00e9e d&rsquo;un set et un break de retard, Amanda Anisimova renverse Madison Keys aux Finales WTA&nbsp;&nbsp;L&rsquo;\u00c9quipe Swiatek surclass\u00e9e,&hellip;\n","protected":false},"author":2,"featured_media":509472,"comment_status":"","ping_status":"","sticky":false,"template":"","format":"standard","meta":{"footnotes":""},"categories":[1415],"tags":[1011,27,60,1467],"class_list":{"0":"post-509471","1":"post","2":"type-post","3":"status-publish","4":"format-standard","5":"has-post-thumbnail","7":"category-tennis","8":"tag-fr","9":"tag-france","10":"tag-sports","11":"tag-tennis"},"share_on_mastodon":{"url":"https:\/\/pubeurope.com\/@fr\/115487358495666461","error":""},"_links":{"self":[{"href":"https:\/\/www.europesays.com\/fr\/wp-json\/wp\/v2\/posts\/509471","targetHints":{"allow":["GET"]}}],"collection":[{"href":"https:\/\/www.europesays.com\/fr\/wp-json\/wp\/v2\/posts"}],"about":[{"href":"https:\/\/www.europesays.com\/fr\/wp-json\/wp\/v2\/types\/post"}],"author":[{"embeddable":true,"href":"https:\/\/www.europesays.com\/fr\/wp-json\/wp\/v2\/users\/2"}],"replies":[{"embeddable":true,"href":"https:\/\/www.europesays.com\/fr\/wp-json\/wp\/v2\/comments?post=509471"}],"version-history":[{"count":0,"href":"https:\/\/www.europesays.com\/fr\/wp-json\/wp\/v2\/posts\/509471\/revisions"}],"wp:featuredmedia":[{"embeddable":true,"href":"https:\/\/www.europesays.com\/fr\/wp-json\/wp\/v2\/media\/509472"}],"wp:attachment":[{"href":"https:\/\/www.europesays.com\/fr\/wp-json\/wp\/v2\/media?parent=509471"}],"wp:term":[{"taxonomy":"category","embeddable":true,"href":"https:\/\/www.europesays.com\/fr\/wp-json\/wp\/v2\/categories?post=509471"},{"taxonomy":"post_tag","embeddable":true,"href":"https:\/\/www.europesays.com\/fr\/wp-json\/wp\/v2\/tags?post=509471"}],"curies":[{"name":"wp","href":"https:\/\/api.w.org\/{rel}","templated":true}]}}