{"id":509473,"date":"2025-11-03T19:16:17","date_gmt":"2025-11-03T19:16:17","guid":{"rendered":"https:\/\/www.europesays.com\/fr\/509473\/"},"modified":"2025-11-03T19:16:17","modified_gmt":"2025-11-03T19:16:17","slug":"deux-arrivees-au-team-gedzilla-com-actualite","status":"publish","type":"post","link":"https:\/\/www.europesays.com\/fr\/509473\/","title":{"rendered":"Deux arriv\u00e9es au Team GedZilla.com &#8211; Actualit\u00e9"},"content":{"rendered":"<p style=\"text-align: justify;\">L&rsquo;U23 Cycling Project Team GedZilla.com annonce une cinqui\u00e8me et sixi\u00e8me arriv\u00e9es pour la saison 2026. Jules Gallerne (VC Sundgovia Altkirch) et Paul Muller (Entente Cycliste Colmar) rejoignent l&rsquo;entente de N3.<\/p>\n<p>Jules Gallerne (notre photo), 21 ans, a termin\u00e9 cette saison 2e du Grand Prix de Vendenheim, 5e du Crit\u00e9rium de Saint-Louis, 8e du Grand Prix de la Fromagerie Fischer ou encore 10e du Grand Prix de Villech\u00e9tif. Jules Gallerne a d\u00e9j\u00e0 effectu\u00e9 une pige chez le Team GedZilla.com aux 3 Jours de Cherbourg en fin de saison.\u00a0 <a href=\"https:\/\/www.directvelo.com\/actualite\/124883\/augustin-gallerne-en-n3\" target=\"_blank\" rel=\"noopener\"><strong>Il va retrouver son fr\u00e8re Augustin dans la N3<\/strong><\/a>.<\/p>\n<p>Paul Muller, Junior cette ann\u00e9e, a termin\u00e9 6e du Grand Prix de Soultz-sous-For\u00eats avec les Elites. Il s&rsquo;est aussi class\u00e9 6e d&rsquo;une \u00e9tape du Tour du L\u00e9man Juniors (17e du g\u00e9n\u00e9ral) ou encore 15e d&rsquo;A Travers le Beaujolais (F\u00e9d\u00e9rale Juniors), avec une 7e place d&rsquo;\u00e9tape.<\/p>\n<p>Suivez toutes les mutations de l&rsquo;hiver <a href=\"https:\/\/www.directvelo.com\/mutations\/2026#amateur-dn3\" target=\"_blank\" rel=\"noopener\"><strong>en cliquant ici<\/strong><\/a>.\u00a0<\/p>\n","protected":false},"excerpt":{"rendered":"L&rsquo;U23 Cycling Project Team GedZilla.com annonce une cinqui\u00e8me et sixi\u00e8me arriv\u00e9es pour la saison 2026. Jules Gallerne (VC&hellip;\n","protected":false},"author":2,"featured_media":509474,"comment_status":"","ping_status":"","sticky":false,"template":"","format":"standard","meta":{"footnotes":""},"categories":[1411],"tags":[834,828,836,829,837,827,83,826,824,823,1154,207,814,817,815,816,822,821,832,211,839,1011,27,820,818,819,835,831,830,833,838,60,212,208,825],"class_list":{"0":"post-509473","1":"post","2":"type-post","3":"status-publish","4":"format-standard","5":"has-post-thumbnail","7":"category-cyclisme","8":"tag-attaque","9":"tag-belgique","10":"tag-braquet","11":"tag-bretagne","12":"tag-chute","13":"tag-competition","14":"tag-coupe-de-france","15":"tag-coureur","16":"tag-course-cyclisme","17":"tag-course-cycliste","18":"tag-cycling","19":"tag-cyclisme","20":"tag-direct","21":"tag-direct-velo","22":"tag-directvelo","23":"tag-directvelo-com","24":"tag-epreuve","25":"tag-epreuve-cycliste","26":"tag-federation-francaise-de-cyclisme","27":"tag-ffc","28":"tag-flandres","29":"tag-fr","30":"tag-france","31":"tag-live","32":"tag-live-course","33":"tag-live-epreuve","34":"tag-peloton","35":"tag-radio-peloton","36":"tag-radio-tour","37":"tag-ravitaillement","38":"tag-relance","39":"tag-sports","40":"tag-uci","41":"tag-velo","42":"tag-velos"},"share_on_mastodon":{"url":"https:\/\/pubeurope.com\/@fr\/115487374358343179","error":""},"_links":{"self":[{"href":"https:\/\/www.europesays.com\/fr\/wp-json\/wp\/v2\/posts\/509473","targetHints":{"allow":["GET"]}}],"collection":[{"href":"https:\/\/www.europesays.com\/fr\/wp-json\/wp\/v2\/posts"}],"about":[{"href":"https:\/\/www.europesays.com\/fr\/wp-json\/wp\/v2\/types\/post"}],"author":[{"embeddable":true,"href":"https:\/\/www.europesays.com\/fr\/wp-json\/wp\/v2\/users\/2"}],"replies":[{"embeddable":true,"href":"https:\/\/www.europesays.com\/fr\/wp-json\/wp\/v2\/comments?post=509473"}],"version-history":[{"count":0,"href":"https:\/\/www.europesays.com\/fr\/wp-json\/wp\/v2\/posts\/509473\/revisions"}],"wp:featuredmedia":[{"embeddable":true,"href":"https:\/\/www.europesays.com\/fr\/wp-json\/wp\/v2\/media\/509474"}],"wp:attachment":[{"href":"https:\/\/www.europesays.com\/fr\/wp-json\/wp\/v2\/media?parent=509473"}],"wp:term":[{"taxonomy":"category","embeddable":true,"href":"https:\/\/www.europesays.com\/fr\/wp-json\/wp\/v2\/categories?post=509473"},{"taxonomy":"post_tag","embeddable":true,"href":"https:\/\/www.europesays.com\/fr\/wp-json\/wp\/v2\/tags?post=509473"}],"curies":[{"name":"wp","href":"https:\/\/api.w.org\/{rel}","templated":true}]}}