{"id":509479,"date":"2025-11-03T19:19:17","date_gmt":"2025-11-03T19:19:17","guid":{"rendered":"https:\/\/www.europesays.com\/fr\/509479\/"},"modified":"2025-11-03T19:19:17","modified_gmt":"2025-11-03T19:19:17","slug":"des-effets-devastateurs-le-monde-culturel-vent-debout-contre-la-taxation-des-oeuvres-dart","status":"publish","type":"post","link":"https:\/\/www.europesays.com\/fr\/509479\/","title":{"rendered":"\u00ab\u00a0Des effets d\u00e9vastateurs\u00a0\u00bb\u00a0:\u00a0le monde culturel vent debout contre la taxation des \u0153uvres d\u2019art"},"content":{"rendered":"<p>\n    <strong>D\u00c9CRYPTAGE <\/strong>&#8211; Adopt\u00e9 vendredi, un amendement au budget 2026 transformant l\u2019imp\u00f4t sur la fortune immobili\u00e8re et permettant d\u2019int\u00e9grer nombre de biens de collection a fait imm\u00e9diatement r\u00e9agir le march\u00e9 de l\u2019art.<\/p>\n<p class=\"fig-paragraph\">Dans le viseur, le sujet r\u00e9current de<a href=\"https:\/\/www.lefigaro.fr\/conjoncture\/approuvez-vous-le-projet-de-taxer-les-bijoux-et-oeuvres-d-art-adopte-par-l-assemblee-nationale-20251102\" data-fig-type=\"Poll\" data-gtm-custom-categorie=\"navigation\" data-gtm-custom-action=\"crossclick\" data-gtm-custom-label=\"Contextuel\" data-gtm-event=\"customEventSPE\" data-fig-domain=\"LEFIGARO\" target=\"_blank\" rel=\"noopener\">\u00a0taxer les \u0153uvres d\u2019art\u00a0<\/a>revient comme un marronnier. Cette fois, c\u2019est du s\u00e9rieux. Jusque-l\u00e0 \u00e9pargn\u00e9es, celles-ci pourraient \u00eatre assujetties \u00e0 l\u2019IFI \u00ab\u00a0nouvelle formule\u00a0\u00bb en cours de discussion pour le vote du\u00a0<a href=\"https:\/\/www.lefigaro.fr\/politique\/en-direct-budget-2026-lecornu-recoit-les-presidents-de-groupe-alors-que-reprennent-les-debats-sur-le-volet-recettes-20251103\" data-fig-type=\"Live\" data-gtm-custom-categorie=\"navigation\" data-gtm-custom-action=\"crossclick\" data-gtm-custom-label=\"Contextuel\" data-gtm-event=\"customEventSPE\" data-fig-domain=\"LEFIGARO\" target=\"_blank\" rel=\"noopener\">budget 2026<\/a>. Les r\u00e9actions ont d\u00e9ferl\u00e9 ce week-end, apr\u00e8s l\u2019adoption, vendredi soir, d\u2019un amendement transformant l\u2019imp\u00f4t sur la fortune immobili\u00e8re &#8211;\u00a0qui a remplac\u00e9 l\u2019ISF en 2018\u00a0&#8211; en\u00a0<a href=\"http:\/\/www.lefigaro.fr\/economie\/taxation-des-bijoux-livrets-oeuvres-d-art-applique-strictement-cet-impot-sur-la-fortune-improductive-serait-de-la-folie-juge-olivier-babeau-20251101\" data-fig-type=\"Article\" data-gtm-custom-categorie=\"navigation\" data-gtm-custom-action=\"crossclick\" data-gtm-custom-label=\"Contextuel\" data-gtm-event=\"customEventSPE\" data-fig-domain=\"LEFIGARO\" target=\"_blank\" rel=\"noopener\">\u00ab\u00a0imp\u00f4t sur la fortune improductive\u00a0\u00bb<\/a>, pouvant d\u00e9sormais int\u00e9grer les objets d\u2019art et d\u2019antiquit\u00e9 et les biens de collection. Toute la profession avec le monde culturel est vent debout et d\u00e9nonce un \u00ab\u00a0grand marchandage entre les partis initi\u00e9 par le MoDem alli\u00e9 au PS et adopt\u00e9 avec les voix du RN\u00a0\u00bb. Pour certains, ce texte n\u2019a pas mesur\u00e9 les cons\u00e9quences d\u00e9sastreuses sur notre pays, son \u00e9cosyst\u00e8me culturel redevenu pourtant attractif et son soft power strat\u00e9giquement indispensable dans un march\u00e9 mondialis\u00e9 hyperconcurrentiel.<\/p>\n<p class=\"fig-paragraph\">Peut-\u00eatre pire encore\u2026<\/p>\n<p class=\"fig-premium-paywall__infos\">\n        Cet article est r\u00e9serv\u00e9 aux abonn\u00e9s.        Il vous reste 87% \u00e0 d\u00e9couvrir.\n    <\/p>\n<p>                <img  data- alt=\"Le Figaro\" class=\"fig-img--complete fig-img\"\/><\/p>\n<p class=\"fig-premium-paywall__title\">Vous avez envie de lire la suite ?<\/p>\n<p class=\"fig-premium-paywall__subtitle\">D\u00e9bloquez tous les articles imm\u00e9diatement.<\/p>\n<p class=\"fig-premium-paywall__connect\">\n                D\u00e9j\u00e0 abonn\u00e9\u00a0?                <a class=\"fig-premium-paywall__connect-link\" href=\"https:\/\/connect.lefigaro.fr\/login?client=horizon_web&amp;type=main&amp;redirect_uri=https%3A%2F%2Fwww.lefigaro.fr%2Farts-expositions%2Fdes-effets-devastateurs-le-monde-culturel-vent-debout-contre-la-taxation-des-oeuvres-d-art-20251103\" data-js-gtm=\"{&quot;customCategorie&quot;: &quot;conversion&quot;, &quot;customAction&quot;: &quot;before_Landing_Connexion_paywall_auto&quot;, &quot;customLabel&quot;: &quot;bGVmaWdhcm8uZnJfXzFmMGI3ZWVhLWJhNTgtNmZhNC1iNGIxLTJkOTczODA4YmQzZl9fQXJ0aWNsZQ==_\u00ab\u00a0Des effets d\u00e9vastateurs\u00a0\u00bb\u00a0:\u00a0le monde culturel vent debout contre la taxation des \u0153uvres d\u2019art_22&quot;, &quot;customIDSPE&quot;: &quot;bGVmaWdhcm8uZnJfXzFmMGI3ZWVhLWJhNTgtNmZhNC1iNGIxLTJkOTczODA4YmQzZl9fQXJ0aWNsZQ==&quot;, &quot;event&quot;: &quot;customEventSPE&quot;}\" target=\"_blank\" rel=\"noopener\"><br \/>\n                    Connectez-vous<br \/>\n                <\/a>\n            <\/p>\n","protected":false},"excerpt":{"rendered":"D\u00c9CRYPTAGE &#8211; Adopt\u00e9 vendredi, un amendement au budget 2026 transformant l\u2019imp\u00f4t sur la fortune immobili\u00e8re et permettant d\u2019int\u00e9grer&hellip;\n","protected":false},"author":2,"featured_media":509480,"comment_status":"","ping_status":"","sticky":false,"template":"","format":"standard","meta":{"footnotes":""},"categories":[1358],"tags":[1348,1384,1385,1003,1386,58,59,1011,27,342,2549],"class_list":{"0":"post-509479","1":"post","2":"type-post","3":"status-publish","4":"format-standard","5":"has-post-thumbnail","7":"category-arts-et-design","8":"tag-arts","9":"tag-arts-and-design","10":"tag-arts-et-design","11":"tag-budget","12":"tag-design","13":"tag-divertissement","14":"tag-entertainment","15":"tag-fr","16":"tag-france","17":"tag-impots","18":"tag-taxe"},"share_on_mastodon":{"url":"https:\/\/pubeurope.com\/@fr\/115487386041566092","error":""},"_links":{"self":[{"href":"https:\/\/www.europesays.com\/fr\/wp-json\/wp\/v2\/posts\/509479","targetHints":{"allow":["GET"]}}],"collection":[{"href":"https:\/\/www.europesays.com\/fr\/wp-json\/wp\/v2\/posts"}],"about":[{"href":"https:\/\/www.europesays.com\/fr\/wp-json\/wp\/v2\/types\/post"}],"author":[{"embeddable":true,"href":"https:\/\/www.europesays.com\/fr\/wp-json\/wp\/v2\/users\/2"}],"replies":[{"embeddable":true,"href":"https:\/\/www.europesays.com\/fr\/wp-json\/wp\/v2\/comments?post=509479"}],"version-history":[{"count":0,"href":"https:\/\/www.europesays.com\/fr\/wp-json\/wp\/v2\/posts\/509479\/revisions"}],"wp:featuredmedia":[{"embeddable":true,"href":"https:\/\/www.europesays.com\/fr\/wp-json\/wp\/v2\/media\/509480"}],"wp:attachment":[{"href":"https:\/\/www.europesays.com\/fr\/wp-json\/wp\/v2\/media?parent=509479"}],"wp:term":[{"taxonomy":"category","embeddable":true,"href":"https:\/\/www.europesays.com\/fr\/wp-json\/wp\/v2\/categories?post=509479"},{"taxonomy":"post_tag","embeddable":true,"href":"https:\/\/www.europesays.com\/fr\/wp-json\/wp\/v2\/tags?post=509479"}],"curies":[{"name":"wp","href":"https:\/\/api.w.org\/{rel}","templated":true}]}}