{"id":509482,"date":"2025-11-03T19:22:15","date_gmt":"2025-11-03T19:22:15","guid":{"rendered":"https:\/\/www.europesays.com\/fr\/509482\/"},"modified":"2025-11-03T19:22:15","modified_gmt":"2025-11-03T19:22:15","slug":"its-tiiiime-mariah-carey-lance-officiellement-la-saison-de-noel","status":"publish","type":"post","link":"https:\/\/www.europesays.com\/fr\/509482\/","title":{"rendered":"\u00ab\u00a0It&rsquo;s tiiiime\u00a0!\u00a0\u00bb: Mariah Carey lance officiellement la saison de No\u00ebl"},"content":{"rendered":"<p class=\"ap-StoryElement ap-StoryElement--mb ap-StoryText\">Chaque ann\u00e9e, on ne peut y \u00e9chapper. \u00c0 peine les citrouilles et fant\u00f4mes d&rsquo;Halloween rang\u00e9s, Mariah Carey lance la saison de No\u00ebl. La star am\u00e9ricaine s&rsquo;est mise en sc\u00e8ne dans une nouvelle vid\u00e9o remplie d&rsquo;humour pour d\u00e9marrer les festivit\u00e9s.<\/p>\n<p class=\"ap-StoryElement ap-StoryElement--mb ap-StoryText\">Habill\u00e9e en ange, on la voit \u00e9tonn\u00e9e d&rsquo;apprendre par un elfe, interpr\u00e9t\u00e9 par l&rsquo;acteur Billy Eichner, que No\u00ebl a \u00e9t\u00e9 annul\u00e9 cette ann\u00e9e. Une annonce qui ne passe \u00e9videmment pas pour la diva qui renverse la situation en lan\u00e7ant son fameux \u00ab\u00a0It&rsquo;s Tiiiime !\u00a0\u00bb. L&rsquo;elfe est aussit\u00f4t transform\u00e9 en bonhomme de neige et elle, se retrouve en costume de m\u00e8re No\u00ebl aux commandes d&rsquo;un tra\u00eeneau port\u00e9 par des rennes. Le tout sur le son d&rsquo;<a href=\"https:\/\/www.dhnet.be\/medias\/musique\/2025\/03\/21\/all-i-want-for-christmas-is-you-la-victoire-de-mariah-carey-WKY4F3GT5NGP5OE27XZDFSNR7U\/\" target=\"_self\" rel=\"noopener\">All I Want For Christmas is You<\/a>, tube qui, sorti en 1994, est devenu un \u2013 si pas LE \u2013 v\u00e9ritable hymne de No\u00ebl qui bat les records d&rsquo;\u00e9coute sur les plateformes musicales.<\/p>\n","protected":false},"excerpt":{"rendered":"Chaque ann\u00e9e, on ne peut y \u00e9chapper. \u00c0 peine les citrouilles et fant\u00f4mes d&rsquo;Halloween rang\u00e9s, Mariah Carey lance&hellip;\n","protected":false},"author":2,"featured_media":509483,"comment_status":"","ping_status":"","sticky":false,"template":"","format":"standard","meta":{"footnotes":""},"categories":[1355],"tags":[38240,58,59,1011,27,34115,1361,873,15830],"class_list":{"0":"post-509482","1":"post","2":"type-post","3":"status-publish","4":"format-standard","5":"has-post-thumbnail","7":"category-musique","8":"tag-christmas","9":"tag-divertissement","10":"tag-entertainment","11":"tag-fr","12":"tag-france","13":"tag-mariah-carey","14":"tag-music","15":"tag-musique","16":"tag-noel"},"share_on_mastodon":{"url":"https:\/\/pubeurope.com\/@fr\/115487397804577626","error":""},"_links":{"self":[{"href":"https:\/\/www.europesays.com\/fr\/wp-json\/wp\/v2\/posts\/509482","targetHints":{"allow":["GET"]}}],"collection":[{"href":"https:\/\/www.europesays.com\/fr\/wp-json\/wp\/v2\/posts"}],"about":[{"href":"https:\/\/www.europesays.com\/fr\/wp-json\/wp\/v2\/types\/post"}],"author":[{"embeddable":true,"href":"https:\/\/www.europesays.com\/fr\/wp-json\/wp\/v2\/users\/2"}],"replies":[{"embeddable":true,"href":"https:\/\/www.europesays.com\/fr\/wp-json\/wp\/v2\/comments?post=509482"}],"version-history":[{"count":0,"href":"https:\/\/www.europesays.com\/fr\/wp-json\/wp\/v2\/posts\/509482\/revisions"}],"wp:featuredmedia":[{"embeddable":true,"href":"https:\/\/www.europesays.com\/fr\/wp-json\/wp\/v2\/media\/509483"}],"wp:attachment":[{"href":"https:\/\/www.europesays.com\/fr\/wp-json\/wp\/v2\/media?parent=509482"}],"wp:term":[{"taxonomy":"category","embeddable":true,"href":"https:\/\/www.europesays.com\/fr\/wp-json\/wp\/v2\/categories?post=509482"},{"taxonomy":"post_tag","embeddable":true,"href":"https:\/\/www.europesays.com\/fr\/wp-json\/wp\/v2\/tags?post=509482"}],"curies":[{"name":"wp","href":"https:\/\/api.w.org\/{rel}","templated":true}]}}